{"id":1030,"date":"2022-07-13T08:28:12","date_gmt":"2022-07-13T06:28:12","guid":{"rendered":"http:\/\/127.0.0.1\/GAimport\/2022\/07\/13\/se-mobilise-avec-renault\/"},"modified":"2025-01-21T16:32:59","modified_gmt":"2025-01-21T15:32:59","slug":"se-mobilise-avec-renault","status":"publish","type":"post","link":"https:\/\/bu.optimum-automotive.com\/de\/mobilisiert-sich-mit-renault\/","title":{"rendered":"OPTIMUM MACHT MIT RENAULT MOBIL"},"content":{"rendered":"<div class=\"wp-block-image\">\n<figure class=\"aligncenter size-full\"><img loading=\"lazy\" decoding=\"async\" width=\"541\" height=\"125\" src=\"https:\/\/bu.optimum-automotive.com\/wp-content\/uploads\/2024\/05\/02-15.jpg\" alt=\"\" class=\"wp-image-1496\" srcset=\"https:\/\/bu.optimum-automotive.com\/wp-content\/uploads\/2024\/05\/02-15.jpg 541w, https:\/\/bu.optimum-automotive.com\/wp-content\/uploads\/2024\/05\/02-15-300x69.jpg 300w\" sizes=\"auto, (max-width: 541px) 100vw, 541px\" \/><\/figure><\/div>\n\n\n<h2 class=\"wp-block-heading\">Optimum gibt bekannt, dass die Integration des neuen nativen Steuerger\u00e4ts, das von der Renault Group f\u00fcr die Ausstattung des Gro\u00dfteils ihrer Pkw- und SUV-Palette ausgew\u00e4hlt wurde, abgeschlossen ist.<\/h2>\n\n\n\n<p>Diese Box mit der Bezeichnung IVC wird den Fuhrparkmanagern, die die von Optimum Automotive hergestellten L\u00f6sungen nutzen, alle n\u00fctzlichen Informationen \u00fcbermitteln, insbesondere den Kilometerstand, den Energieverbrauch, den n\u00e4chsten Wartungstermin und die Warnungen auf dem Armaturenbrett des Fahrzeugs.<\/p>\n\n\n\n<p><strong>Durch diese Arbeit wird Optimum einer der ersten Partner der Renault Group, die in das Mobilize Fleet Data Eco-System integriert werden.<\/strong><\/p>\n\n\n\n<p><\/p>","protected":false},"excerpt":{"rendered":"<p>Optimum gibt bekannt, dass die Integration des neuen nativen Steuerger\u00e4ts, das von der Renault Group f\u00fcr die Ausstattung des Gro\u00dfteils ihrer Pkw- und Nutzfahrzeugpalette ausgew\u00e4hlt wurde, abgeschlossen ist. Diese Box mit der Bezeichnung IVC wird den Fuhrparkmanagern, die die von Optimum Automotive hergestellten L\u00f6sungen nutzen, alle n\u00fctzlichen Informationen liefern, insbesondere den Kilometerstand, den Energieverbrauch, die [...]].<\/p>","protected":false},"author":1,"featured_media":1498,"comment_status":"closed","ping_status":"open","sticky":false,"template":"","format":"standard","meta":{"_coblocks_attr":"","_coblocks_dimensions":"","_coblocks_responsive_height":"","_coblocks_accordion_ie_support":"","_uag_custom_page_level_css":"","footnotes":""},"categories":[4],"tags":[],"class_list":["post-1030","post","type-post","status-publish","format-standard","has-post-thumbnail","hentry","category-actualites"],"uagb_featured_image_src":{"full":["https:\/\/bu.optimum-automotive.com\/wp-content\/uploads\/2022\/07\/arton413.jpg",431,252,false],"thumbnail":["https:\/\/bu.optimum-automotive.com\/wp-content\/uploads\/2022\/07\/arton413-150x150.jpg",150,150,true],"medium":["https:\/\/bu.optimum-automotive.com\/wp-content\/uploads\/2022\/07\/arton413-300x175.jpg",300,175,true],"medium_large":["https:\/\/bu.optimum-automotive.com\/wp-content\/uploads\/2022\/07\/arton413.jpg",431,252,false],"large":["https:\/\/bu.optimum-automotive.com\/wp-content\/uploads\/2022\/07\/arton413.jpg",431,252,false],"1536x1536":["https:\/\/bu.optimum-automotive.com\/wp-content\/uploads\/2022\/07\/arton413.jpg",431,252,false],"2048x2048":["https:\/\/bu.optimum-automotive.com\/wp-content\/uploads\/2022\/07\/arton413.jpg",431,252,false],"trp-custom-language-flag":["https:\/\/bu.optimum-automotive.com\/wp-content\/uploads\/2022\/07\/arton413.jpg",18,12,false]},"uagb_author_info":{"display_name":"camaleon","author_link":"https:\/\/bu.optimum-automotive.com\/de\/author\/camaleon\/"},"uagb_comment_info":0,"uagb_excerpt":"Optimum annonce avoir termin\u00e9 l\u2019int\u00e9gration du nouveau bo\u00eetier natif choisi par Renault Group pour \u00e9quiper l\u2019essentiel de sa gamme VP et VU. Ce bo\u00eetier, r\u00e9pondant \u00e0 l\u2019appellation IVC, permettra de remonter toutes les informations utiles aux gestionnaires de parc, utilisateurs des solutions produites par Optimum Automotive et notamment, le kilom\u00e9trage compteur, la consommation d\u2019\u00e9nergie, la&hellip;","_links":{"self":[{"href":"https:\/\/bu.optimum-automotive.com\/de\/wp-json\/wp\/v2\/posts\/1030","targetHints":{"allow":["GET"]}}],"collection":[{"href":"https:\/\/bu.optimum-automotive.com\/de\/wp-json\/wp\/v2\/posts"}],"about":[{"href":"https:\/\/bu.optimum-automotive.com\/de\/wp-json\/wp\/v2\/types\/post"}],"author":[{"embeddable":true,"href":"https:\/\/bu.optimum-automotive.com\/de\/wp-json\/wp\/v2\/users\/1"}],"replies":[{"embeddable":true,"href":"https:\/\/bu.optimum-automotive.com\/de\/wp-json\/wp\/v2\/comments?post=1030"}],"version-history":[{"count":2,"href":"https:\/\/bu.optimum-automotive.com\/de\/wp-json\/wp\/v2\/posts\/1030\/revisions"}],"predecessor-version":[{"id":5429,"href":"https:\/\/bu.optimum-automotive.com\/de\/wp-json\/wp\/v2\/posts\/1030\/revisions\/5429"}],"wp:featuredmedia":[{"embeddable":true,"href":"https:\/\/bu.optimum-automotive.com\/de\/wp-json\/wp\/v2\/media\/1498"}],"wp:attachment":[{"href":"https:\/\/bu.optimum-automotive.com\/de\/wp-json\/wp\/v2\/media?parent=1030"}],"wp:term":[{"taxonomy":"category","embeddable":true,"href":"https:\/\/bu.optimum-automotive.com\/de\/wp-json\/wp\/v2\/categories?post=1030"},{"taxonomy":"post_tag","embeddable":true,"href":"https:\/\/bu.optimum-automotive.com\/de\/wp-json\/wp\/v2\/tags?post=1030"}],"curies":[{"name":"wp","href":"https:\/\/api.w.org\/{rel}","templated":true}]}}