{"id":1058,"date":"2023-11-16T14:13:35","date_gmt":"2023-11-16T13:13:35","guid":{"rendered":"http:\/\/127.0.0.1\/GAimport\/2023\/11\/16\/sur-le-fleet-europe-summit\/"},"modified":"2025-01-21T16:15:31","modified_gmt":"2025-01-21T15:15:31","slug":"sur-le-fleet-europe-summit","status":"publish","type":"post","link":"https:\/\/bu.optimum-automotive.com\/de\/auf-dem-fleet-europe-summit\/","title":{"rendered":"Optimum Automotive auf dem FLEET EUROPE SUMMIT vertreten"},"content":{"rendered":"<p>Optimum Automotive stellt am 22. und 23. November 2023 auf der Messe aus <strong>FLEET EUROPE SUMMIT<\/strong>, die in <strong>Lissabon am 22. und 23. November <\/strong> n\u00e4chsten. Diese Gro\u00dfveranstaltung bringt die wichtigsten Akteure des Flottenmanagements auf europ\u00e4ischer Ebene zusammen. <strong>Mehr als 300 europ\u00e4ische Parkmanager werden auf dieser Veranstaltung erwartet!<\/strong><\/p>\n\n\n\n<p>\u00dcber unsere Pr\u00e4senz im Ausstellungsraum hinaus, <strong>Daniel VASSALLUCCI<\/strong>wird an einer Plenarkonferenz zum Thema \"\" teilnehmen.<strong>Connected Technology<\/strong>\".<\/p>\n\n\n<div class=\"wp-block-image\">\n<figure class=\"aligncenter size-full\"><img loading=\"lazy\" decoding=\"async\" width=\"500\" height=\"262\" src=\"https:\/\/bu.optimum-automotive.com\/wp-content\/uploads\/2024\/05\/vassallucci_summit_1200x627-afee0.png\" alt=\"\" class=\"wp-image-1108\" srcset=\"https:\/\/bu.optimum-automotive.com\/wp-content\/uploads\/2024\/05\/vassallucci_summit_1200x627-afee0.png 500w, https:\/\/bu.optimum-automotive.com\/wp-content\/uploads\/2024\/05\/vassallucci_summit_1200x627-afee0-300x157.png 300w\" sizes=\"auto, (max-width: 500px) 100vw, 500px\" \/><\/figure><\/div>","protected":false},"excerpt":{"rendered":"<p>Optimum Automotive stellt am 22. und 23. November 2023 auf der Messe FLEET EUROPE SUMMIT in Lissabon aus. Diese Gro\u00dfveranstaltung bringt die wichtigsten Akteure des Fuhrparkmanagements auf europ\u00e4ischer Ebene zusammen. Mehr als 300 europ\u00e4ische Fuhrparkmanager werden zu dieser Veranstaltung erwartet! \u00dcber [...] hinaus<\/p>","protected":false},"author":1,"featured_media":1106,"comment_status":"closed","ping_status":"open","sticky":false,"template":"","format":"standard","meta":{"_coblocks_attr":"","_coblocks_dimensions":"","_coblocks_responsive_height":"","_coblocks_accordion_ie_support":"","_uag_custom_page_level_css":"","footnotes":""},"categories":[4],"tags":[],"class_list":["post-1058","post","type-post","status-publish","format-standard","has-post-thumbnail","hentry","category-actualites"],"uagb_featured_image_src":{"full":["https:\/\/bu.optimum-automotive.com\/wp-content\/uploads\/2023\/11\/arton426.jpg",431,252,false],"thumbnail":["https:\/\/bu.optimum-automotive.com\/wp-content\/uploads\/2023\/11\/arton426-150x150.jpg",150,150,true],"medium":["https:\/\/bu.optimum-automotive.com\/wp-content\/uploads\/2023\/11\/arton426-300x175.jpg",300,175,true],"medium_large":["https:\/\/bu.optimum-automotive.com\/wp-content\/uploads\/2023\/11\/arton426.jpg",431,252,false],"large":["https:\/\/bu.optimum-automotive.com\/wp-content\/uploads\/2023\/11\/arton426.jpg",431,252,false],"1536x1536":["https:\/\/bu.optimum-automotive.com\/wp-content\/uploads\/2023\/11\/arton426.jpg",431,252,false],"2048x2048":["https:\/\/bu.optimum-automotive.com\/wp-content\/uploads\/2023\/11\/arton426.jpg",431,252,false],"trp-custom-language-flag":["https:\/\/bu.optimum-automotive.com\/wp-content\/uploads\/2023\/11\/arton426.jpg",18,12,false]},"uagb_author_info":{"display_name":"camaleon","author_link":"https:\/\/bu.optimum-automotive.com\/de\/author\/camaleon\/"},"uagb_comment_info":0,"uagb_excerpt":"Optimum Automotive s\u2019expose les 22 et 23 novembre 2023 sur le salon FLEET EUROPE SUMMIT, qui se d\u00e9roulera \u00e0 Lisbonne les 22 et 23 novembre prochain. Cette manifestation d\u2019ampleur regroupe les principaux acteurs de la gestion de flotte \u00e0 l\u2019\u00e9chelle Europ\u00e9enne. Plus de 300 gestionnaires de parc europ\u00e9ens sont attendus sur cet \u00e9v\u00e9nement ! Au-del\u00e0&hellip;","_links":{"self":[{"href":"https:\/\/bu.optimum-automotive.com\/de\/wp-json\/wp\/v2\/posts\/1058","targetHints":{"allow":["GET"]}}],"collection":[{"href":"https:\/\/bu.optimum-automotive.com\/de\/wp-json\/wp\/v2\/posts"}],"about":[{"href":"https:\/\/bu.optimum-automotive.com\/de\/wp-json\/wp\/v2\/types\/post"}],"author":[{"embeddable":true,"href":"https:\/\/bu.optimum-automotive.com\/de\/wp-json\/wp\/v2\/users\/1"}],"replies":[{"embeddable":true,"href":"https:\/\/bu.optimum-automotive.com\/de\/wp-json\/wp\/v2\/comments?post=1058"}],"version-history":[{"count":2,"href":"https:\/\/bu.optimum-automotive.com\/de\/wp-json\/wp\/v2\/posts\/1058\/revisions"}],"predecessor-version":[{"id":5416,"href":"https:\/\/bu.optimum-automotive.com\/de\/wp-json\/wp\/v2\/posts\/1058\/revisions\/5416"}],"wp:featuredmedia":[{"embeddable":true,"href":"https:\/\/bu.optimum-automotive.com\/de\/wp-json\/wp\/v2\/media\/1106"}],"wp:attachment":[{"href":"https:\/\/bu.optimum-automotive.com\/de\/wp-json\/wp\/v2\/media?parent=1058"}],"wp:term":[{"taxonomy":"category","embeddable":true,"href":"https:\/\/bu.optimum-automotive.com\/de\/wp-json\/wp\/v2\/categories?post=1058"},{"taxonomy":"post_tag","embeddable":true,"href":"https:\/\/bu.optimum-automotive.com\/de\/wp-json\/wp\/v2\/tags?post=1058"}],"curies":[{"name":"wp","href":"https:\/\/api.w.org\/{rel}","templated":true}]}}