{"id":4903,"date":"2021-11-19T16:16:47","date_gmt":"2021-11-19T15:16:47","guid":{"rendered":"https:\/\/blog.optimum-automotive.com\/?p=1735"},"modified":"2025-01-21T15:44:29","modified_gmt":"2025-01-21T14:44:29","slug":"reduction-de-lempreinte-carbone-de-levidence-a-lexigence","status":"publish","type":"post","link":"https:\/\/bu.optimum-automotive.com\/de\/reduzierung-des-kohlenstofffusabdrucks-von-levidence-to-demand\/","title":{"rendered":"Welche Alternativen gibt es zu Dienstwagen und Kilometergeld?"},"content":{"rendered":"<h2 class=\"wp-block-heading\"><strong>Reduzierung des CO2-Fu\u00dfabdrucks: Von der Selbstverst\u00e4ndlichkeit zur Forderung!<\/strong><\/h2>\n\n\n\n<p>Wir sehen es jeden Tag aufs Neue: Der Klimawandel ist in vollem Gange. Diese Erkenntnis ist nicht neu: Seit Jahrzehnten sind wir uns alle als Individuen der dringenden Notwendigkeit bewusst, unsere Produktion von Schadstoffemissionen zu reduzieren. Neu ist seit einigen Jahren, dass sich diese Selbstverst\u00e4ndlichkeit nach und nach in eine Forderung verwandelt.<\/p>\n\n\n<div class=\"wp-block-image\">\n<figure class=\"alignleft size-full is-resized\"><img decoding=\"async\" src=\"https:\/\/blog.optimum-automotive.com\/wp-content\/uploads\/2021\/11\/01-2.jpg\" alt=\"\" class=\"wp-image-1747\" style=\"width:260px;height:114px\"\/><\/figure><\/div>\n\n\n<p>So wird das LOM (Loi d'Orientation des Mobilit\u00e9s - Gesetz zur Ausrichtung der Mobilit\u00e4t) schrittweise (ab dem 1. Januar 2009) die Einf\u00fchrung von neuen, auf die Bed\u00fcrfnisse der Bev\u00f6lkerung zugeschnittenen Fahrzeugen vorsehen.<sup>er<\/sup> Januar 2022), Unternehmen und \u00f6ffentliche K\u00f6rperschaften dazu verpflichten, sich aktiv an der Reduzierung unseres CO2-Fu\u00dfabdrucks zu beteiligen. Zu den Priorit\u00e4ten geh\u00f6rt nat\u00fcrlich die Energiewende bei den Fahrzeugflotten, wobei zunehmend auf Elektro- und Hybridfahrzeuge zur\u00fcckgegriffen werden soll, die m\u00f6glichst gemeinsam genutzt werden.<\/p>\n\n\n\n<p>Wenn es um die Mobilit\u00e4t von Mitarbeitern geht, darf man jedoch nicht vergessen, dass das Fahrzeug nicht die einzige Option ist. Obwohl es in bestimmten Situationen unverzichtbar ist, kann das Fahrzeug seinen Platz einnehmen oder mit anderen, umweltfreundlicheren Fortbewegungsmitteln kombiniert werden.<\/p>\n\n\n\n<p>Wie k\u00f6nnen Unternehmen eine nachhaltige Mobilit\u00e4t f\u00f6rdern und gleichzeitig die Gesamtkosten der Mobilit\u00e4t senken? Zum Gl\u00fcck gibt es professionelle Mobilit\u00e4tsl\u00f6sungen 2.0!<\/p>\n\n\n\n<h2 class=\"wp-block-heading\"><strong>Kurs auf multimodale und nachhaltige Mobilit\u00e4t<\/strong><\/h2>\n\n\n\n<p>Der \"Autoreflex\" ist nicht mehr... oder darf nicht mehr sein! Ja, wir sprechen hier von einem echten Mentalit\u00e4tswandel, der fortgesetzt und intensiviert werden muss.<br>Um die Mobilit\u00e4tsmanager bei der Bew\u00e4ltigung dieser neuen Herausforderung zu unterst\u00fctzen, entwickeln die Spezialisten f\u00fcr berufliche Mobilit\u00e4t immer wieder neue, effiziente und umweltfreundliche L\u00f6sungen.<\/p>\n\n\n<div class=\"wp-block-image\">\n<figure class=\"alignleft size-large\"><a class=\"cta\" href=\"https:\/\/mobility-pack.com\/\" target=\"_blank\" rel=\"autopartage devis noopener\"><img decoding=\"async\" src=\"https:\/\/bu.optimum-automotive.com\/wp-content\/uploads\/2021\/07\/audit_gratuit.jpg\" alt=\"\" class=\"wp-image-1194\"\/><\/a><\/figure><\/div>\n\n\n<p>So hat Optimum Automotive, der europ\u00e4ische Spezialist f\u00fcr vernetzte Fahrzeuge, eine innovative Mobilit\u00e4tsl\u00f6sung mit dem Namen \"Optimum Mobility\" entwickelt.<\/p>\n\n\n\n<p>Optimum Mobility basiert auf einem neuartigen Triptychon, das der Mobilit\u00e4t der Mitarbeiter gewidmet ist:<\/p>\n\n\n\n<p><strong>#1. Eine Verwaltungsplattform :<\/strong><br>Als echtes Nervenzentrum der beruflichen Mobilit\u00e4t erm\u00f6glicht die Verwaltungsplattform dem Manager, die Mobilit\u00e4t der Mitarbeiter zu verfolgen, zu analysieren und zu optimieren.<\/p>\n\n\n\n<ul class=\"wp-block-list\">\n<li>Verwaltung von Mobilit\u00e4tsanbietern<\/li>\n\n\n\n<li>Verwaltung und \u00dcberwachung der Ausgaben<\/li>\n\n\n\n<li>Analyse- und Reporting-Tools (TCM\u00b3, CSR\u2074, Carbon Footprint, nachhaltige Mobilit\u00e4tspauschale, Mobilit\u00e4tskredit)<\/li>\n\n\n\n<li>Herausforderungs- und Motivationsinstrumente, um die Reduzierung des CO2-Aussto\u00dfes und der Kosten zu f\u00f6rdern<\/li>\n<\/ul>\n\n\n<div class=\"wp-block-image\">\n<figure class=\"alignright size-full\"><img decoding=\"async\" src=\"https:\/\/blog.optimum-automotive.com\/wp-content\/uploads\/2022\/05\/11.jpg\" alt=\"\" class=\"wp-image-1994\"\/><\/figure><\/div>\n\n\n<p><strong>#2. Von einer mobilen Anwendung<br><\/strong>Die mobile Anwendung, die den Mitarbeitern zur Verf\u00fcgung gestellt wird, erm\u00f6glicht es ihnen, Transportdienste in der N\u00e4he auszuw\u00e4hlen: Zug, Bus, Taxi, VTC, Autovermietung, Rollervermietung, Fahrr\u00e4der, etc.<br>Die mobile Anwendung erm\u00f6glicht es den Mitarbeitern au\u00dferdem, auf ihr eigenes Dashboard zuzugreifen: \u00dcbersicht der Ausgaben und Fahrten, Kategorisierung der Ausgaben, individuelle CO2-Bilanz...<br><br><strong>#3. Von einer Zahlungskarte<br>Physisch und papierlos: Mit der Geldkarte kann man Reisen bezahlen <\/strong>berufst\u00e4tigen Personen. Alle Transaktionen, die mit der Zahlungskarte durchgef\u00fchrt werden, werden automatisch auf der Verwaltungsplattform gespeichert.<\/p>\n\n\n\n<h2 class=\"wp-block-heading\"><strong>Nachhaltige Mobilit\u00e4t durch finanzielle Unterst\u00fctzung angekurbelt<\/strong>s<strong>&nbsp;!<\/strong><\/h2>\n\n\n\n<p>Um die Einf\u00fchrung nachhaltiger Mobilit\u00e4t zu f\u00f6rdern, wurden verschiedene Regelungen geschaffen:<\/p>\n\n\n<div class=\"wp-block-image\">\n<figure class=\"alignright size-large is-resized\"><img decoding=\"async\" src=\"https:\/\/bu.optimum-automotive.com\/wp-content\/uploads\/2021\/11\/Fotolia_84440389_M-1024x683.jpg\" alt=\"\" class=\"wp-image-1750\" style=\"width:388px;height:259px\"\/><\/figure><\/div>\n\n\n<p><strong>#1. Das Paket Nachhaltige Mobilit\u00e4t :<\/strong><br>Die Pauschale f\u00fcr nachhaltige Mobilit\u00e4t sieht die M\u00f6glichkeit vor, dass Unternehmen ihre Besch\u00e4ftigten mit einem <strong>steuerfreies Budget von 500 \u20ac\/Jahr\/Arbeitnehmer\/in<\/strong> (oder 600 \u20ac einschlie\u00dflich der Transportpr\u00e4mie) f\u00fcr Fahrten zwischen Wohnort und Arbeitsplatz.<\/p>\n\n\n\n<p>Die Pauschale f\u00fcr nachhaltige Mobilit\u00e4t gilt f\u00fcr die folgenden Verkehrsmittel:<\/p>\n\n\n\n<ul class=\"wp-block-list\">\n<li>\u00a0Fahrr\u00e4der und elektrisch unterst\u00fctzte Fahrr\u00e4der (Kauf eines Fahrrads und Zubeh\u00f6r, Wartung, IKV)<\/li>\n\n\n\n<li>\u00a0Mitfahrgelegenheiten<\/li>\n\n\n\n<li>\u00a0Verleih von gemeinsam genutzten Fahrr\u00e4dern, Rollern und Elektrorollern<\/li>\n\n\n\n<li>\u00a0Carsharing mit Elektro-, Plug-in-Hybrid- oder Wasserstofffahrzeugen<\/li>\n\n\n\n<li>\u00a0\u00d6ffentliche Verkehrsmittel (Fahrscheine, Abonnements werden durch die Transportpr\u00e4mie finanziert)<\/li>\n<\/ul>\n\n\n\n<div class=\"wp-block-image\"><figure class=\"alignright size-large\"><a class=\"cta\" href=\"https:\/\/mobility-pack.com\/contact\/\" target=\"_blank\" rel=\"\u00e9co-conduite noopener\"><img decoding=\"async\" src=\"https:\/\/bu.optimum-automotive.com\/wp-content\/uploads\/2021\/07\/eco_conduite.jpg\" alt=\"\" class=\"wp-image-1157\"><\/a><\/figure><\/div>\n\n\n\n<p><strong>#2. Mobilit\u00e4tskredit :<\/strong><br>Der Mobilit\u00e4tskredit ist ein geldwerter Vorteil f\u00fcr Arbeitnehmer, die <strong>ersetzt teilweise oder vollst\u00e4ndig den Dienstwagen<\/strong>. Ein Geldbetrag (zwischen 1.200 und 10.200 \u20ac) gleicht somit den Verzicht auf einen Dienstwagen (oder die Umstellung auf einen kleineren, elektrisch betriebenen Dienstwagen) aus und erm\u00f6glicht es dem Arbeitnehmer, seine Privatfahrten zu finanzieren.<\/p>\n\n\n\n<h2 class=\"wp-block-heading\"><strong>Platz zum Handeln!<\/strong><\/h2>\n\n\n\n<p>Nach der Zeit der langen, sehr langen \u00dcberlegungen ist nun die Zeit des Handelns gekommen!<\/p>\n\n\n\n<p>Um die Unternehmen bei diesem tiefgreifenden Wandel der beruflichen Mobilit\u00e4t zu unterst\u00fctzen, haben die Beh\u00f6rden Anreize geschaffen. Unternehmen, die auf berufliche Mobilit\u00e4t spezialisiert sind, wie z. B.<a href=\"https:\/\/bu.optimum-automotive.com\/de\/?optimum-mobility\" target=\"_blank\" rel=\"noreferrer noopener\">Optimum Mobility<\/a>Die Sch\u00fclerinnen und Sch\u00fcler haben innovative L\u00f6sungen entwickelt, um eine nachhaltige und umweltbewusste Mobilit\u00e4t einzuf\u00fchren und durchzusetzen.<\/p>\n\n\n\n<h2 class=\"wp-block-heading\"><br><strong>Also, jetzt geht es los und Sie sind dran!<\/strong><br><br><\/h2>\n\n\n\n<p><\/p>","protected":false},"excerpt":{"rendered":"<h4>Mobilit\u00e4t der Mitarbeiter : <\/h4>\n<p> Kurs auf multimodale und nachhaltige Mobilit\u00e4t<\/p>","protected":false},"author":1,"featured_media":5210,"comment_status":"closed","ping_status":"closed","sticky":false,"template":"","format":"standard","meta":{"_coblocks_attr":"","_coblocks_dimensions":"","_coblocks_responsive_height":"","_coblocks_accordion_ie_support":"","_uag_custom_page_level_css":"","footnotes":""},"categories":[23],"tags":[22],"class_list":["post-4903","post","type-post","status-publish","format-standard","has-post-thumbnail","hentry","category-mobilite-des-collaborateurs","tag-empreinte-carbone"],"uagb_featured_image_src":{"full":["https:\/\/bu.optimum-automotive.com\/wp-content\/uploads\/2021\/11\/alternatives-aux-vehicules-de-fonction-1.jpg",900,421,false],"thumbnail":["https:\/\/bu.optimum-automotive.com\/wp-content\/uploads\/2021\/11\/alternatives-aux-vehicules-de-fonction-1-150x150.jpg",150,150,true],"medium":["https:\/\/bu.optimum-automotive.com\/wp-content\/uploads\/2021\/11\/alternatives-aux-vehicules-de-fonction-1-300x140.jpg",300,140,true],"medium_large":["https:\/\/bu.optimum-automotive.com\/wp-content\/uploads\/2021\/11\/alternatives-aux-vehicules-de-fonction-1-768x359.jpg",768,359,true],"large":["https:\/\/bu.optimum-automotive.com\/wp-content\/uploads\/2021\/11\/alternatives-aux-vehicules-de-fonction-1.jpg",900,421,false],"1536x1536":["https:\/\/bu.optimum-automotive.com\/wp-content\/uploads\/2021\/11\/alternatives-aux-vehicules-de-fonction-1.jpg",900,421,false],"2048x2048":["https:\/\/bu.optimum-automotive.com\/wp-content\/uploads\/2021\/11\/alternatives-aux-vehicules-de-fonction-1.jpg",900,421,false],"trp-custom-language-flag":["https:\/\/bu.optimum-automotive.com\/wp-content\/uploads\/2021\/11\/alternatives-aux-vehicules-de-fonction-1-18x8.jpg",18,8,true]},"uagb_author_info":{"display_name":"camaleon","author_link":"https:\/\/bu.optimum-automotive.com\/de\/author\/camaleon\/"},"uagb_comment_info":0,"uagb_excerpt":"Mobilit\u00e9 des collaborateurs : Cap sur la mobilit\u00e9 multimodale et durable","_links":{"self":[{"href":"https:\/\/bu.optimum-automotive.com\/de\/wp-json\/wp\/v2\/posts\/4903","targetHints":{"allow":["GET"]}}],"collection":[{"href":"https:\/\/bu.optimum-automotive.com\/de\/wp-json\/wp\/v2\/posts"}],"about":[{"href":"https:\/\/bu.optimum-automotive.com\/de\/wp-json\/wp\/v2\/types\/post"}],"author":[{"embeddable":true,"href":"https:\/\/bu.optimum-automotive.com\/de\/wp-json\/wp\/v2\/users\/1"}],"replies":[{"embeddable":true,"href":"https:\/\/bu.optimum-automotive.com\/de\/wp-json\/wp\/v2\/comments?post=4903"}],"version-history":[{"count":5,"href":"https:\/\/bu.optimum-automotive.com\/de\/wp-json\/wp\/v2\/posts\/4903\/revisions"}],"predecessor-version":[{"id":5391,"href":"https:\/\/bu.optimum-automotive.com\/de\/wp-json\/wp\/v2\/posts\/4903\/revisions\/5391"}],"wp:featuredmedia":[{"embeddable":true,"href":"https:\/\/bu.optimum-automotive.com\/de\/wp-json\/wp\/v2\/media\/5210"}],"wp:attachment":[{"href":"https:\/\/bu.optimum-automotive.com\/de\/wp-json\/wp\/v2\/media?parent=4903"}],"wp:term":[{"taxonomy":"category","embeddable":true,"href":"https:\/\/bu.optimum-automotive.com\/de\/wp-json\/wp\/v2\/categories?post=4903"},{"taxonomy":"post_tag","embeddable":true,"href":"https:\/\/bu.optimum-automotive.com\/de\/wp-json\/wp\/v2\/tags?post=4903"}],"curies":[{"name":"wp","href":"https:\/\/api.w.org\/{rel}","templated":true}]}}