{"id":4906,"date":"2022-06-22T16:11:57","date_gmt":"2022-06-22T14:11:57","guid":{"rendered":"https:\/\/blog.optimum-automotive.com\/?p=2001"},"modified":"2025-01-21T15:43:41","modified_gmt":"2025-01-21T14:43:41","slug":"quest-ce-que-le-forfait-mobilite-durable","status":"publish","type":"post","link":"https:\/\/bu.optimum-automotive.com\/de\/quest-ce-que-le-forfait-mobilite-durable\/","title":{"rendered":"Was ist die Pauschale f\u00fcr nachhaltige Mobilit\u00e4t?"},"content":{"rendered":"<p>Die Pauschale f\u00fcr nachhaltige Mobilit\u00e4t ist eine Ma\u00dfnahme, die der Staat dank des Loi d'Orientation des Mobilit\u00e9s (LOM) vom 24. Dezember 2019 eingef\u00fchrt hat und die eine teilweise oder vollst\u00e4ndige \u00dcbernahme der Fahrtkosten seiner Besch\u00e4ftigten zwischen Wohnort und Arbeitsplatz durch den Arbeitgeber erm\u00f6glicht.<br>Die durch die Pauschale f\u00fcr nachhaltige Mobilit\u00e4t gew\u00e4hrte Entsch\u00e4digung ist f\u00fcr den Arbeitnehmer vollst\u00e4ndig steuerfrei und f\u00fcr den Arbeitgeber von Sozialabgaben befreit, was es Unternehmen erm\u00f6glicht, ihre Arbeitnehmer zu unterst\u00fctzen und gleichzeitig steuerlich neutral \u00fcber die gew\u00e4hrte Summe zu entscheiden.<\/p>\n\n\n\n<h2 class=\"wp-block-heading\"><strong>Welche Verkehrsmittel kommen f\u00fcr die Pauschale f\u00fcr nachhaltige Mobilit\u00e4t (Sustainable Mobility Package, SMP) in Frage?<\/strong><\/h2>\n\n\n<div class=\"wp-block-image is-style-default\">\n<figure class=\"alignright size-full\"><img decoding=\"async\" src=\"https:\/\/blog.optimum-automotive.com\/wp-content\/uploads\/2022\/06\/01-1.jpg\" alt=\"\" class=\"wp-image-2008\"\/><\/figure><\/div>\n\n\n<p>Es gibt viele Verkehrsmittel, die f\u00fcr den GFM in Frage kommen, und die es Unternehmen des Privatsektors erm\u00f6glichen, eine gro\u00dfe Anzahl von Fortbewegungsmitteln zu \u00fcbernehmen.<br>Die Verkehrsmittel sind folgende:<\/p>\n\n\n\n<ul class=\"wp-block-list\"><li>\u00d6ffentliche Verkehrsmittel mit Ausnahme derjenigen, die von der \u00dcbernahme der Abonnementkosten in H\u00f6he von 50% betroffen sind<\/li><li>Carsharing-Dienste, die emissionsarme Kraftfahrzeuge (Hybrid-, Elektro- oder Plug-in-Hybridfahrzeuge oder Wasserstofffahrzeuge) betreffen.<\/li><li>Der Motorroller, der Elektroroller und das Fahrrad, elektrisch oder nicht elektrisch, zum Mieten<\/li><li>Das pers\u00f6nliche Fahrrad des Arbeitnehmers (elektrisch oder mechanisch)<\/li><\/ul>\n\n\n<div class=\"wp-block-image\">\n<figure class=\"alignleft size-large\"><a class=\"cta\" href=\"https:\/\/mobility-pack.com\/\" target=\"_blank\" rel=\"autopartage devis noopener\"><img decoding=\"async\" src=\"https:\/\/bu.optimum-automotive.com\/wp-content\/uploads\/2021\/07\/audit_gratuit.jpg\" alt=\"\" class=\"wp-image-1194\"\/><\/a><\/figure><\/div>\n\n\n<p>Mobility Pack erm\u00f6glicht es Ihnen, diese Modalit\u00e4ten zu verwalten. Sie ersparen Ihren Mitarbeitern das Vorstrecken von Kosten und Ihren Managern die Bearbeitung von Spesenabrechnungen.<\/p>\n\n\n\n<p>Damit sie ihre Fahrten zwischen Wohnung und Arbeitsplatz bezahlen k\u00f6nnen. Mit dieser L\u00f6sung k\u00f6nnen Sie FDM in Ihrem Unternehmen leicht einf\u00fchren. Es stellt ein interessantes Instrument in \u00f6kologischer, gesellschaftlicher (insbesondere f\u00fcr junge Menschen) und steuerlicher Hinsicht dar.<\/p>\n\n\n\n<p>.<\/p>\n\n\n\n<p><\/p>\n\n\n\n<h2 class=\"wp-block-heading\"><strong>Beispiele f\u00fcr die Nutzung des GFD durch Ihre Mitarbeiter\/innen<\/strong><\/h2>\n\n\n\n<div class=\"wp-block-columns is-layout-flex wp-container-core-columns-is-layout-1 wp-block-columns-is-layout-flex\">\n<div class=\"wp-block-column is-layout-flow wp-block-column-is-layout-flow\"><div class=\"wp-block-image\">\n<figure class=\"aligncenter size-full\"><img decoding=\"async\" src=\"https:\/\/blog.optimum-automotive.com\/wp-content\/uploads\/2022\/06\/01.png\" alt=\"\" class=\"wp-image-2013\"\/><\/figure><\/div>\n\n\n<p><strong>Nathalie,<\/strong> Fahrgast in Fahrgemeinschaften auf dem Weg zur Arbeit<\/p>\n\n\n\n<p>\ud83d\udcdd Unterschreibt ehrenw\u00f6rtlich seine Bescheinigung<\/p>\n\n\n\n<p>\ud83d\udce9 Muss seine Belege einsenden<br> an seinen Arbeitgeber<\/p>\n\n\n\n<p>\ud83d\udcb0Gew\u00e4hrung von 800\u20ac aus dem GFDM &nbsp;&nbsp;<\/p>\n<\/div>\n\n\n\n<div class=\"wp-block-column is-layout-flow wp-block-column-is-layout-flow\"><div class=\"wp-block-image\">\n<figure class=\"aligncenter size-full\"><img decoding=\"async\" src=\"https:\/\/blog.optimum-automotive.com\/wp-content\/uploads\/2022\/06\/02.png\" alt=\"\" class=\"wp-image-2014\"\/><\/figure><\/div>\n\n\n<p><strong>Jerome<\/strong>, f\u00e4hrt mit einem Leihfahrrad f\u00fcr 40\u20ac\/Monat zur Arbeit<\/p>\n\n\n\n<p>\ud83d\udcdd Unterschreibt ehrenw\u00f6rtlich seine Bescheinigung<\/p>\n\n\n\n<p>\ud83d\udce9 Muss seine Belege einsenden<br> an seinen Arbeitgeber<\/p>\n\n\n\n<p>\ud83d\udcb0 Gew\u00e4hrung des GFM in H\u00f6he von 40\u00d76= 240\u20ac im Jahr 2021 und 800\u20ac im Jahr 2024 bis zum Ende.<\/p>\n<\/div>\n\n\n\n<div class=\"wp-block-column is-layout-flow wp-block-column-is-layout-flow\"><div class=\"wp-block-image\">\n<figure class=\"aligncenter size-full\"><img decoding=\"async\" src=\"https:\/\/blog.optimum-automotive.com\/wp-content\/uploads\/2022\/06\/03.png\" alt=\"\" class=\"wp-image-2015\"\/><\/figure><\/div>\n\n\n<p><strong>Sarah <\/strong>einen privaten Motorroller besitzt, den sie benutzt, um zu ihrer Arbeitsstelle zu kommen<\/p>\n\n\n\n<p>\ud83d\udcdd Unterschreibt ehrenw\u00f6rtlich seine Bescheinigung<\/p>\n\n\n\n<p>\ud83d\udce9 Muss seine Belege einsenden<br> an seinen Arbeitgeber<\/p>\n\n\n\n<p>\ud83d\udcb0Gew\u00e4hrung von 800\u20ac aus dem GFDM<\/p>\n<\/div>\n<\/div>\n\n\n\n<h2 class=\"wp-block-heading\"><strong><strong>Die Vorteile der Nachhaltigen Mobilit\u00e4tspauschale f\u00fcr Flottenmanager<\/strong><\/strong><\/h2>\n\n\n\n<p>Einer der Hauptvorteile der Mobilit\u00e4tspauschale ist ihr finanzieller Anreiz, da sie eine Steuerbefreiung f\u00fcr Geb\u00fchren und Sozialversicherungsbeitr\u00e4ge erm\u00f6glicht, wenn der jedem Arbeitnehmer zugewiesene Betrag 800 \u20ac pro Jahr f\u00fcr viele Zwecke nicht \u00fcberschreitet. Dar\u00fcber hinaus erm\u00f6glicht die Pauschale f\u00fcr nachhaltige Mobilit\u00e4t den Unternehmen, die Ausgaben des Arbeitnehmers nachzuverfolgen, was am Ende des Jahres eine Kontrolle der vom Arbeitnehmer get\u00e4tigten Ausgaben erm\u00f6glicht.<\/p>\n\n\n\n<p>Abgesehen vom wirtschaftlichen Aspekt erm\u00f6glicht die Pauschale f\u00fcr nachhaltige Mobilit\u00e4t jedoch auch die Einf\u00fchrung einer starken CSR-Politik, da sie zeigt, dass das Unternehmen Teil einer verantwortungsbewussten Umweltdynamik ist, die sich um die \u00f6kologischen Auswirkungen k\u00fcmmert, die ihre Mitarbeiter bei ihren verschiedenen Reisen haben k\u00f6nnen.<\/p>\n\n\n\n<h2 class=\"wp-block-heading\"><strong><strong>Formen, die die Pauschale f\u00fcr nachhaltige Mobilit\u00e4t annehmen kann<\/strong><\/strong><\/h2>\n\n\n\n<p>Die Pauschale f\u00fcr nachhaltige Mobilit\u00e4t kann in vielen Formen dargestellt werden, z. B. durch Mobilit\u00e4tsgutscheine. Der Vorteil dieser Mobilit\u00e4tsgutscheine ist, dass die Arbeitnehmer ihr Guthaben f\u00fcr zahlreiche Zwecke wie Carsharing, Fahrgemeinschaften oder sogar Treibstoffkosten f\u00fcr ihren Firmenwagen verwenden k\u00f6nnen.<\/p>\n\n\n\n<p>Die L\u00f6sung Ticket Mobilit\u00e9 zielt beispielsweise darauf ab, die Treibstoffkosten bis zu einem bestimmten Budget (z. B. 200 \u20ac pro Jahr) f\u00fcr Verbrennungs- oder Elektrofahrzeuge zu bezahlen, aber auch die Kosten f\u00fcr Fahrten zwischen Wohnort und Arbeitsplatz.<\/p>\n\n\n\n<figure class=\"wp-block-image size-full\"><img decoding=\"async\" src=\"https:\/\/blog.optimum-automotive.com\/wp-content\/uploads\/2022\/06\/01-2.jpg\" alt=\"\" class=\"wp-image-2011\"\/><\/figure>","protected":false},"excerpt":{"rendered":"<h4>Pauschale f\u00fcr nachhaltige Mobilit\u00e4t : <\/h4>\n<p> Welche Verkehrsmittel k\u00f6nnen f\u00f6rderf\u00e4hig sein?<\/p>","protected":false},"author":1,"featured_media":5194,"comment_status":"closed","ping_status":"closed","sticky":false,"template":"","format":"standard","meta":{"_coblocks_attr":"","_coblocks_dimensions":"","_coblocks_responsive_height":"","_coblocks_accordion_ie_support":"","_uag_custom_page_level_css":"","footnotes":""},"categories":[23],"tags":[25],"class_list":["post-4906","post","type-post","status-publish","format-standard","has-post-thumbnail","hentry","category-mobilite-des-collaborateurs","tag-forfait-mobilites-durables"],"uagb_featured_image_src":{"full":["https:\/\/bu.optimum-automotive.com\/wp-content\/uploads\/2022\/06\/Forfait-Mobilites-durables.jpg",900,421,false],"thumbnail":["https:\/\/bu.optimum-automotive.com\/wp-content\/uploads\/2022\/06\/Forfait-Mobilites-durables-150x150.jpg",150,150,true],"medium":["https:\/\/bu.optimum-automotive.com\/wp-content\/uploads\/2022\/06\/Forfait-Mobilites-durables-300x140.jpg",300,140,true],"medium_large":["https:\/\/bu.optimum-automotive.com\/wp-content\/uploads\/2022\/06\/Forfait-Mobilites-durables-768x359.jpg",768,359,true],"large":["https:\/\/bu.optimum-automotive.com\/wp-content\/uploads\/2022\/06\/Forfait-Mobilites-durables.jpg",900,421,false],"1536x1536":["https:\/\/bu.optimum-automotive.com\/wp-content\/uploads\/2022\/06\/Forfait-Mobilites-durables.jpg",900,421,false],"2048x2048":["https:\/\/bu.optimum-automotive.com\/wp-content\/uploads\/2022\/06\/Forfait-Mobilites-durables.jpg",900,421,false],"trp-custom-language-flag":["https:\/\/bu.optimum-automotive.com\/wp-content\/uploads\/2022\/06\/Forfait-Mobilites-durables-18x8.jpg",18,8,true]},"uagb_author_info":{"display_name":"camaleon","author_link":"https:\/\/bu.optimum-automotive.com\/de\/author\/camaleon\/"},"uagb_comment_info":0,"uagb_excerpt":"Forfait mobilit\u00e9 durable : Quels modes de transports peuvent-\u00eatre \u00e9ligibles ?","_links":{"self":[{"href":"https:\/\/bu.optimum-automotive.com\/de\/wp-json\/wp\/v2\/posts\/4906","targetHints":{"allow":["GET"]}}],"collection":[{"href":"https:\/\/bu.optimum-automotive.com\/de\/wp-json\/wp\/v2\/posts"}],"about":[{"href":"https:\/\/bu.optimum-automotive.com\/de\/wp-json\/wp\/v2\/types\/post"}],"author":[{"embeddable":true,"href":"https:\/\/bu.optimum-automotive.com\/de\/wp-json\/wp\/v2\/users\/1"}],"replies":[{"embeddable":true,"href":"https:\/\/bu.optimum-automotive.com\/de\/wp-json\/wp\/v2\/comments?post=4906"}],"version-history":[{"count":2,"href":"https:\/\/bu.optimum-automotive.com\/de\/wp-json\/wp\/v2\/posts\/4906\/revisions"}],"predecessor-version":[{"id":5389,"href":"https:\/\/bu.optimum-automotive.com\/de\/wp-json\/wp\/v2\/posts\/4906\/revisions\/5389"}],"wp:featuredmedia":[{"embeddable":true,"href":"https:\/\/bu.optimum-automotive.com\/de\/wp-json\/wp\/v2\/media\/5194"}],"wp:attachment":[{"href":"https:\/\/bu.optimum-automotive.com\/de\/wp-json\/wp\/v2\/media?parent=4906"}],"wp:term":[{"taxonomy":"category","embeddable":true,"href":"https:\/\/bu.optimum-automotive.com\/de\/wp-json\/wp\/v2\/categories?post=4906"},{"taxonomy":"post_tag","embeddable":true,"href":"https:\/\/bu.optimum-automotive.com\/de\/wp-json\/wp\/v2\/tags?post=4906"}],"curies":[{"name":"wp","href":"https:\/\/api.w.org\/{rel}","templated":true}]}}