{"id":4913,"date":"2024-04-23T10:23:41","date_gmt":"2024-04-23T08:23:41","guid":{"rendered":"https:\/\/blog.optimum-automotive.com\/?p=2537"},"modified":"2025-01-21T15:42:11","modified_gmt":"2025-01-21T14:42:11","slug":"transition-energetique-des-flottes-automobiles-les-entreprises-doivent-agir","status":"publish","type":"post","link":"https:\/\/bu.optimum-automotive.com\/de\/energetische-umstellung-der-autoflotten-unternehmen-mussen-handeln\/","title":{"rendered":"Energiewende in Fuhrparks: Unternehmen m\u00fcssen handeln"},"content":{"rendered":"<div class=\"wp-block-image\">\n<figure class=\"alignleft size-full is-resized\"><img decoding=\"async\" src=\"https:\/\/bu.optimum-automotive.com\/wp-content\/uploads\/2022\/01\/vehicules-propres.jpg\" alt=\"\" class=\"wp-image-1872\" style=\"width:315px;height:317px\"\/><\/figure><\/div>\n\n\n<h2 class=\"wp-block-heading\">Einf\u00fchrung in das Damien-Adam-Gesetz zur Dekarbonisierung von Fahrzeugflotten<\/h2>\n\n\n\n<p><strong>Der Gesetzesvorschlag von Damien Adam zur Versch\u00e4rfung der Vorschriften f\u00fcr die Dekarbonisierung von Fahrzeugflotten wurde am 9. April 2024 vom Ausschuss f\u00fcr nachhaltige Entwicklung der Nationalversammlung angenommen. Dieses Gesetz \u00fcbt Druck auf Unternehmen aus, die mehr als 100 Fahrzeuge in ihrem Fuhrpark haben. Es soll den \u00dcbergang zu umweltfreundlicheren Fahrzeugen beschleunigen und schreibt Schwellenwerte f\u00fcr die Elektrifizierung und durch die Einf\u00fchrung von Sanktionen bei Nichteinhaltung der Ziele vor.<\/strong><\/p>\n\n\n\n<p><strong>Es wird anerkannt, dass diese Ziele ehrgeizig sind und dass die Elektrifizierung noch nicht alle Bed\u00fcrfnisse von Flottenmanagern erf\u00fcllt. Die technischen und logistischen Herausforderungen, die mit diesem \u00dcbergang verbunden sind, sind betr\u00e4chtlich. Allerdings stellt dieses Gesetz auch eine Gelegenheit dar, sich an einen unvermeidlichen Trend in der Branche anzupassen.<\/strong><\/p>\n\n\n\n<h3 class=\"wp-block-heading\"><strong>Schwellenwerte f\u00fcr die Verd\u00fcnnung von Flotten : Welche neuen Anforderungen?<\/strong><\/h3>\n\n\n\n<p><strong>Schwellenwerte f\u00fcr Begr\u00fcnungen um ein Jahr verschoben<\/strong><\/p>\n\n\n\n<p>Die Schwellenwerte f\u00fcr die Begr\u00fcnung, die urspr\u00fcnglich in der Gesetzesvorlage festgelegt wurden, waren : <\/p>\n\n\n\n<ul class=\"wp-block-list\">\n<li>von 30 % im Jahr 2025<\/li>\n\n\n\n<li>40 % im Jahr 2026 <\/li>\n\n\n\n<li>50 % im Jahr 2027<\/li>\n\n\n\n<li>60 % im Jahr 2028<\/li>\n\n\n\n<li>70 % im Jahr 2029<\/li>\n\n\n\n<li>80 % im Jahr 2030<\/li>\n\n\n\n<li>90 % im Jahr 2031 <\/li>\n\n\n\n<li>95 % im Jahr 2032<\/li>\n<\/ul>\n\n\n\n<p>Es wurden jedoch neun Ab\u00e4nderungen angenommen, durch die diese Schwellenwerte um ein Jahr verschoben wurden. So liegt der Schwellenwert f\u00fcr das Greening im Jahr 2025 nun bei 20 %, w\u00e4hrend er im Jahr 2032 von 95 % auf 90 % gesenkt wird.<\/p>\n\n\n\n<p><strong>Sanktionen bei Verst\u00f6\u00dfen gegen die Flottenvorschriften<\/strong><\/p>\n\n\n\n<p>Ab dem 1. Januar 2026 soll ein Sanktionsmechanismus eingef\u00fchrt werden. Eine unzureichende Anzahl an emissionsarmen Fahrzeugen in den Fuhrparks w\u00fcrde mit einem Bu\u00dfgeld geahndet. Dieser w\u00fcrde h\u00f6chstens 1 % des Umsatzes betragen, und f\u00fcr jedes fehlende saubere Fahrzeug w\u00fcrde ein progressives Bu\u00dfgeld verh\u00e4ngt: 2 000 EUR im Jahr 2025, 4 000 EUR im Jahr 2026 und 5 000 EUR im Jahr 2027.<\/p>\n\n\n\n<p>Bei Verst\u00f6\u00dfen in der Berichterstattung droht dem Unternehmen eine Geldstrafe von maximal 0,1 % des Umsatzes anstelle der vom Abgeordneten vorgesehenen 10 000 Euro und im Wiederholungsfall 20 000 Euro.<\/p>\n\n\n\n<p>Flottenmanager m\u00fcssen diese Sanktionen daher ernst nehmen. Sie m\u00fcssen Verfahren einf\u00fchren, um die notwendigen Informationen zu verfolgen und zu melden. Dies bedeutet, dass sie Daten \u00fcber den Fuhrpark sammeln und analysieren m\u00fcssen.<\/p>\n\n\n\n<h4 class=\"wp-block-heading\">Optimieren Sie Ihr Flottenmanagement, um neuen Anforderungen gerecht zu werden.<\/h4>\n\n\n\n<div class=\"wp-block-image\"><figure class=\"alignleft size-full\"><a class=\"cta\" href=\"https:\/\/www.optimum-datamining.com\" rel=\"fuel monitoring\"><img decoding=\"async\" src=\"https:\/\/bu.optimum-automotive.com\/wp-content\/uploads\/2021\/11\/oa_consulting_solution.jpg\" alt=\"\" class=\"wp-image-1473\"><\/a><\/figure><\/div>\n\n\n\n<p>Der erste Schritt besteht darin, die Nutzung von Fahrzeugen zu sammeln und zu analysieren. Ziel ist es, diejenigen, deren Nutzung relevant ist, mit einem elektrischen 100%-Antrieb zu elektrifizieren. <a href=\"https:\/\/transition-energetique.optimum-datamining.com\/\">Optimum<\/a> bietet eine Studie zur Elektrifizierung an, mit der die Daten gesammelt werden, die f\u00fcr eine fundierte Entscheidung notwendig sind. Alle diese Parameter werden \u00fcber einen l\u00e4ngeren Zeitraum analysiert, um zu ermitteln, ob eine Erneuerung zugunsten eines Elektrofahrzeugs sinnvoll ist.<\/p>\n\n\n<div class=\"wp-block-image\">\n<figure class=\"alignleft size-full\"><img decoding=\"async\" src=\"https:\/\/bu.optimum-automotive.com\/wp-content\/uploads\/2022\/01\/electric_drive.jpg\" alt=\"\" class=\"wp-image-1875\"\/><\/figure><\/div>\n\n\n<p><strong>Anreize f\u00fcr die Integration von Elektrofahrzeugen in die Fahrzeugflotten<\/strong><\/p>\n\n\n\n<p>Der Gesetzesvorschlag beschr\u00e4nkt sich nicht auf Sanktionen. Er zielt auch darauf ab, Elektrofahrzeuge mit einem guten \u00d6ko-Score zu f\u00f6rdern. Das hei\u00dft, sie werden auf Verwaltungsebene als \"1,2 Fahrzeuge statt 1\" gez\u00e4hlt.<\/p>\n\n\n\n<p>Das hei\u00dft, wenn Sie 5 Fahrzeuge mit einem guten \u00d6ko-Score in Ihre Flotte aufnehmen, werden auf Verwaltungsebene 6 Fahrzeuge gez\u00e4hlt (1,2*5 = 6).<\/p>\n\n\n\n<p><strong>Ausschluss von Hybridfahrzeugen: Fokus auf die Vollelektrifizierung<\/strong><\/p>\n\n\n\n<p><em>Wie steht es mit dem Hybrid?<\/em>&nbsp; Es ist zu beachten, dass Plug-in-Hybridfahrzeuge von den Elektrifizierungsquoten ausgeschlossen werden. Sie lassen somit Platz f\u00fcr 100 %-Elektromodelle, Retrofit-Fahrzeuge, schwere Vierradfahrzeuge und motorisierte Dreir\u00e4der.<\/p>\n\n\n<div class=\"wp-block-image\">\n<figure class=\"alignright size-large is-resized\"><img decoding=\"async\" src=\"https:\/\/blog.optimum-automotive.com\/wp-content\/uploads\/2024\/04\/electric-car-charging-home-clean-energy-filling-technology-1024x652.jpg\" alt=\"\" class=\"wp-image-2564\" style=\"width:413px;height:263px\"\/><\/figure><\/div>\n\n\n<p><strong>Besonderer Rahmen f\u00fcr Kurzzeitvermieter und Carsharing<\/strong><\/p>\n\n\n\n<p><em>Was ist mit Kurzzeitvermietern?<\/em> Dieser Vorschlag beinhaltet auch einen speziellen Rahmen f\u00fcr LCD- und Carsharing-Akteure. Das Gesetz schl\u00e4gt einen angepassten Zeitplan f\u00fcr die Elektrifizierung mit progressiven Zielen vor, die erst bei 5% im Jahr 2025 beginnen. Und eine f\u00fcr 2027 vorgesehene \u00dcberpr\u00fcfungsklausel, um die Wirksamkeit der Ma\u00dfnahmen zu bewerten und den Pfad gegebenenfalls anzupassen.<\/p>\n\n\n\n<p><strong>Die Nutzung von Elektrofahrzeugen ist ein Weg in Richtung Dekarbonisierung... <a href=\"https:\/\/bu.optimum-automotive.com\/de\/die-kosten-und-die-begrunung-der-mobilitat\/\">aber nicht die einzige L\u00f6sung<\/a><\/strong><\/p>\n\n\n\n<p>Um die Ziele der Dekarbonisierung im Bereich der Mobilit\u00e4t zu erreichen, ist ein facettenreicher Ansatz erforderlich. Parallel dazu spielen auch die Mitarbeiter eine entscheidende Rolle bei diesem \u00dcbergang. Ihr Beitrag kann verschiedene Formen annehmen. Zum Beispiel mit der Reduzierung der gefahrenen Kilometer, der Umstellung auf Verkehrsmittel mit geringerem CO2-Aussto\u00df und der Unterst\u00fctzung der Entwicklung von energieeffizienten Elektrofahrzeugen.<\/p>\n\n\n\n<p>Hier <ins><a href=\"https:\/\/mobility-pack.com\/\">Mobility Pack<\/a><\/ins> kann eine entscheidende Rolle spielen. Es handelt sich um eine Plattform f\u00fcr Mobilit\u00e4tsmanagement, die Flottenmanagern ein wertvolles Werkzeug an die Hand gibt, um sich durch die neuen Vorschriften zu navigieren. Die L\u00f6sung erm\u00f6glicht die \"Digitalisierung\" der Verwaltung von Betriebsausgaben, aber auch die Verwaltung von staatlichen Ma\u00dfnahmen, die der \"sanften Mobilit\u00e4t\" gewidmet sind. Der Mobilit\u00e4tskredit und die Pauschale f\u00fcr nachhaltige Mobilit\u00e4t k\u00f6nnen mit der L\u00f6sung Mobility Pack gesteuert werden. Der Mobilit\u00e4tsmanager profitiert durch die Mobility Pack-L\u00f6sung von Dashboards mit wertvollen Indikatoren. TCM (Total Cost of Mobility) und die individuelle und kollektive CO2-Belastung... Diese Indikatoren erm\u00f6glichen es, die Mobilit\u00e4t der Mitarbeiter zu analysieren und zu optimieren, sowohl in finanzieller Hinsicht als auch in Bezug auf die Umwelt.<\/p>\n\n\n\n<div class=\"wp-block-image\"><figure class=\"alignright size-full\"><a class=\"cta\" href=\"https:\/\/www.optimum-datamining.com\" target=\"_blank\" rel=\"optimum consulting noopener\"><img decoding=\"async\" src=\"https:\/\/bu.optimum-automotive.com\/wp-content\/uploads\/2021\/11\/oa_consulting-1.jpg\" alt=\"\" class=\"wp-image-1464\"><\/a><\/figure><\/div>\n\n\n\n<p>Damien Adams Gesetzesvorschlag bietet kurzfristige Ma\u00dfnahmen und Aktionen, die schnell zur Senkung der Emissionen des Verkehrssektors und zur Erf\u00fcllung unserer Klimaverpflichtungen beitragen k\u00f6nnen. Indem wir alle Akteure des Sektors, die Flottenmanager und die Mitarbeiter einbeziehen, k\u00f6nnen wir die Herausforderungen des \u00dcbergangs zu einem umweltfreundlicheren Fuhrpark meistern.<\/p>\n\n\n<div class=\"wp-block-image\">\n<figure class=\"alignright size-large is-resized\"><img decoding=\"async\" src=\"https:\/\/blog.optimum-automotive.com\/wp-content\/uploads\/2024\/04\/plugged-charger-into-electric-car-charge-station-1024x576.jpg\" alt=\"\" class=\"wp-image-2565\" style=\"width:443px;height:249px\"\/><\/figure><\/div>\n\n\n<p><br><strong>Handeln Sie, um Sanktionen zu vermeiden\u00a0<\/strong> <\/p>\n\n\n\n<p>Zusammenfassend l\u00e4sst sich sagen, dass die Zeit des Z\u00f6gerns vorbei ist! Die Klimadringlichkeit ist da und niemand kann sie ignorieren. Nach den j\u00fcngsten R\u00fcckschl\u00e4gen in Bezug auf die Umweltzonen (ZFE) unterstreicht das Gesetz von Damien Adam die Bedeutung des Energiewandels. Es ist daher nur nat\u00fcrlich, dass Unternehmen mit einem Fuhrpark von 100 oder mehr Fahrzeugen in die Pflicht genommen werden.<br><a href=\"file:\/\/\/C:\/Users\/FranckGAULTIEROPTIMU\/Downloads\/transition-energetique.optimum-consulting\">Elektrifizierung von Fahrzeugen<\/a>, <a href=\"file:\/\/\/C:\/Users\/FranckGAULTIEROPTIMU\/Downloads\/autopartage-entreprise.optimum-carsharing.co\">Carsharing und Fahrgemeinschaften in Unternehmen<\/a>, <a href=\"file:\/\/\/C:\/Users\/FranckGAULTIEROPTIMU\/Downloads\/nouvelles-mobilites.mobility-pack.com\">alternative Mobilit\u00e4t<\/a>... die Entwicklungslinien sind real und die Instrumente zur Steuerung dieser Ver\u00e4nderungen stehen bereit. Also nichts wie ran an die Arbeit...<\/p>\n\n\n\n<p> Andernfalls sollten Sie sich vor Sanktionen h\u00fcten!<br><br><\/p>","protected":false},"excerpt":{"rendered":"<h4>Gesetz von Damien Adam :<\/h4>\n<p> Dekarbonisierung von Fahrzeugflotten<\/p>","protected":false},"author":1,"featured_media":5220,"comment_status":"closed","ping_status":"closed","sticky":false,"template":"","format":"standard","meta":{"_coblocks_attr":"","_coblocks_dimensions":"","_coblocks_responsive_height":"","_coblocks_accordion_ie_support":"","_uag_custom_page_level_css":"","footnotes":""},"categories":[17],"tags":[21],"class_list":["post-4913","post","type-post","status-publish","format-standard","has-post-thumbnail","hentry","category-electrification-des-flottes","tag-transition-energetique"],"uagb_featured_image_src":{"full":["https:\/\/bu.optimum-automotive.com\/wp-content\/uploads\/2024\/04\/Transition-energetique-des-flottes.jpg",900,421,false],"thumbnail":["https:\/\/bu.optimum-automotive.com\/wp-content\/uploads\/2024\/04\/Transition-energetique-des-flottes-150x150.jpg",150,150,true],"medium":["https:\/\/bu.optimum-automotive.com\/wp-content\/uploads\/2024\/04\/Transition-energetique-des-flottes-300x140.jpg",300,140,true],"medium_large":["https:\/\/bu.optimum-automotive.com\/wp-content\/uploads\/2024\/04\/Transition-energetique-des-flottes-768x359.jpg",768,359,true],"large":["https:\/\/bu.optimum-automotive.com\/wp-content\/uploads\/2024\/04\/Transition-energetique-des-flottes.jpg",900,421,false],"1536x1536":["https:\/\/bu.optimum-automotive.com\/wp-content\/uploads\/2024\/04\/Transition-energetique-des-flottes.jpg",900,421,false],"2048x2048":["https:\/\/bu.optimum-automotive.com\/wp-content\/uploads\/2024\/04\/Transition-energetique-des-flottes.jpg",900,421,false],"trp-custom-language-flag":["https:\/\/bu.optimum-automotive.com\/wp-content\/uploads\/2024\/04\/Transition-energetique-des-flottes-18x8.jpg",18,8,true]},"uagb_author_info":{"display_name":"camaleon","author_link":"https:\/\/bu.optimum-automotive.com\/de\/author\/camaleon\/"},"uagb_comment_info":0,"uagb_excerpt":"loi de Damien Adam : d\u00e9carbonation des flottes automobiles","_links":{"self":[{"href":"https:\/\/bu.optimum-automotive.com\/de\/wp-json\/wp\/v2\/posts\/4913","targetHints":{"allow":["GET"]}}],"collection":[{"href":"https:\/\/bu.optimum-automotive.com\/de\/wp-json\/wp\/v2\/posts"}],"about":[{"href":"https:\/\/bu.optimum-automotive.com\/de\/wp-json\/wp\/v2\/types\/post"}],"author":[{"embeddable":true,"href":"https:\/\/bu.optimum-automotive.com\/de\/wp-json\/wp\/v2\/users\/1"}],"replies":[{"embeddable":true,"href":"https:\/\/bu.optimum-automotive.com\/de\/wp-json\/wp\/v2\/comments?post=4913"}],"version-history":[{"count":5,"href":"https:\/\/bu.optimum-automotive.com\/de\/wp-json\/wp\/v2\/posts\/4913\/revisions"}],"predecessor-version":[{"id":5386,"href":"https:\/\/bu.optimum-automotive.com\/de\/wp-json\/wp\/v2\/posts\/4913\/revisions\/5386"}],"wp:featuredmedia":[{"embeddable":true,"href":"https:\/\/bu.optimum-automotive.com\/de\/wp-json\/wp\/v2\/media\/5220"}],"wp:attachment":[{"href":"https:\/\/bu.optimum-automotive.com\/de\/wp-json\/wp\/v2\/media?parent=4913"}],"wp:term":[{"taxonomy":"category","embeddable":true,"href":"https:\/\/bu.optimum-automotive.com\/de\/wp-json\/wp\/v2\/categories?post=4913"},{"taxonomy":"post_tag","embeddable":true,"href":"https:\/\/bu.optimum-automotive.com\/de\/wp-json\/wp\/v2\/tags?post=4913"}],"curies":[{"name":"wp","href":"https:\/\/api.w.org\/{rel}","templated":true}]}}