{"id":5470,"date":"2025-01-22T17:35:53","date_gmt":"2025-01-22T16:35:53","guid":{"rendered":"https:\/\/www.optimum-automotive.com\/?p=5470"},"modified":"2025-01-29T16:27:34","modified_gmt":"2025-01-29T15:27:34","slug":"optimum-present-sur-flotauto-paris-2025","status":"publish","type":"post","link":"https:\/\/bu.optimum-automotive.com\/de\/optimum-prasent-auf-flotauto-paris-2025\/","title":{"rendered":"Optimum wird auf der FLOTAUTO 2025- PARIS vertreten sein"},"content":{"rendered":"<div class=\"wp-block-uagb-image uagb-block-83f0e5b8 wp-block-uagb-image--layout-default wp-block-uagb-image--effect-static wp-block-uagb-image--align-none\"><figure class=\"wp-block-uagb-image__figure\"><img decoding=\"async\" srcset=\"https:\/\/bu.optimum-automotive.com\/wp-content\/uploads\/2025\/01\/rdv-2-1024x215.png ,https:\/\/bu.optimum-automotive.com\/wp-content\/uploads\/2025\/01\/rdv-2.png 780w, https:\/\/bu.optimum-automotive.com\/wp-content\/uploads\/2025\/01\/rdv-2.png 360w\" sizes=\"auto, (max-width: 480px) 150px\" src=\"https:\/\/bu.optimum-automotive.com\/wp-content\/uploads\/2025\/01\/rdv-2-1024x215.png\" alt=\"\" class=\"uag-image-5478\" width=\"2891\" height=\"608\" title=\"rdv\" loading=\"lazy\" role=\"img\"\/><\/figure><\/div>\n\n\n\n<p><strong>Optimum wird an der FlotAuto-Messe in Paris teilnehmen, die am 6. Februar 2025 in den Grandes Halles de la Villette stattfindet. <\/strong><\/p>\n\n\n\n<p>Dieses Gro\u00dfereignis wird mehr als <strong>200 Aussteller<\/strong> und wird fast <strong>4.000 Besucher<\/strong>. Fachleute, die gekommen waren, um sich \u00fcber die neuesten Innovationen und L\u00f6sungen auszutauschen, die der Optimierung von Fahrzeugflotten gewidmet sind.<\/p>\n\n\n\n<p>Auch in diesem Jahr <strong>Optimum <\/strong>wird anwesend sein, um sein Fachwissen zu teilen und seine innovativen L\u00f6sungen vorzustellen. <\/p>\n\n\n\n<h2 class=\"wp-block-heading\">Warum sollten Sie den Stand von Optimum besuchen?<\/h2>\n\n\n\n<p>Optimum wird seine L\u00f6sungen pr\u00e4sentieren, die sich der Kostensenkung, der Energiewende und der Verbesserung der nachhaltigen Mobilit\u00e4t widmen. Die Besucher k\u00f6nnen entdecken :<\/p>\n\n\n\n<ul class=\"wp-block-list\">\n<li>Innovationen, die Folgendes erm\u00f6glichen <strong>Fahrzeuge verbinden<\/strong> <\/li>\n\n\n\n<li>Werkzeuge, die den \u00dcbergang zum <strong>Elektrofahrzeug<\/strong> und f\u00f6rdern L\u00f6sungen wie die<strong>Carsharing<\/strong> oder das <strong>Mitfahrgelegenheiten<\/strong><\/li>\n\n\n\n<li>Individuelle Betreuung, um den spezifischen Herausforderungen von Flottenmanagern gerecht zu werden<\/li>\n<\/ul>\n\n\n\n<p><\/p>\n\n\n\n<p>Die Flotauto-Messe bietet eine einzigartige Gelegenheit, sich mit den Optimum-Teams auszutauschen und mehr \u00fcber die Trends in der Branche zu erfahren. Mit einer konsolidierten Pr\u00e4senz in <strong>Frankreich<\/strong> und in der<strong>international<\/strong>, insbesondere in <strong>Afrika<\/strong>Optimum beweist einmal mehr seine F\u00e4higkeit, innovativ zu sein und die Herausforderungen moderner Unternehmen zu meistern.<\/p>\n\n\n\n<div class=\"wp-block-uagb-image uagb-block-e56a63be wp-block-uagb-image--layout-default wp-block-uagb-image--effect-static wp-block-uagb-image--align-none\"><figure class=\"wp-block-uagb-image__figure\"><img decoding=\"async\" srcset=\"https:\/\/bu.optimum-automotive.com\/wp-content\/uploads\/2025\/01\/rencontresparis-flotauto-stands-hp-1-1024x320.jpg ,https:\/\/bu.optimum-automotive.com\/wp-content\/uploads\/2025\/01\/rencontresparis-flotauto-stands-hp-1.jpg 780w, https:\/\/bu.optimum-automotive.com\/wp-content\/uploads\/2025\/01\/rencontresparis-flotauto-stands-hp-1.jpg 360w\" sizes=\"auto, (max-width: 480px) 150px\" src=\"https:\/\/bu.optimum-automotive.com\/wp-content\/uploads\/2025\/01\/rencontresparis-flotauto-stands-hp-1-1024x320.jpg\" alt=\"\" class=\"uag-image-5489\" width=\"1800\" height=\"563\" title=\"rencontresparis-flotauto-stands-hp\" loading=\"lazy\" role=\"img\"\/><\/figure><\/div>\n\n\n\n<blockquote class=\"wp-block-quote is-layout-flow wp-block-quote-is-layout-flow\">\n<p>Verpassen Sie nicht diese Gelegenheit, unsere Experten zu treffen und zu erfahren, wie unsere L\u00f6sungen das Management Ihres Fuhrparks ver\u00e4ndern k\u00f6nnen. <strong>Wir sehen uns am 6. Februar 2025 am Stand C61!<\/strong> <\/p>\n<\/blockquote>\n\n\n\n<p><strong>&gt;&gt; Verpassen Sie nicht die Konferenz zum Thema \"Telematik: Welche Kostensenkungen?\".<\/strong> die w\u00e4hrend der Veranstaltung stattfindet. <strong>Wir treffen uns in Raum C von 14:15 bis 15:15 Uhr,<\/strong> f\u00fcr eine Konferenz, die von Laurent Verdier, Optimum Strategic Accounts Manager, gemeinsam moderiert wird.<\/p>\n\n\n\n<h2 class=\"wp-block-heading\"><strong>Beantragen Sie jetzt Ihren Zugangsausweis :<\/strong><\/h2>\n\n\n\n<p><a href=\"https:\/\/rencontres.flotauto.com\/espace-visiteur\/connectez-vous.htm\"><strong>https:\/\/rencontres.flotauto.com\/espace-visiteur\/connectez-vous.htm<\/strong><\/a><\/p>\n\n\n\n<p><\/p>","protected":false},"excerpt":{"rendered":"<p>FLOTAUTO 2024 - PARIS<\/p>","protected":false},"author":4,"featured_media":5555,"comment_status":"closed","ping_status":"open","sticky":false,"template":"","format":"standard","meta":{"_coblocks_attr":"","_coblocks_dimensions":"","_coblocks_responsive_height":"","_coblocks_accordion_ie_support":"","_uag_custom_page_level_css":"","footnotes":""},"categories":[4],"tags":[],"class_list":["post-5470","post","type-post","status-publish","format-standard","has-post-thumbnail","hentry","category-actualites"],"uagb_featured_image_src":{"full":["https:\/\/bu.optimum-automotive.com\/wp-content\/uploads\/2025\/01\/flotauto.png",3525,1842,false],"thumbnail":["https:\/\/bu.optimum-automotive.com\/wp-content\/uploads\/2025\/01\/flotauto-150x150.png",150,150,true],"medium":["https:\/\/bu.optimum-automotive.com\/wp-content\/uploads\/2025\/01\/flotauto-300x157.png",300,157,true],"medium_large":["https:\/\/bu.optimum-automotive.com\/wp-content\/uploads\/2025\/01\/flotauto-768x401.png",768,401,true],"large":["https:\/\/bu.optimum-automotive.com\/wp-content\/uploads\/2025\/01\/flotauto-1024x535.png",1024,535,true],"1536x1536":["https:\/\/bu.optimum-automotive.com\/wp-content\/uploads\/2025\/01\/flotauto-1536x803.png",1536,803,true],"2048x2048":["https:\/\/bu.optimum-automotive.com\/wp-content\/uploads\/2025\/01\/flotauto-2048x1070.png",2048,1070,true],"trp-custom-language-flag":["https:\/\/bu.optimum-automotive.com\/wp-content\/uploads\/2025\/01\/flotauto-18x9.png",18,9,true]},"uagb_author_info":{"display_name":"m.rochard@optimum-automotive.com","author_link":"https:\/\/bu.optimum-automotive.com\/de\/author\/m-rochardoptimum-automotive-com\/"},"uagb_comment_info":0,"uagb_excerpt":"FLOTAUTO 2024 - PARIS","_links":{"self":[{"href":"https:\/\/bu.optimum-automotive.com\/de\/wp-json\/wp\/v2\/posts\/5470","targetHints":{"allow":["GET"]}}],"collection":[{"href":"https:\/\/bu.optimum-automotive.com\/de\/wp-json\/wp\/v2\/posts"}],"about":[{"href":"https:\/\/bu.optimum-automotive.com\/de\/wp-json\/wp\/v2\/types\/post"}],"author":[{"embeddable":true,"href":"https:\/\/bu.optimum-automotive.com\/de\/wp-json\/wp\/v2\/users\/4"}],"replies":[{"embeddable":true,"href":"https:\/\/bu.optimum-automotive.com\/de\/wp-json\/wp\/v2\/comments?post=5470"}],"version-history":[{"count":12,"href":"https:\/\/bu.optimum-automotive.com\/de\/wp-json\/wp\/v2\/posts\/5470\/revisions"}],"predecessor-version":[{"id":5499,"href":"https:\/\/bu.optimum-automotive.com\/de\/wp-json\/wp\/v2\/posts\/5470\/revisions\/5499"}],"wp:featuredmedia":[{"embeddable":true,"href":"https:\/\/bu.optimum-automotive.com\/de\/wp-json\/wp\/v2\/media\/5555"}],"wp:attachment":[{"href":"https:\/\/bu.optimum-automotive.com\/de\/wp-json\/wp\/v2\/media?parent=5470"}],"wp:term":[{"taxonomy":"category","embeddable":true,"href":"https:\/\/bu.optimum-automotive.com\/de\/wp-json\/wp\/v2\/categories?post=5470"},{"taxonomy":"post_tag","embeddable":true,"href":"https:\/\/bu.optimum-automotive.com\/de\/wp-json\/wp\/v2\/tags?post=5470"}],"curies":[{"name":"wp","href":"https:\/\/api.w.org\/{rel}","templated":true}]}}