{"id":5528,"date":"2025-01-29T16:01:31","date_gmt":"2025-01-29T15:01:31","guid":{"rendered":"https:\/\/www.optimum-automotive.com\/?p=5528"},"modified":"2025-02-17T15:29:18","modified_gmt":"2025-02-17T14:29:18","slug":"partenariat-optimum-relyens-sassocient","status":"publish","type":"post","link":"https:\/\/bu.optimum-automotive.com\/de\/optimum-relyens-partnerschaft-schliesen-sich-zusammen\/","title":{"rendered":"PARTNERSCHAFT - Optimum &amp; Relyens schlie\u00dfen sich zusammen!"},"content":{"rendered":"<div class=\"wp-block-uagb-image uagb-block-5292a3c7 wp-block-uagb-image--layout-default wp-block-uagb-image--effect-static wp-block-uagb-image--align-none\"><figure class=\"wp-block-uagb-image__figure\"><img decoding=\"async\" srcset=\"https:\/\/bu.optimum-automotive.com\/wp-content\/uploads\/2025\/01\/vignette-site-oa-partenariat-1.png ,https:\/\/bu.optimum-automotive.com\/wp-content\/uploads\/2025\/01\/vignette-site-oa-partenariat-1.png 780w, https:\/\/bu.optimum-automotive.com\/wp-content\/uploads\/2025\/01\/vignette-site-oa-partenariat-1.png 360w\" sizes=\"auto, (max-width: 480px) 150px\" src=\"https:\/\/bu.optimum-automotive.com\/wp-content\/uploads\/2025\/01\/vignette-site-oa-partenariat-1.png\" alt=\"\" class=\"uag-image-5547\" width=\"900\" height=\"421\" title=\"vignette-oa-partnerschaftsseite\" loading=\"lazy\" role=\"img\"\/><\/figure><\/div>\n\n\n\n<p>Pressemitteilung | 29. Januar 2025<\/p>\n\n\n\n<h2 class=\"wp-block-heading\"><strong>RELYENS integriert die OPTIMUM-L\u00f6sung f\u00fcr die Pr\u00e4vention von Risiken in der Automobilbranche.<\/strong><\/h2>\n\n\n\n<p><strong>\u00d6ffentliche Gesundheitseinrichtungen verf\u00fcgen \u00fcber Fahrzeugflotten, die f\u00fcr die Kontinuit\u00e4t der Pflege und der Dienstleistungen unerl\u00e4sslich sind. Auch wenn diese Fahrzeuge f\u00fcr die Pflegeteams, den Patiententransport oder auch die t\u00e4gliche Logistik unerl\u00e4sslich sind, gehen sie mit gro\u00dfen Herausforderungen in Bezug auf Sicherheit, Risikomanagement und Kostenkontrolle einher. Um diesen spezifischen Herausforderungen gerecht zu werden, integriert Relyens die OPTIMUM-Technologie in sein Angebot, um 120 \u00f6ffentlichen Gesundheitseinrichtungen eine ma\u00dfgeschneiderte Versicherungs- und Pr\u00e4ventionsl\u00f6sung anzubieten.<\/strong><\/p>\n\n\n\n<p>Dank der nativen Technologie der Fahrzeuge wird diese von OPTIMUM entwickelte L\u00f6sung Daten \u00fcber das Fahrverhalten sammeln, wie z. B. Beschleunigung, Bremsen oder Geschwindigkeit in Kurven. Diese Informationen erm\u00f6glichen es, die Fahrer zu begleiten, um Risiken im Stra\u00dfenverkehr vorzubeugen, Unf\u00e4lle zu reduzieren und eine nachhaltigere Mobilit\u00e4t zu f\u00f6rdern. F\u00fcr die betroffenen \u00f6ffentlichen Gesundheitseinrichtungen ergeben sich konkrete Vorteile: mehr Sicherheit f\u00fcr die Fahrer, mittelfristig weniger Schadensf\u00e4lle und Kosten sowie erhebliche finanzielle Einsparungen und eine langfristige Verringerung der Umweltauswirkungen.<\/p>\n\n\n\n<h2 class=\"wp-block-heading\"><strong>Eine vernetzte L\u00f6sung, die ein verantwortungsvolles und nachhaltiges Fahren f\u00f6rdert<\/strong><\/h2>\n\n\n\n<p>Mithilfe von Boxen, die in die neuesten Fahrzeuge der Flotte eingebaut sind, werden Daten \u00fcber das Fahrverhalten gesammelt: pl\u00f6tzliche Beschleunigung, abruptes Bremsen, Geschwindigkeit in Kurven, zur\u00fcckgelegte Entfernungen, <em>usw.<\/em>. Diese Daten liefern wichtige Informationen zur Verbesserung des Fahrverhaltens. \u00dcber die Datensammlung hinaus erm\u00f6glicht eine Online-Plattform f\u00fcr Eco-Driving Scoring, auf die jede Schule zugreifen kann, nicht nur die Bewertung des Fahrverhaltens, sondern auch dessen positive Ver\u00e4nderung \u00fcber einen l\u00e4ngeren Zeitraum hinweg und tr\u00e4gt so dazu bei, Unf\u00e4lle, Kraftstoffverbrauch und CO2-Emissionen zu reduzieren.<\/p>\n\n\n\n<h2 class=\"wp-block-heading\"><strong>Pers\u00f6nliche Begleitung f\u00fcr nachhaltige Ergebnisse<\/strong><\/h2>\n\n\n\n<p>Die gesammelten Daten erm\u00f6glichen es Relyens, den \u00f6ffentlichen Gesundheitseinrichtungen eine ma\u00dfgeschneiderte Begleitung anzubieten: Es k\u00f6nnen gezielte Empfehlungen zur Verbesserung des globalen Flottenmanagements ausgesprochen werden, indem die wichtigsten Handlungshebel und die Mittel zu deren Umsetzung identifiziert werden. Diese L\u00f6sung beschr\u00e4nkt sich nicht auf die Pr\u00e4vention, sondern wird von einem Anreizsystem begleitet, das darauf ausgelegt ist, kontinuierliche Verbesserungen zu f\u00f6rdern. Ein Jahresendbonus kann f\u00fcr eine hohe Punktzahl oder deren positive Entwicklung in Verbindung mit einem kontrollierten Schadensverhalten im gesamten Fuhrpark gew\u00e4hrt werden.<\/p>\n\n\n\n<p><\/p>\n\n\n\n<h2 class=\"wp-block-heading\"><mark style=\"background-color:rgba(0, 0, 0, 0)\" class=\"has-inline-color has-blue-color\">Wort an Relyens und Optimum<\/mark><\/h2>\n\n\n\n<p><\/p>\n\n\n\n<blockquote class=\"wp-block-quote is-layout-flow wp-block-quote-is-layout-flow\">\n<blockquote class=\"wp-block-quote is-layout-flow wp-block-quote-is-layout-flow\">\n<blockquote class=\"wp-block-quote is-layout-flow wp-block-quote-is-layout-flow\">\n<p>\"\u00a0<em>Diese Initiative entspricht voll und ganz unserer Mission: unsere Kunden aus Gesundheitseinrichtungen beim Management und der Pr\u00e4vention von Risiken im Automobilbereich zu unterst\u00fctzen. Durch unsere Partnerschaft mit OPTIMUM stellen wir unseren Kunden eine innovative und effiziente technologische L\u00f6sung zur Verf\u00fcgung und verst\u00e4rken gleichzeitig unser Engagement f\u00fcr eine nachhaltigere Mobilit\u00e4t. Bis heute profitieren bereits 42 Gesundheitseinrichtungen von diesem System, was fast 500 Fahrzeugen entspricht. Diese Zusammenarbeit, die urspr\u00fcnglich auf die spezifischen Bed\u00fcrfnisse eines Gruppenvertrags zugeschnitten war, ebnet auch den Weg f\u00fcr eine zuk\u00fcnftige Expansion, wobei derzeit Anwendungsf\u00e4lle untersucht werden, um diese L\u00f6sung einem breiteren Publikum zug\u00e4nglich zu machen.<\/em>\u00a0\" - <strong>Dominique GODET, Generaldirektor bei Relyens<\/strong><\/p>\n\n\n\n<p>\"\u00a0<em>Bei Optimum besteht unser Kerngesch\u00e4ft darin, Daten einen Sinn zu verleihen. Wir sammeln und analysieren Informationen aus der Mobilit\u00e4t, um sie in praktische Werkzeuge umzuwandeln, die unsere Partner bei ihren t\u00e4glichen Herausforderungen unterst\u00fctzen k\u00f6nnen. Mit Relyens haben wir dieses Fachwissen in den Dienst eines innovativen Versicherungsmodells gestellt. Die genaue Analyse des Fahrverhaltens (wie Beschleunigen oder Bremsen) erm\u00f6glicht es nicht nur, die Risiken besser zu verstehen, sondern vor allem auch, darauf einzuwirken. Diese Daten ebnen den Weg f\u00fcr eine gezieltere Pr\u00e4vention, mehr Sicherheit f\u00fcr die Fahrer und konkrete Ergebnisse: weniger Schadensf\u00e4lle, Einsparungen und eine nachhaltigere Mobilit\u00e4t. Unser Beruf gewinnt durch einen solchen Mehrwert an Bedeutung\". <\/em>&#8211; <strong>Lilia MARINER, Head of Channel Partner Manager bei Optimum<\/strong><br><br><\/p>\n\n\n\n<p><\/p>\n<\/blockquote>\n<\/blockquote>\n<\/blockquote>\n\n\n\n<p><\/p>","protected":false},"excerpt":{"rendered":"<p>Pressemitteilung | 29. Januar 2025 RELYENS integriert die OPTIMUM-L\u00f6sung f\u00fcr die Pr\u00e4vention von Automobilrisiken. \u00d6ffentliche Gesundheitseinrichtungen verf\u00fcgen \u00fcber Fahrzeugflotten, die f\u00fcr die Kontinuit\u00e4t der Pflege und der Dienstleistungen unerl\u00e4sslich sind. Diese Fahrzeuge sind f\u00fcr die Pflegeteams, den Patiententransport und die t\u00e4gliche Logistik unerl\u00e4sslich, aber sie sind auch f\u00fcr die Sicherheit der Patienten verantwortlich.<\/p>","protected":false},"author":4,"featured_media":5554,"comment_status":"closed","ping_status":"closed","sticky":false,"template":"","format":"standard","meta":{"_coblocks_attr":"","_coblocks_dimensions":"","_coblocks_responsive_height":"","_coblocks_accordion_ie_support":"","_uag_custom_page_level_css":"","footnotes":""},"categories":[4],"tags":[34],"class_list":["post-5528","post","type-post","status-publish","format-standard","has-post-thumbnail","hentry","category-actualites","tag-presse"],"uagb_featured_image_src":{"full":["https:\/\/bu.optimum-automotive.com\/wp-content\/uploads\/2025\/01\/imm.png",1024,536,false],"thumbnail":["https:\/\/bu.optimum-automotive.com\/wp-content\/uploads\/2025\/01\/imm-150x150.png",150,150,true],"medium":["https:\/\/bu.optimum-automotive.com\/wp-content\/uploads\/2025\/01\/imm-300x157.png",300,157,true],"medium_large":["https:\/\/bu.optimum-automotive.com\/wp-content\/uploads\/2025\/01\/imm-768x402.png",768,402,true],"large":["https:\/\/bu.optimum-automotive.com\/wp-content\/uploads\/2025\/01\/imm.png",1024,536,false],"1536x1536":["https:\/\/bu.optimum-automotive.com\/wp-content\/uploads\/2025\/01\/imm.png",1024,536,false],"2048x2048":["https:\/\/bu.optimum-automotive.com\/wp-content\/uploads\/2025\/01\/imm.png",1024,536,false],"trp-custom-language-flag":["https:\/\/bu.optimum-automotive.com\/wp-content\/uploads\/2025\/01\/imm-18x9.png",18,9,true]},"uagb_author_info":{"display_name":"m.rochard@optimum-automotive.com","author_link":"https:\/\/bu.optimum-automotive.com\/de\/author\/m-rochardoptimum-automotive-com\/"},"uagb_comment_info":0,"uagb_excerpt":"Communiqu\u00e9 de presse | 29 janvier 2025 RELYENS int\u00e8gre la solution OPTIMUM pour la pr\u00e9vention des risques automobiles. Les \u00e9tablissements publics de sant\u00e9 disposent de flottes automobiles essentielles \u00e0 la continuit\u00e9 des soins et des services. Si ces v\u00e9hicules sont indispensables aux \u00e9quipes soignantes, au transport des patients ou encore \u00e0 la logistique quotidienne, ils&hellip;","_links":{"self":[{"href":"https:\/\/bu.optimum-automotive.com\/de\/wp-json\/wp\/v2\/posts\/5528","targetHints":{"allow":["GET"]}}],"collection":[{"href":"https:\/\/bu.optimum-automotive.com\/de\/wp-json\/wp\/v2\/posts"}],"about":[{"href":"https:\/\/bu.optimum-automotive.com\/de\/wp-json\/wp\/v2\/types\/post"}],"author":[{"embeddable":true,"href":"https:\/\/bu.optimum-automotive.com\/de\/wp-json\/wp\/v2\/users\/4"}],"replies":[{"embeddable":true,"href":"https:\/\/bu.optimum-automotive.com\/de\/wp-json\/wp\/v2\/comments?post=5528"}],"version-history":[{"count":18,"href":"https:\/\/bu.optimum-automotive.com\/de\/wp-json\/wp\/v2\/posts\/5528\/revisions"}],"predecessor-version":[{"id":5556,"href":"https:\/\/bu.optimum-automotive.com\/de\/wp-json\/wp\/v2\/posts\/5528\/revisions\/5556"}],"wp:featuredmedia":[{"embeddable":true,"href":"https:\/\/bu.optimum-automotive.com\/de\/wp-json\/wp\/v2\/media\/5554"}],"wp:attachment":[{"href":"https:\/\/bu.optimum-automotive.com\/de\/wp-json\/wp\/v2\/media?parent=5528"}],"wp:term":[{"taxonomy":"category","embeddable":true,"href":"https:\/\/bu.optimum-automotive.com\/de\/wp-json\/wp\/v2\/categories?post=5528"},{"taxonomy":"post_tag","embeddable":true,"href":"https:\/\/bu.optimum-automotive.com\/de\/wp-json\/wp\/v2\/tags?post=5528"}],"curies":[{"name":"wp","href":"https:\/\/api.w.org\/{rel}","templated":true}]}}