{"id":5583,"date":"2025-02-24T11:45:35","date_gmt":"2025-02-24T10:45:35","guid":{"rendered":"https:\/\/www.optimum-automotive.com\/?p=5583"},"modified":"2025-02-24T11:54:17","modified_gmt":"2025-02-24T10:54:17","slug":"fiscalite-flottes-automobiles-2025-reformes-taxes-bonus-malus","status":"publish","type":"post","link":"https:\/\/bu.optimum-automotive.com\/de\/fiskalitat-autoflotten-2025-reformen-steuern-bonus-malus\/","title":{"rendered":"Besteuerung von Fahrzeugflotten im Jahr 2025: ein gro\u00dfer Umbruch f\u00fcr Unternehmen"},"content":{"rendered":"<div class=\"wp-block-image\">\n<figure class=\"alignright size-full is-resized\"><img loading=\"lazy\" decoding=\"async\" width=\"600\" height=\"600\" src=\"https:\/\/bu.optimum-automotive.com\/wp-content\/uploads\/2025\/02\/plf2025-adobestock_796751625-10-10-24.jpeg\" alt=\"\" class=\"wp-image-5595\" style=\"width:203px;height:auto\" srcset=\"https:\/\/bu.optimum-automotive.com\/wp-content\/uploads\/2025\/02\/plf2025-adobestock_796751625-10-10-24.jpeg 600w, https:\/\/bu.optimum-automotive.com\/wp-content\/uploads\/2025\/02\/plf2025-adobestock_796751625-10-10-24-300x300.jpeg 300w, https:\/\/bu.optimum-automotive.com\/wp-content\/uploads\/2025\/02\/plf2025-adobestock_796751625-10-10-24-150x150.jpeg 150w, https:\/\/bu.optimum-automotive.com\/wp-content\/uploads\/2025\/02\/plf2025-adobestock_796751625-10-10-24-12x12.jpeg 12w\" sizes=\"auto, (max-width: 600px) 100vw, 600px\" \/><\/figure><\/div>\n\n\n<p>Am 6. Februar wurden der Entwurf des Finanzgesetzes (PLF) und der Entwurf des Gesetzes zur Finanzierung der Sozialversicherung (PLFSS) 2025 verabschiedet. Ihre bevorstehende Ver\u00f6ffentlichung im Amtsblatt wird die neue Besteuerung von Fahrzeugflotten im Jahr 2025 offiziell festlegen, mit wichtigen \u00c4nderungen, die sich direkt auf Folgendes auswirken werden <strong>Verwalter von Fahrzeugflotten<\/strong>.<\/p>\n\n\n\n<h2 class=\"wp-block-heading\"><strong>Eine einschr\u00e4nkende Besteuerung f\u00fcr die Mobilit\u00e4t von Unternehmen<\/strong><\/h2>\n\n\n\n<p>Die Steuerreformen werden die Kfz-Besteuerung von Unternehmen grundlegend ver\u00e4ndern. Sie werden umweltsch\u00e4dliche Fahrzeuge st\u00e4rker besteuern und die Beihilfen f\u00fcr den Energiewandel k\u00fcrzen. Die Abschaffung der Umtauschpr\u00e4mie und die deutliche Senkung des Umweltbonus werden die Einf\u00fchrung von \"emissionsarmen\" Fahrzeugen erschweren. Um diesen steinigen Weg zu bew\u00e4ltigen, brauchen die Unternehmen Instrumente, insbesondere zur Analyse der Nutzung der einzelnen Fahrzeuge. Dies bietet zum Beispiel OPTIMUM mit seinem <strong><a href=\"https:\/\/bu.optimum-automotive.com\/de\/lp-electrification-des-vehicules-dentreprise-elektrifizierung-von-firmenfahrzeugen\/\">Elektrifizierungsstudie<\/a><\/strong> die es erm\u00f6glicht, \"elektrifizierbare\" Fahrzeuge zu identifizieren. Dies erm\u00f6glicht somit die Begr\u00fcnung von Fahrzeugen, deren Nutzung mit einem Elektroantrieb vereinbar ist.<\/p>\n\n\n\n<h2 class=\"wp-block-heading\"><strong>\u00c4nderung der TVU und der Zulassungssteuern<\/strong><\/h2>\n\n\n\n<p>Die Steuer auf die Nutzung von Fahrzeugen (<a href=\"https:\/\/entreprendre.service-public.fr\/vosdroits\/F22203\">TVU<\/a>) gibt es einige bemerkenswerte Entwicklungen. So wurde seit dem 1. Januar 2025 die Steuerbefreiung f\u00fcr Hybridfahrzeuge abgeschafft. Fahrzeuge, die mit Super-Ethanol E85 betrieben werden, erhalten jedoch eine kompensatorische Erm\u00e4\u00dfigung von 40 % auf die CO2-Emissionen (unter bestimmten Bedingungen).<\/p>\n\n\n\n<h2 class=\"wp-block-heading\"><strong>Eine Steuer auf die Begr\u00fcnung von Flotten mit mehr als 100 Fahrzeugen<\/strong><\/h2>\n\n\n<div class=\"wp-block-image\">\n<figure class=\"alignleft size-full is-resized\"><img loading=\"lazy\" decoding=\"async\" width=\"562\" height=\"771\" src=\"https:\/\/bu.optimum-automotive.com\/wp-content\/uploads\/2025\/02\/carte-grise-1.jpg\" alt=\"\" class=\"wp-image-5597\" style=\"width:169px;height:auto\" srcset=\"https:\/\/bu.optimum-automotive.com\/wp-content\/uploads\/2025\/02\/carte-grise-1.jpg 562w, https:\/\/bu.optimum-automotive.com\/wp-content\/uploads\/2025\/02\/carte-grise-1-219x300.jpg 219w, https:\/\/bu.optimum-automotive.com\/wp-content\/uploads\/2025\/02\/carte-grise-1-9x12.jpg 9w\" sizes=\"auto, (max-width: 562px) 100vw, 562px\" \/><\/figure><\/div>\n\n\n<p class=\"has-text-align-left\">Gleichzeitig wurde die regionale Zulassungssteuer in fast allen Regionen Frankreichs erh\u00f6ht. Au\u00dferdem wurde die Befreiung von der Zulassungsgeb\u00fchr f\u00fcr sogenannte \"saubere\" Fahrzeuge abgeschafft, mit Ausnahme der Region Hauts-de-France, die eine Erm\u00e4\u00dfigung von 50 % beibeh\u00e4lt.<\/p>\n\n\n\n<p>Um die Elektrifizierung von Fahrzeugflotten zu beschleunigen, f\u00fchrt die Regierung au\u00dferdem eine neue Steuer ein, die auf Unternehmen mit mehr als 100 Fahrzeugen abzielt. Ab dem 1. M\u00e4rz 2025 m\u00fcssen diese Unternehmen eine Strafe von 2.000 Euro pro fehlendem emissionsarmen Fahrzeug zahlen. Diese Steuer wird 2026 auf 4.000 Euro und 2027 auf 5.000 Euro ansteigen. Einige Kategorien sind jedoch von dieser Ma\u00dfnahme ausgenommen: Mietflotten, landwirtschaftliche Fahrzeuge, \u00f6ffentliche Verkehrsmittel und Fahrschulen.<\/p>\n\n\n\n<h2 class=\"wp-block-heading\"><strong>Versch\u00e4rfung des \u00f6kologischen Malus <\/strong><\/h2>\n\n\n\n<p>Eine der einflussreichsten \u00c4nderungen betrifft die Versch\u00e4rfung des<a href=\"https:\/\/www.economie.gouv.fr\/cedef\/malus-vehicules-polluants\"> \u00f6kologischer Malus<\/a>Der Bonus wird deutlich reduziert. Tats\u00e4chlich wird ab dem 1. M\u00e4rz 2025 :<\/p>\n\n\n\n<ul class=\"wp-block-list\">\n<li>Der Schwellenwert f\u00fcr die Ausl\u00f6sung des CO2-Malus wird von 118 g\/km auf 113 g\/km gesenkt.<\/li>\n\n\n\n<li>Die Obergrenze f\u00fcr den Malus steigt schrittweise von 70.000 \u20ac im Jahr 2025 auf 90.000 \u20ac im Jahr 2027 (derzeit 60.000 \u20ac).<\/li>\n<\/ul>\n\n\n\n<p>Was die gewichtsbezogene Malusregelung betrifft, so werden Hybridfahrzeuge ihre Erm\u00e4\u00dfigung schrittweise verlieren, und ab dem 1. Juli 2026 werden auch Elektrofahrzeuge betroffen sein. Allerdings wird ein Abschlag von 600 kg auf ihre Masse in fahrbereitem Zustand angewandt.<\/p>\n\n\n\n<h2 class=\"wp-block-heading\"><strong>K\u00fcrzung des Umweltbonus<\/strong><\/h2>\n\n\n\n<p>Parallel dazu wird der Umweltbonus stark eingeschr\u00e4nkt. F\u00fcr Flotten ist er nunmehr ausgeschlossen, f\u00fcr Privatpersonen wird er bis 2025 auf 690 Millionen Euro begrenzt. Je nach Haushaltseinkommen wird der Zuschuss zwischen 2.000 und 4.000 Euro betragen. Diese Ma\u00dfnahme w\u00fcrde nach Angaben der Regierung die Anschaffung von rund 200 000 Elektrofahrzeugen im Jahr erm\u00f6glichen. Kleintransporter mit Elektro- oder Wasserstoffantrieb sind jedoch nicht mehr f\u00f6rderf\u00e4hig.<\/p>\n\n\n\n<h2 class=\"wp-block-heading\"><strong>F\u00f6rderung der Pauschale f\u00fcr nachhaltige Mobilit\u00e4t (Sustainable Mobility Package, SMP) f\u00fcr eine umweltfreundlichere Mobilit\u00e4t<\/strong><\/h2>\n\n\n\n<figure class=\"wp-block-image size-full is-resized\"><img loading=\"lazy\" decoding=\"async\" width=\"1024\" height=\"644\" src=\"https:\/\/bu.optimum-automotive.com\/wp-content\/uploads\/2025\/02\/arton8515.jpg\" alt=\"\" class=\"wp-image-5598\" style=\"width:837px;height:auto\" srcset=\"https:\/\/bu.optimum-automotive.com\/wp-content\/uploads\/2025\/02\/arton8515.jpg 1024w, https:\/\/bu.optimum-automotive.com\/wp-content\/uploads\/2025\/02\/arton8515-300x189.jpg 300w, https:\/\/bu.optimum-automotive.com\/wp-content\/uploads\/2025\/02\/arton8515-768x483.jpg 768w, https:\/\/bu.optimum-automotive.com\/wp-content\/uploads\/2025\/02\/arton8515-18x12.jpg 18w\" sizes=\"auto, (max-width: 1024px) 100vw, 1024px\" \/><\/figure>\n\n\n\n<p class=\"has-text-align-left\">Die <a href=\"https:\/\/www.ecologie.gouv.fr\/politiques-publiques\/faq-forfait-mobilites-durables-fmd\">FMD<\/a> ist eine Schl\u00fcssell\u00f6sung, um die Nutzung alternativer Verkehrsmittel zu f\u00f6rdern. Er erm\u00f6glicht es Arbeitgebern, die Reisekosten ihrer Arbeitnehmer zu \u00fcbernehmen, wenn diese sich f\u00fcr umweltfreundlichere Verkehrsmittel f\u00fcr den Weg zur Arbeit entscheiden. Seit dem 1. Januar 2025 umfasst der GDF nun auch Fahrgemeinschaften, auch mit einem Familienmitglied. Die gezahlten Betr\u00e4ge bleiben bis zu 600 \u20ac\/Jahr von den Sozialversicherungsbeitr\u00e4gen und der CSG-CRDS befreit.<\/p>\n\n\n\n<p class=\"has-text-align-left\">Anstatt einfach nur Verbrennungsfahrzeuge durch Elektrofahrzeuge zu ersetzen, werden bei der Begr\u00fcnung von Fuhrparks nun auch nachhaltige L\u00f6sungen wie Fahrgemeinschaften einbezogen. Die Einf\u00fchrung des GVF bedeutet, in eine verantwortungsvollere und optimierte Mobilit\u00e4t f\u00fcr Unternehmen und ihre Mitarbeiter zu investieren.<\/p>\n\n\n\n<h2 class=\"wp-block-heading\"><strong>Schlussfolgerung: H\u00f6here Steuern als Herausforderung f\u00fcr Unternehmen<\/strong><\/h2>\n\n\n\n<p>Die neuen Steuerma\u00dfnahmen f\u00fcr 2025 ver\u00e4ndern das Management von Fahrzeugflotten. Sie erh\u00f6hen die Steuern und k\u00fcrzen die Unterst\u00fctzung f\u00fcr die Elektrifizierung. Sie verh\u00e4ngen auch Strafen f\u00fcr s\u00e4umige Unternehmen.<\/p>\n\n\n\n<p>Unternehmen m\u00fcssen ihre Fahrzeugflotten als strategische Herausforderung verwalten. Sie m\u00fcssen diese Ver\u00e4nderungen voraussehen und ihre Mobilit\u00e4tspolitik anpassen. So k\u00f6nnen sie wettbewerbsf\u00e4hig bleiben und die gesetzlichen Vorschriften einhalten.<\/p>\n\n\n\n<p>Die Energiewende in der Automobilbranche schreitet voran, aber die finanziellen Anreize nehmen ab. Unternehmen m\u00fcssen ihre Fahrzeugwahl optimieren, um die steuerlichen Auswirkungen zu begrenzen. Au\u00dferdem m\u00fcssen sie eine nachhaltige Mobilit\u00e4t aufrechterhalten.<\/p>\n\n\n\n<p><\/p>","protected":false},"excerpt":{"rendered":"<p>Die neuen Steuerreformen werden die Kfz-Steuer f\u00fcr Unternehmen ab 2025 grundlegend ver\u00e4ndern. Fahrzeuge, die als umweltsch\u00e4dlich eingestuft werden, werden h\u00f6her besteuert, w\u00e4hrend die Beihilfen f\u00fcr den Energiewandel gek\u00fcrzt werden.<\/p>","protected":false},"author":2,"featured_media":5603,"comment_status":"closed","ping_status":"closed","sticky":false,"template":"","format":"standard","meta":{"_coblocks_attr":"","_coblocks_dimensions":"","_coblocks_responsive_height":"","_coblocks_accordion_ie_support":"","_uag_custom_page_level_css":"","footnotes":""},"categories":[13],"tags":[],"class_list":["post-5583","post","type-post","status-publish","format-standard","has-post-thumbnail","hentry","category-gestion-de-flotte"],"uagb_featured_image_src":{"full":["https:\/\/bu.optimum-automotive.com\/wp-content\/uploads\/2025\/02\/pour-article-FRANCK.jpg",800,374,false],"thumbnail":["https:\/\/bu.optimum-automotive.com\/wp-content\/uploads\/2025\/02\/pour-article-FRANCK-150x150.jpg",150,150,true],"medium":["https:\/\/bu.optimum-automotive.com\/wp-content\/uploads\/2025\/02\/pour-article-FRANCK-300x140.jpg",300,140,true],"medium_large":["https:\/\/bu.optimum-automotive.com\/wp-content\/uploads\/2025\/02\/pour-article-FRANCK-768x359.jpg",768,359,true],"large":["https:\/\/bu.optimum-automotive.com\/wp-content\/uploads\/2025\/02\/pour-article-FRANCK.jpg",800,374,false],"1536x1536":["https:\/\/bu.optimum-automotive.com\/wp-content\/uploads\/2025\/02\/pour-article-FRANCK.jpg",800,374,false],"2048x2048":["https:\/\/bu.optimum-automotive.com\/wp-content\/uploads\/2025\/02\/pour-article-FRANCK.jpg",800,374,false],"trp-custom-language-flag":["https:\/\/bu.optimum-automotive.com\/wp-content\/uploads\/2025\/02\/pour-article-FRANCK-18x8.jpg",18,8,true]},"uagb_author_info":{"display_name":"f.gaultier@optimum-automotive.com","author_link":"https:\/\/bu.optimum-automotive.com\/de\/author\/f-gaultieroptimum-automotive-com\/"},"uagb_comment_info":0,"uagb_excerpt":"Les nouvelles r\u00e9formes fiscales vont modifier en profondeur la fiscalit\u00e9 automobile des entreprises d\u00e8s 2025. Les v\u00e9hicules jug\u00e9s polluants seront davantage tax\u00e9s, tandis que les aides \u00e0 la transition \u00e9nerg\u00e9tique seront r\u00e9duites.","_links":{"self":[{"href":"https:\/\/bu.optimum-automotive.com\/de\/wp-json\/wp\/v2\/posts\/5583","targetHints":{"allow":["GET"]}}],"collection":[{"href":"https:\/\/bu.optimum-automotive.com\/de\/wp-json\/wp\/v2\/posts"}],"about":[{"href":"https:\/\/bu.optimum-automotive.com\/de\/wp-json\/wp\/v2\/types\/post"}],"author":[{"embeddable":true,"href":"https:\/\/bu.optimum-automotive.com\/de\/wp-json\/wp\/v2\/users\/2"}],"replies":[{"embeddable":true,"href":"https:\/\/bu.optimum-automotive.com\/de\/wp-json\/wp\/v2\/comments?post=5583"}],"version-history":[{"count":21,"href":"https:\/\/bu.optimum-automotive.com\/de\/wp-json\/wp\/v2\/posts\/5583\/revisions"}],"predecessor-version":[{"id":5611,"href":"https:\/\/bu.optimum-automotive.com\/de\/wp-json\/wp\/v2\/posts\/5583\/revisions\/5611"}],"wp:featuredmedia":[{"embeddable":true,"href":"https:\/\/bu.optimum-automotive.com\/de\/wp-json\/wp\/v2\/media\/5603"}],"wp:attachment":[{"href":"https:\/\/bu.optimum-automotive.com\/de\/wp-json\/wp\/v2\/media?parent=5583"}],"wp:term":[{"taxonomy":"category","embeddable":true,"href":"https:\/\/bu.optimum-automotive.com\/de\/wp-json\/wp\/v2\/categories?post=5583"},{"taxonomy":"post_tag","embeddable":true,"href":"https:\/\/bu.optimum-automotive.com\/de\/wp-json\/wp\/v2\/tags?post=5583"}],"curies":[{"name":"wp","href":"https:\/\/api.w.org\/{rel}","templated":true}]}}