{"id":5645,"date":"2025-03-03T11:33:40","date_gmt":"2025-03-03T10:33:40","guid":{"rendered":"https:\/\/www.optimum-automotive.com\/?p=5645"},"modified":"2025-03-05T12:06:53","modified_gmt":"2025-03-05T11:06:53","slug":"avantages-en-nature-vehicules-de-fonction-2025","status":"publish","type":"post","link":"https:\/\/bu.optimum-automotive.com\/de\/geldwerte-vorteile-dienstwagen-2025\/","title":{"rendered":"Reform der geldwerten Vorteile von Fahrzeugen: R\u00fcckwirkende Anwendung zum 1. Februar 2025"},"content":{"rendered":"<div class=\"wp-block-uagb-image aligncenter uagb-block-8c9b07e9 wp-block-uagb-image--layout-default wp-block-uagb-image--effect-static wp-block-uagb-image--align-center\"><figure class=\"wp-block-uagb-image__figure\"><img decoding=\"async\" srcset=\"https:\/\/bu.optimum-automotive.com\/wp-content\/uploads\/2025\/03\/Journal_officiel.gif ,https:\/\/bu.optimum-automotive.com\/wp-content\/uploads\/2025\/03\/Journal_officiel.gif 780w, https:\/\/bu.optimum-automotive.com\/wp-content\/uploads\/2025\/03\/Journal_officiel.gif 360w\" sizes=\"auto, (max-width: 480px) 150px\" src=\"https:\/\/bu.optimum-automotive.com\/wp-content\/uploads\/2025\/03\/Journal_officiel.gif\" alt=\"\" class=\"uag-image-5650\" width=\"259\" height=\"103\" title=\"Offizielle_Zeitung\" loading=\"lazy\" role=\"img\"\/><\/figure><\/div>\n\n\n\n<p class=\"has-text-align-left\">Nach Monaten des Wartens und der Ger\u00fcchte wurde die Reform der geldwerten Vorteile am 27. Februar 2025 offiziell im Journal Officiel ver\u00f6ffentlicht. Ihre Anwendung erfolgt r\u00fcckwirkend zum 1. Februar 2025 und nicht wie geplant zum 1. M\u00e4rz. <br>Diese Reform wirkt sich auf Fahrzeuge mit Verbrennungsmotor und Elektrofahrzeuge aus und erh\u00f6ht die Kosten f\u00fcr Unternehmen und Arbeitnehmer. Entschl\u00fcsseln wir diese Ma\u00dfnahmen und L\u00f6sungen, um ihre Auswirkungen zu begrenzen.<\/p>\n\n\n\n<h2 class=\"wp-block-heading\"><strong>H\u00f6here Steuers\u00e4tze f\u00fcr Verbrennungsfahrzeuge<\/strong><\/h2>\n\n\n\n<p>Ab dem 1. Februar 2025 werden die Pauschalsteuers\u00e4tze f\u00fcr Fahrzeuge mit Verbrennungsmotor erh\u00f6ht. Diese Erh\u00f6hung beruht auf der Annahme einer verst\u00e4rkten privaten Nutzung von Dienstfahrzeugen. Diese \u00c4nderungen betreffen nur Fahrzeuge, die nach dem 1. Februar 2025 zur Verf\u00fcgung gestellt werden :<\/p>\n\n\n\n<ul class=\"wp-block-list\">\n<li><strong>Gekauftes Fahrzeug<\/strong> &gt; 5Jahre :\n<ul class=\"wp-block-list\">\n<li>10 % des Kaufpreises (gegen\u00fcber derzeit 6 %)<\/li>\n\n\n\n<li>15 %, wenn der Treibstoff eingeschlossen ist (derzeit 9 %)<\/li>\n<\/ul>\n<\/li>\n\n\n\n<li><strong>Gekauftes Fahrzeug<\/strong> &lt; 5Jahre :\n<ul class=\"wp-block-list\">\n<li>15 % des Kaufpreises (gegen\u00fcber derzeit 9 %)<\/li>\n\n\n\n<li>20 %, wenn der Treibstoff eingeschlossen ist (derzeit 12 %)<\/li>\n<\/ul>\n<\/li>\n\n\n\n<li><strong>Gemietetes Fahrzeug<\/strong> :\n<ul class=\"wp-block-list\">\n<li>50 % der j\u00e4hrlichen Kosten (gegen\u00fcber derzeit 30 %)<\/li>\n\n\n\n<li>67 %, wenn der Treibstoff eingeschlossen ist (gegen\u00fcber 40 % heute)<\/li>\n<\/ul>\n<\/li>\n<\/ul>\n\n\n\n<p><br>Dieser Anstieg beruht auf der Annahme, dass die private Nutzung von Fahrzeugen einen Anteil von <strong>50 bis 60 % der Zeit<\/strong>. Wir werden sp\u00e4ter in diesem Artikel sehen, wie es mit L\u00f6sungen wie der von OPTIMUM m\u00f6glich ist, diese rein theoretische Annahme zu widerlegen.<\/p>\n\n\n\n<h2 class=\"wp-block-heading\"><strong>Ein erh\u00f6hter Freibetrag f\u00fcr Elektrofahrzeuge<\/strong><\/h2>\n\n\n\n<p>Um den Energiewandel zu f\u00f6rdern, wird der Freibetrag f\u00fcr den geldwerten Vorteil von Elektrofahrzeugen von 50 % auf 70 % angehoben. Er ist auf 4.582 Euro pro Jahr begrenzt und gilt bis zum 31. Dezember 2027.<br>Diese Erm\u00e4\u00dfigung gilt nur f\u00fcr zertifizierte Fahrzeuge <strong>\u00d6ko-Score der Ademe<\/strong>. Wie bei den Modellen mit Verbrennungsmotor gilt diese \u00c4nderung nur f\u00fcr Fahrzeuge, die ab dem 1. Januar 2009 zur Verf\u00fcgung gestellt werden.<sup>er<\/sup>&nbsp;Februar 2025<\/p>\n\n\n\n<h2 class=\"wp-block-heading\"><strong>Ladestationen und Steuerbefreiung<\/strong><\/h2>\n\n\n\n<p class=\"has-text-align-left\">Bis <strong>2027<\/strong>Die Installation und Nutzung einer <strong>Ladestation am Arbeitsplatz<\/strong> bleiben steuerfrei. <br>Wenn der Arbeitgeber eine Ladestation am Wohnort des Arbeitnehmers finanziert, gilt eine Befreiung von den Sozialversicherungsbeitr\u00e4gen bis zu einem H\u00f6chstbetrag von :<\/p>\n\n\n\n<p class=\"has-text-align-left\"><strong>1.565,20 Euro<\/strong> f\u00fcr eine Klemme, die \u00e4lter als f\u00fcnf Jahre ist<\/p>\n\n\n\n<p><strong>1043,50 Euro<\/strong> f\u00fcr eine neue Ladestation<\/p>\n\n\n\n<h2 class=\"wp-block-heading\"><strong>Wie kann man seine Strategie f\u00fcr das Flottenmanagement optimieren?<\/strong><\/h2>\n\n\n\n<p>Um die Auswirkungen dieser Reform zu begrenzen, sind mehrere Strategien m\u00f6glich:<\/p>\n\n\n\n<p><strong>Kauf und Miete vergleichen<\/strong> : Die Erh\u00f6hung der Pauschals\u00e4tze macht es erforderlich, die Art des Erwerbs zu \u00fcberdenken.<\/p>\n\n\n\n<p><strong>Bevorzugung von \u00f6ko-scorierten Elektrofahrzeugen<\/strong> :<br>Um in den Genuss des Nachlasses von 70 % (bis zu einer Obergrenze von 4582 Euro pro Jahr) zu kommen, m\u00fcssen die Unternehmen ihre Car Policy \u00fcberdenken. Dazu m\u00fcssen sie Fahrzeuge mit einer guten und g\u00fcnstigen Umweltbewertung bevorzugen, die in der von der Ademe erstellten Liste enthalten sind.<\/p>\n\n\n\n<p><strong>Die Kosten f\u00fcr Ladestationen antizipieren<\/strong> und vor 2027 von Steuerbefreiungen profitieren.<\/p>\n\n\n\n<p><strong>Kauf und Miete vergleichen<\/strong> : Die Erh\u00f6hung der Pauschals\u00e4tze macht es erforderlich, die Art des Erwerbs zu \u00fcberdenken.<\/p>\n\n\n\n<p><strong>Bevorzugung von \u00f6ko-scorierten Elektrofahrzeugen<\/strong> :<br>Um in den Genuss des Nachlasses von 70 % (bis zu einer Obergrenze von 4582 Euro pro Jahr) zu kommen, m\u00fcssen die Unternehmen ihre Car Policy \u00fcberdenken. Dazu m\u00fcssen sie Fahrzeuge mit einer guten und g\u00fcnstigen Umweltbewertung bevorzugen, die in der von der Ademe erstellten Liste enthalten sind.<\/p>\n\n\n\n<p><strong>Die Kosten f\u00fcr Ladestationen antizipieren<\/strong> und vor 2027 von Steuerbefreiungen profitieren.<\/p>\n\n\n\n<p><strong>Natural Benefits real angeben :<\/strong> nicht auf der Grundlage einer theoretischen Sch\u00e4tzung, sondern auf der Grundlage der tats\u00e4chlichen Nutzung bezahlen.<br>Die OPTIMUM Flottenmanagement-L\u00f6sung erm\u00f6glicht es Ihnen n\u00e4mlich, zwischen privaten und gesch\u00e4ftlichen Kilometern zu unterscheiden!<br>Wie soll das geschehen? Durch die Erstellung von (ver\u00e4nderbaren) Canvas, die es mithilfe einer Telematikbox erm\u00f6glichen, die gefahrenen Kilometer in der \"privaten\" oder in der beruflichen Box zu verbuchen. <br>Die OPTIMUM-Plattform erm\u00f6glicht es n\u00e4mlich, Steuersimulationen zu erstellen, um die vorteilhafteste Option zwischen Real- und Pauschalsteuer zu w\u00e4hlen.<\/p>\n\n\n\n<h2 class=\"wp-block-heading\"><strong>Schlussfolgerung<\/strong><\/h2>\n\n\n\n<p>Diese Reform stellt die Besteuerung von Dienstwagen auf den Kopf. Denn die h\u00f6heren Belastungen f\u00fcr Fahrzeuge mit Verbrennungsmotor und die Anreize f\u00fcr Elektrofahrzeuge werden die Entscheidungen der Fuhrparkmanager beeinflussen. Aber abgesehen von den Entscheidungen, die im Hinblick auf die Car Policy getroffen werden m\u00fcssen, gibt es L\u00f6sungen, um die Auswirkungen der Besteuerung von geldwerten Vorteilen zu begrenzen.<\/p>\n\n\n\n<p class=\"has-text-align-left\"><\/p>\n\n\n\n<p><\/p>","protected":false},"excerpt":{"rendered":"<p>Die neuen Steuerreformen werden die Kfz-Steuer f\u00fcr Unternehmen ab 2025 grundlegend ver\u00e4ndern. Fahrzeuge, die als umweltsch\u00e4dlich eingestuft werden, werden h\u00f6her besteuert, w\u00e4hrend die Beihilfen f\u00fcr den Energiewandel gek\u00fcrzt werden.<\/p>","protected":false},"author":2,"featured_media":5684,"comment_status":"closed","ping_status":"closed","sticky":false,"template":"","format":"standard","meta":{"_coblocks_attr":"","_coblocks_dimensions":"","_coblocks_responsive_height":"","_coblocks_accordion_ie_support":"","_uag_custom_page_level_css":"","footnotes":""},"categories":[13],"tags":[],"class_list":["post-5645","post","type-post","status-publish","format-standard","has-post-thumbnail","hentry","category-gestion-de-flotte"],"uagb_featured_image_src":{"full":["https:\/\/bu.optimum-automotive.com\/wp-content\/uploads\/2025\/03\/Taille-Vignette-article-site-oa.png",900,421,false],"thumbnail":["https:\/\/bu.optimum-automotive.com\/wp-content\/uploads\/2025\/03\/Taille-Vignette-article-site-oa-150x150.png",150,150,true],"medium":["https:\/\/bu.optimum-automotive.com\/wp-content\/uploads\/2025\/03\/Taille-Vignette-article-site-oa-300x140.png",300,140,true],"medium_large":["https:\/\/bu.optimum-automotive.com\/wp-content\/uploads\/2025\/03\/Taille-Vignette-article-site-oa-768x359.png",768,359,true],"large":["https:\/\/bu.optimum-automotive.com\/wp-content\/uploads\/2025\/03\/Taille-Vignette-article-site-oa.png",900,421,false],"1536x1536":["https:\/\/bu.optimum-automotive.com\/wp-content\/uploads\/2025\/03\/Taille-Vignette-article-site-oa.png",900,421,false],"2048x2048":["https:\/\/bu.optimum-automotive.com\/wp-content\/uploads\/2025\/03\/Taille-Vignette-article-site-oa.png",900,421,false],"trp-custom-language-flag":["https:\/\/bu.optimum-automotive.com\/wp-content\/uploads\/2025\/03\/Taille-Vignette-article-site-oa-18x8.png",18,8,true]},"uagb_author_info":{"display_name":"f.gaultier@optimum-automotive.com","author_link":"https:\/\/bu.optimum-automotive.com\/de\/author\/f-gaultieroptimum-automotive-com\/"},"uagb_comment_info":0,"uagb_excerpt":"Les nouvelles r\u00e9formes fiscales vont modifier en profondeur la fiscalit\u00e9 automobile des entreprises d\u00e8s 2025. Les v\u00e9hicules jug\u00e9s polluants seront davantage tax\u00e9s, tandis que les aides \u00e0 la transition \u00e9nerg\u00e9tique seront r\u00e9duites.","_links":{"self":[{"href":"https:\/\/bu.optimum-automotive.com\/de\/wp-json\/wp\/v2\/posts\/5645","targetHints":{"allow":["GET"]}}],"collection":[{"href":"https:\/\/bu.optimum-automotive.com\/de\/wp-json\/wp\/v2\/posts"}],"about":[{"href":"https:\/\/bu.optimum-automotive.com\/de\/wp-json\/wp\/v2\/types\/post"}],"author":[{"embeddable":true,"href":"https:\/\/bu.optimum-automotive.com\/de\/wp-json\/wp\/v2\/users\/2"}],"replies":[{"embeddable":true,"href":"https:\/\/bu.optimum-automotive.com\/de\/wp-json\/wp\/v2\/comments?post=5645"}],"version-history":[{"count":15,"href":"https:\/\/bu.optimum-automotive.com\/de\/wp-json\/wp\/v2\/posts\/5645\/revisions"}],"predecessor-version":[{"id":5698,"href":"https:\/\/bu.optimum-automotive.com\/de\/wp-json\/wp\/v2\/posts\/5645\/revisions\/5698"}],"wp:featuredmedia":[{"embeddable":true,"href":"https:\/\/bu.optimum-automotive.com\/de\/wp-json\/wp\/v2\/media\/5684"}],"wp:attachment":[{"href":"https:\/\/bu.optimum-automotive.com\/de\/wp-json\/wp\/v2\/media?parent=5645"}],"wp:term":[{"taxonomy":"category","embeddable":true,"href":"https:\/\/bu.optimum-automotive.com\/de\/wp-json\/wp\/v2\/categories?post=5645"},{"taxonomy":"post_tag","embeddable":true,"href":"https:\/\/bu.optimum-automotive.com\/de\/wp-json\/wp\/v2\/tags?post=5645"}],"curies":[{"name":"wp","href":"https:\/\/api.w.org\/{rel}","templated":true}]}}