{"id":695,"date":"2019-11-12T15:57:53","date_gmt":"2019-11-12T14:57:53","guid":{"rendered":"http:\/\/127.0.0.1\/GAimport\/2019\/11\/12\/leve-14-me\/"},"modified":"2025-01-22T12:13:41","modified_gmt":"2025-01-22T11:13:41","slug":"leve-14-me","status":"publish","type":"post","link":"https:\/\/bu.optimum-automotive.com\/de\/leve-14-me\/","title":{"rendered":"OPTIMUM gewinnt 14 Millionen Euro"},"content":{"rendered":"<div class=\"wp-block-image\">\n<figure class=\"aligncenter size-full\"><img loading=\"lazy\" decoding=\"async\" width=\"431\" height=\"252\" src=\"https:\/\/bu.optimum-automotive.com\/wp-content\/uploads\/2024\/06\/01-2.jpg\" alt=\"\" class=\"wp-image-1764\" srcset=\"https:\/\/bu.optimum-automotive.com\/wp-content\/uploads\/2024\/06\/01-2.jpg 431w, https:\/\/bu.optimum-automotive.com\/wp-content\/uploads\/2024\/06\/01-2-300x175.jpg 300w\" sizes=\"auto, (max-width: 431px) 100vw, 431px\" \/><\/figure><\/div>\n\n\n<p><strong>OPTIMUM SAMMELT 14 M\u20ac BEI PARIS FONDS VERT, AMUNDI PRIVATE EQUITY FUNDS UND DEN HISTORISCHEN FINANZAKTION\u00c4REN: REGION SUD INVESTISSEMENT, A+ FINANCE UND SCR PROVENCALE ET CORSE (BANQUE POPULAIRE MEDITERRANEE).<\/strong><\/p>\n\n\n\n<p><strong>OPTIMUM ist ein f\u00fchrender Anbieter von Flottenoptimierung durch die intelligente Verarbeitung von vernetzten Daten. Das Unternehmen gab heute bekannt, dass es 14 Mio. \u20ac von neuen Fonds erhalten hat: <\/strong><\/p>\n\n\n\n<ul class=\"wp-block-list\">\n<li><strong>Paris Fonds Vert, ein von Demeter verwalteter und von der Stadt Paris unterst\u00fctzter Fonds, <\/strong><\/li>\n\n\n\n<li><strong>Amundi Private Equity Funds, und neue Investitionen von drei langj\u00e4hrigen Aktion\u00e4ren: der Co-Investitionsfonds R\u00e9gion Sud Investissement, der von der Groupe Turenne bei der Verwaltung seiner Beteiligungen beraten wird.<\/strong><\/li>\n\n\n\n<li><strong>Der Fonds Cap D\u00e9veloppement, der von A+Finance und der SCR Proven\u00e7ale et Corse, einer Tochtergesellschaft der Banque Populaire M\u00e9diterran\u00e9e, verwaltet wird.<\/strong>.<\/li>\n<\/ul>\n\n\n\n<h2 class=\"wp-block-heading\">Ein f\u00fchrender Anbieter von Dienstleistungen f\u00fcr das vernetzte Auto<\/h2>\n\n\n\n<p>Die Entwicklung vernetzter Dienste stellt das Fuhrparkmanagement von Unternehmen auf den Kopf. Fuhrparkmanager suchen nach Dienstleistungen, die ihre Betriebskosten messbar senken k\u00f6nnen. Die Entwicklung hin zu Elektrofahrzeugen ist zu einer Priorit\u00e4t geworden. Neue Mobilit\u00e4tsformen wie Carsharing und Mitfahrgelegenheiten stehen im Mittelpunkt ihrer Erwartungen.<\/p>\n\n\n\n<p>Die 2006 von Daniel Vassallucci in Aix-en-Provence gegr\u00fcndete Firma Optimum erf\u00fcllt diese Erwartungen. Sie hat sich mit einer Plattform zur Sammlung und Verwaltung von Daten ausgestattet, die st\u00e4ndig aktualisiert wird. Sie ist mit allen Akteuren des Automobilsektors verbunden (Hersteller, Ausr\u00fcster, H\u00e4ndler, Beh\u00f6rden, Dienstleister im weitesten Sinne f\u00fcr Flotten ...). Das Unternehmen hat auf dieser Grundlage ein umfassendes Dienstleistungsangebot f\u00fcr Fuhrparkmanager entwickelt. Dieses Angebot umfasst die Unterst\u00fctzung, Verwaltung und Optimierung von Flotten, die Geolokalisierung von Fahrzeugen, die \u00dcberwachung des Fahrerverhaltens und Carsharing\/Fahrgemeinschaften.<\/p>\n\n\n\n<p>Diese Dienstleistungen werden mit einem modularen Ansatz und in Form von Abonnements angeboten. Optimum hilft seinen Kunden, ihren Energie- und Verbrauchsmaterialverbrauch und ihre Umweltauswirkungen zu reduzieren. Nach und nach hilft es beim Umstieg auf alternative Transportl\u00f6sungen (Fahrgemeinschaften\/Elektrofahrzeuge). Seine Dienstleistungen f\u00fchren zu deutlichen Reduzierungen : <\/p>\n\n\n\n<ul class=\"wp-block-list\">\n<li>Treibhausgasemissionen der eingesetzten Flotten (2, 7 Tonnen CO2-\u00c4q.\/Fahrzeug\/Jahr) <\/li>\n\n\n\n<li>des Energieverbrauchs (8,5 MWh\/Fahrzeug\/Jahr). <\/li>\n<\/ul>\n\n\n\n<p>Die in Frankreich und Afrika ans\u00e4ssige Gruppe hat insgesamt \u00fcber 80.000 Fahrzeuge unter Vertrag, die von insgesamt 4.000 Unternehmen und Gebietsk\u00f6rperschaften unterschiedlicher Gr\u00f6\u00dfe gehalten oder geleast werden. Etwa 30% dieser Fahrzeugflotten befinden sich im Gro\u00dfraum Paris. Die Gruppe besch\u00e4ftigt 69 Mitarbeiter.<\/p>\n\n\n\n<h2 class=\"wp-block-heading\">Industrialisierung der Dienstleistungen f\u00fcr Flottenmanager<\/h2>\n\n\n\n<p>Optimum gab heute eine Kapitalerh\u00f6hung von 14 Mio. \u20ac bekannt.Paris Fonds Vert, der von Demeter verwaltet und von der Stadt Paris unterst\u00fctzt wird, steuert 8 Mio. \u20ac bei und fungiert als Konsortialf\u00fchrer der Transaktion.Amundi Private Equity Funds beteiligt sich mit 2 Mio. \u20ac. Die historischen Finanzaktion\u00e4re beteiligen sich ebenfalls:<\/p>\n\n\n\n<ul class=\"wp-block-list\">\n<li>SCR Proven\u00e7ale et Corse, eine Tochtergesellschaft der Banque Populaire M\u00e9diterran\u00e9e, mit 0,5 Mio. \u20ac.<\/li>\n\n\n\n<li>R\u00e9gion Sud Investissement, beraten von der Groupe Turenne, mit 2 Mio. \u20ac.<\/li>\n\n\n\n<li>Cap D\u00e9veloppement, verwaltet von A+Finance, mit 1,5 Mio. \u20ac.<\/li>\n\n\n\n<li><\/li>\n<\/ul>\n\n\n\n<p>Die Mittelaufnahme ist haupts\u00e4chlich f\u00fcr die Finanzierung des Konzerns und zu einem geringen Teil f\u00fcr die Liquidit\u00e4t historischer Business Angels bestimmt.<\/p>\n\n\n\n<p>Nach Abschluss der Transaktion beh\u00e4lt Daniel Vassallucci die Kontrolle und den Vorsitz des Unternehmens.<\/p>\n\n\n\n<p>Das Unternehmen zeigt zwei Ambitionen. Es m\u00f6chte sich weiter auf dem stark wachsenden franz\u00f6sischen Markt f\u00fcr vernetzte Dienstleistungen f\u00fcr das Flottenmanagement etablieren. Die vorrangige Herausforderung besteht darin, einen wachsenden Anteil der bestehenden Unternehmensfuhrparks auszustatten. Diese Verbindungen werden es den Fahrzeugen erm\u00f6glichen, auf die vielf\u00e4ltigen Dienste von Optimum zuzugreifen. Dies wird dazu beitragen, das Flottenmanagement zu optimieren.<\/p>\n\n\n\n<p>Optimum zielt auch auf neue europ\u00e4ische M\u00e4rkte ab. Ziel ist es, die Dienstleistungen an die Besonderheiten der einzelnen M\u00e4rkte anzupassen. Diese Expansion soll vor allem durch externes Wachstum erfolgen. Das Unternehmen m\u00f6chte auch seine Pr\u00e4senz in Afrika ausbauen. Es ist seit 2015 auf dem Kontinent pr\u00e4sent und verf\u00fcgt \u00fcber Niederlassungen in Marokko und an der Elfenbeink\u00fcste.<\/p>\n\n\n\n<h2 class=\"wp-block-heading\">Daniel Vassallucci, Gr\u00fcndungspr\u00e4sident von Optimum erkl\u00e4rt:<\/h2>\n\n\n\n<p>\"<em> Ich freue mich sehr, dass Optimum diesen neuen Meilenstein erreicht hat. Diese Kapitalerh\u00f6hung, die bei Investoren durchgef\u00fchrt wurde, die sowohl unsere Ambitionen als auch unsere Werte teilen. Sie ist zweifellos der Ausgangspunkt f\u00fcr den Aufbau eines internationalen franz\u00f6sischen Konzerns im Bereich der vernetzten Dienstleistungen f\u00fcr Fahrzeugflotten. Unsere Wachstumsambitionen beruhen auf zwei Achsen. Zum einen soll der Fuhrpark in Frankreich und im Ausland durch externes Wachstum erschlossen werden, um sehr schnell mehrere hunderttausend Fahrzeuge zu betreuen. Zum anderen soll die Umsetzung der Strategie der zus\u00e4tzlichen Mehrwertdienste f\u00fcr Manager (Beratung, delegierte Verwaltung usw.) durch Partnerschaften oder \u00dcbernahmen beschleunigt werden. <\/em> \".<\/p>\n\n\n\n<h2 class=\"wp-block-heading\">Lionel Cormier, Managing Partner von Demeter (Paris Fonds Vert) erkl\u00e4rt:<\/h2>\n\n\n\n<p>\" <em>Wir freuen uns sehr, Optimum und seine F\u00fchrungskr\u00e4fte bei ihrem Wachstum in Frankreich und auf internationaler Ebene begleiten zu d\u00fcrfen. Wir sind von der technologischen Qualit\u00e4t der Optimum-L\u00f6sungen und ihrer Relevanz f\u00fcr die Bed\u00fcrfnisse professioneller Fuhrparkmanager \u00fcberzeugt, deren Priorit\u00e4t sowohl in der Kostenkontrolle (TCO) als auch in der Reduzierung ihrer Umweltauswirkungen liegt. A<\/em>insi, die<em> Optimums Dienstleistungen sind wie ein Beschleuniger f\u00fcr die Umstellung von Flotten auf gr\u00fcne Mobilit\u00e4t und insbesondere auf Elektrofahrzeuge. Durch diese Investition von Paris Fonds Vert bringt Demeter seine gesamte Expertise und sein Netzwerk ein, um zur Entwicklung eines internationalen Champions f\u00fcr nachhaltige Mobilit\u00e4t beizutragen.<\/em> \".<\/p>\n\n\n\n<p>Investoren :<\/p>\n\n\n\n<ul class=\"wp-block-list\">\n<li>Demeter : Lionel Cormier, Eric Vincent<\/li>\n\n\n\n<li>Amundi Private Equity Funds: Julien Jaud, Fr\u00e9d\u00e9ric Labia<\/li>\n\n\n\n<li>R\u00e9gion Sud Investissement beraten von der Groupe Turenne: Marie Desportes<\/li>\n\n\n\n<li>A+Finance: Jean-Michel Sibu\u00e9<\/li>\n\n\n\n<li>SCR Proven\u00e7ale &amp; Corse: Sauveur Cascone<\/li>\n<\/ul>\n\n\n\n<p>Tipps:<\/p>\n\n\n\n<ul class=\"wp-block-list\">\n<li>Finanzielle Beratung des Unternehmens: goetzpartners (Guillaume Piette, Antoine Leclere, Camille P\u00e9riss\u00e8re)<\/li>\n\n\n\n<li>Rechtsberatung Gesellschaft: Cabinet Lamartine (Clyve Monfredo, Jessica Bianchi)<\/li>\n\n\n\n<li>Rechtsberatung f\u00fcr Investoren: Latournerie Wolfrom (Christian Wolfrom, Justine Conrard),<\/li>\n\n\n\n<li>Rechtsbeistand der SCR Proven\u00e7ale et Corse: SCP Bollet &amp; Associ\u00e9s (Denis Periano, Jean-BaptisteDeprez)<\/li>\n\n\n\n<li>Juristische Rundschau: Latournerie Wolfrom (Christian Wolfrom, Justine Conrard, Marie-H\u00e9l\u00e8ne Tonnellier,Etienne Guillou, Sarah-Jane Mirou, Claire Decoux Laroudie und Sophie Koenig)<\/li>\n\n\n\n<li>Finanzielle \u00dcberpr\u00fcfung: ACA Nexia (Laurent Cazebonne, Samy Chiffour)<\/li>\n<\/ul>\n\n\n\n<h2 class=\"wp-block-heading\">\u00dcber Optimum :<\/h2>\n\n\n\n<p>Optimum ist ein Unternehmen des Pass French Tech und tr\u00e4gt das G\u00fctesiegel Bpi Excellence. Das Unternehmen hat fast 70 Mitarbeiter. Es verf\u00fcgt \u00fcber ein mehr als 14-j\u00e4hriges Know-how auf dem Markt f\u00fcr vernetzte Fahrzeuge und entwirft, entwickelt und vermarktet innovative L\u00f6sungen. Diese L\u00f6sungen richten sich an Unternehmen und K\u00f6rperschaften, die \u00fcber einen Fuhrpark verf\u00fcgen. Sie richten sich auch an die Akteure im Bereich Automotive: Vermieter, H\u00e4ndler, Versicherer usw. Optimum ist in Frankreich und international vertreten und verwaltet mehr als 80.000 Fahrzeuge mit entsprechender Ausstattung. Diese Fahrzeuge geh\u00f6ren zu einem Portfolio von mehr als 4.000 Gesch\u00e4ftskunden.<\/p>\n\n\n\n<p><br>https:\/\/bu.optimum-automotive.com<\/p>\n\n\n\n<p><strong>Pressekontakte :<\/strong><br><br>Kommunikation: Franck Gaultier \/ f.gaultier@optimum-automotive.com \/ 07 88 68 49 22<br><br>Presseagentur: Astrid Sergeant \/ asergeant@agence-sergeantpaper.fr \/ 07 77 70 71 73<\/p>\n\n\n\n<p><strong>\u00dcber Demeter <\/strong><br><br>Demeter (www.demeter-im.com) ist ein wichtiger europ\u00e4ischer Akteur im Bereich des Investitionskapitals f\u00fcr den energetischen und \u00f6kologischen \u00dcbergang. Seine Fonds investieren zwischen 1 und 30 Millionen Euro, um Unternehmen in diesem Sektor zu unterst\u00fctzen. Sie begleiten innovative Start-ups, wachstumsstarke KMUs und Midcap-Unternehmen sowie Infrastrukturprojekte.<\/p>\n\n\n\n<p>Das Team von Demeter besteht aus 35 Mitarbeitern in Paris, Grenoble, Metz, Madrid und M\u00fcnster. Demeter verwaltet ein Portfolio von 1 Milliarde Euro und hat seit 2005 130 Investitionen get\u00e4tigt. Paris Fonds Vert ist ein Wachstumskapitalfonds mit territorialer Wirkung. Er wurde auf Initiative der Stadt Paris gegr\u00fcndet. Sein Ziel ist es, den energetischen und \u00f6kologischen Wandel in den gro\u00dfen Metropolen zu beschleunigen.<\/p>\n\n\n\n<p>Pressekontakt: Lionel Cormier, Managing Partner \/ lionel.cormier@demeter-im.com \/ 01 43 12 53 40<\/p>\n\n\n\n<p><strong>\u00dcber Amundi Private Equity Funds <\/strong><br><br>Mit einem Verm\u00f6gen von 7,5 Milliarden Euro (Stand: 30. Juni 2019) bietet Amundi Private Equity Funds seinen privaten und institutionellen Kunden eine breite Palette von Produkten, die nach ihren Bed\u00fcrfnissen aufgebaut sind. Kunden k\u00f6nnen in zwei Arten von Produkten investieren: Direktfonds, die sich der direkten Beteiligung an nicht b\u00f6rsennotierten Unternehmen (in der Entwicklungs- und \u00dcbertragungsphase) widmen, und Dachfonds, die sich der Investition in Private-Equity-, Private-Debt- und Infrastrukturfonds widmen.<\/p>\n\n\n\n<p>Weitere Informationen: www.amundi-pef.com<\/p>\n\n\n\n<p><strong>\u00dcber Amundi<\/strong><br><br>Amundi ist der gr\u00f6\u00dfte europ\u00e4ische Asset Manager in Bezug auf das verwaltete Verm\u00f6gen und geh\u00f6rt zu den Top 10 weltweit. Die Gruppe verwaltet 1.563 Milliarden Euro und verf\u00fcgt \u00fcber sechs Hauptverwaltungsplattformen. Amundi bietet seinen Kunden in Europa, im Asien-Pazifik-Raum, im Nahen Osten und in Nord- und S\u00fcdamerika ein breites Spektrum an Fachwissen und Anlagel\u00f6sungen in den Bereichen aktives und passives Management sowie reale und alternative Verm\u00f6genswerte. Die Kunden von Amundi haben au\u00dferdem Zugang zu einem umfassenden Angebot an Tools und Dienstleistungen. Amundi hat seinen Hauptsitz in Paris und ist seit November 2015 an der B\u00f6rse notiert.<\/p>\n\n\n\n<p>Mit seinen einzigartigen Research-Kapazit\u00e4ten und dem Talent von fast 4.500 Mitarbeitern und Marktexperten in 37 L\u00e4ndern bietet Amundi Privatkunden, institutionellen Kunden und Unternehmenskunden innovative Spar- und Anlagel\u00f6sungen, die ihren spezifischen Bed\u00fcrfnissen, Renditezielen und Risikoprofilen gerecht werden.<\/p>\n\n\n\n<p><strong>Amundi. Vertrauen muss man sich verdienen.<\/strong><br><br>Besuchen Sie www.amundi.com f\u00fcr weitere Informationen oder um ein Amundi-Team in Ihrer N\u00e4he zu finden.<br><strong>Pressekontakt : <\/strong> Geetha Chandrasegaram - Tel: +33 1 76 37 02 73 - Geetha.chandrasegaram@amundi.com<\/p>\n\n\n\n<p><strong>\u00dcber R\u00e9gion Sud Investissement<\/strong><br><br>R\u00e9gion Sud Investissement ist der regionale Co-Investitionsfonds, der 2010 von der Region Sud Provence Alpes C\u00f4te d'Azur gegr\u00fcndet wurde, um die Entstehung und Entwicklung von regionalen Wachstumsunternehmen zu unterst\u00fctzen. Diese SAS, die mit 80 Mio. \u20ac ausgestattet ist, wurde von Europa durch den EFRE-Fonds in H\u00f6he von 50% ihres Kapitals unterst\u00fctzt. Seit Juli 2011 hat dieser Fonds, der bei der Verwaltung seiner Beteiligungen von der Turenne-Gruppe beraten wird, bereits in 87 regionale Unternehmen mit einem Gesamtbetrag von 42,9 Mio. \u20ac investiert.<\/p>\n\n\n\n<p>Weitere Informationen: www.regionsudinvestissement.com<\/p>\n\n\n\n<p><strong>\u00dcber die Groupe Turenne<\/strong><br><br>Die Groupe Turenne, die Region Sud Investissement bei der Verwaltung ihrer Beteiligungen ber\u00e4t, ist eine der f\u00fchrenden Kapitalbeteiligungsgesellschaften in Frankreich und begleitet seit 20 Jahren Unternehmer bei ihren Innovations- und Entwicklungsprojekten sowie bei der \u00dcbertragung ihrer Unternehmen. Als unabh\u00e4ngige, von der AMF zugelassene Verwaltungsgesellschaft, die sich im Besitz ihrer Mitarbeiter befindet, verf\u00fcgt die Groupe Turenne zum 30. Juni 2019 \u00fcber ein verwaltetes Verm\u00f6gen von mehr als einer Milliarde Euro. Ihre Teams, die sich aus 61 Fachleuten, darunter 46 Investoren, zusammensetzen und in Paris, Marseille, Lille (Nord Capital, in Partnerschaft mit dem Cr\u00e9dit Agricole Nord de France), Lyon und Metz ans\u00e4ssig sind, begleiten mehr als 250 Unternehmensleiter aus den Bereichen Gesundheit, Hotellerie, neue Technologien, Vertrieb oder innovative Dienstleistungen.<\/p>\n\n\n\n<p>Weitere Informationen: www.turennecapital.com<\/p>","protected":false},"excerpt":{"rendered":"<p>OPTIMUM LEVE 14 M\u20ac AUPRES DE PARIS FONDS VERT, D\u2019AMUNDI PRIVATE EQUITY FUNDS ET DES ACTIONNAIRES FINANCIERS HISTORIQUES : REGION SUD INVESTISSEMENT, A+ FINANCE ET SCR PROVENCALE ET CORSE (BANQUE POPULAIRE MEDITERRANEE) OPTIMUM est un acteur incontestable en Optimisation de flotte gr\u00e2ce au traitement intelligent des donn\u00e9es connect\u00e9es. Il annonce ce jour avoir proc\u00e9d\u00e9 \u00e0 [&hellip;]<\/p>","protected":false},"author":1,"featured_media":1764,"comment_status":"closed","ping_status":"open","sticky":false,"template":"","format":"standard","meta":{"_coblocks_attr":"","_coblocks_dimensions":"","_coblocks_responsive_height":"","_coblocks_accordion_ie_support":"","_uag_custom_page_level_css":"","footnotes":""},"categories":[4],"tags":[],"class_list":["post-695","post","type-post","status-publish","format-standard","has-post-thumbnail","hentry","category-actualites"],"uagb_featured_image_src":{"full":["https:\/\/bu.optimum-automotive.com\/wp-content\/uploads\/2024\/06\/01-2.jpg",431,252,false],"thumbnail":["https:\/\/bu.optimum-automotive.com\/wp-content\/uploads\/2024\/06\/01-2-150x150.jpg",150,150,true],"medium":["https:\/\/bu.optimum-automotive.com\/wp-content\/uploads\/2024\/06\/01-2-300x175.jpg",300,175,true],"medium_large":["https:\/\/bu.optimum-automotive.com\/wp-content\/uploads\/2024\/06\/01-2.jpg",431,252,false],"large":["https:\/\/bu.optimum-automotive.com\/wp-content\/uploads\/2024\/06\/01-2.jpg",431,252,false],"1536x1536":["https:\/\/bu.optimum-automotive.com\/wp-content\/uploads\/2024\/06\/01-2.jpg",431,252,false],"2048x2048":["https:\/\/bu.optimum-automotive.com\/wp-content\/uploads\/2024\/06\/01-2.jpg",431,252,false],"trp-custom-language-flag":["https:\/\/bu.optimum-automotive.com\/wp-content\/uploads\/2024\/06\/01-2.jpg",18,12,false]},"uagb_author_info":{"display_name":"camaleon","author_link":"https:\/\/bu.optimum-automotive.com\/de\/author\/camaleon\/"},"uagb_comment_info":0,"uagb_excerpt":"OPTIMUM LEVE 14 M\u20ac AUPRES DE PARIS FONDS VERT, D\u2019AMUNDI PRIVATE EQUITY FUNDS ET DES ACTIONNAIRES FINANCIERS HISTORIQUES : REGION SUD INVESTISSEMENT, A+ FINANCE ET SCR PROVENCALE ET CORSE (BANQUE POPULAIRE MEDITERRANEE) OPTIMUM est un acteur incontestable en Optimisation de flotte gr\u00e2ce au traitement intelligent des donn\u00e9es connect\u00e9es. Il annonce ce jour avoir proc\u00e9d\u00e9 \u00e0&hellip;","_links":{"self":[{"href":"https:\/\/bu.optimum-automotive.com\/de\/wp-json\/wp\/v2\/posts\/695","targetHints":{"allow":["GET"]}}],"collection":[{"href":"https:\/\/bu.optimum-automotive.com\/de\/wp-json\/wp\/v2\/posts"}],"about":[{"href":"https:\/\/bu.optimum-automotive.com\/de\/wp-json\/wp\/v2\/types\/post"}],"author":[{"embeddable":true,"href":"https:\/\/bu.optimum-automotive.com\/de\/wp-json\/wp\/v2\/users\/1"}],"replies":[{"embeddable":true,"href":"https:\/\/bu.optimum-automotive.com\/de\/wp-json\/wp\/v2\/comments?post=695"}],"version-history":[{"count":3,"href":"https:\/\/bu.optimum-automotive.com\/de\/wp-json\/wp\/v2\/posts\/695\/revisions"}],"predecessor-version":[{"id":5462,"href":"https:\/\/bu.optimum-automotive.com\/de\/wp-json\/wp\/v2\/posts\/695\/revisions\/5462"}],"wp:featuredmedia":[{"embeddable":true,"href":"https:\/\/bu.optimum-automotive.com\/de\/wp-json\/wp\/v2\/media\/1764"}],"wp:attachment":[{"href":"https:\/\/bu.optimum-automotive.com\/de\/wp-json\/wp\/v2\/media?parent=695"}],"wp:term":[{"taxonomy":"category","embeddable":true,"href":"https:\/\/bu.optimum-automotive.com\/de\/wp-json\/wp\/v2\/categories?post=695"},{"taxonomy":"post_tag","embeddable":true,"href":"https:\/\/bu.optimum-automotive.com\/de\/wp-json\/wp\/v2\/tags?post=695"}],"curies":[{"name":"wp","href":"https:\/\/api.w.org\/{rel}","templated":true}]}}