{"id":424,"date":"2019-04-01T17:11:15","date_gmt":"2019-04-01T15:11:15","guid":{"rendered":"http:\/\/127.0.0.1\/GAimport\/2019\/04\/01\/retenu-par-la-haute-savoie\/"},"modified":"2024-06-03T12:01:19","modified_gmt":"2024-06-03T10:01:19","slug":"retenu-par-la-haute-savoie","status":"publish","type":"post","link":"https:\/\/bu.optimum-automotive.com\/en\/selected-by-haute-savoie\/","title":{"rendered":"Optimum Automotive selected by Haute-Savoie"},"content":{"rendered":"<p>The fleet management solutions provider has just signed a major contract with the Haute-Savoie General Council. The first wave concerns 1,000 vehicles.<\/p>\n\n\n\n<p>Local authorities are one of Optimum Automotive's target markets, as demonstrated by one of its latest contracts. According to the Journal de l'Automobile, the fleet management solutions provider has won a tender from the Haute-Savoie General Council. The project involves the deployment of 1,000 vehicles, including light and medium-duty vehicles.<\/p>\n\n\n\n<p>The service provider will have six months to install the equipment on the fleet. According to sources close to the matter, the Haute-Savoie General Council's ambition is to optimize its fleet by introducing in-house car-sharing and car-pooling between employees. These services are marketed under the Drive&amp;City brand. During the call for tenders, the customer was sensitive to the diversity of the catalog,\" says Optimum Automotive.<\/p>\n\n\n\n<p>(&#8230;) <a href=\"http:\/\/journalauto.com\/lja\/article.view\/29669\/optimum-automotive-retenu-par-la-haute-savoie\/15\/connectivite\">Read more on http:\/\/journalauto.com<\/a><\/p>","protected":false},"excerpt":{"rendered":"<p>The fleet management solutions provider has just signed a major contract with the Haute-Savoie General Council. The first wave concerns 1,000 vehicles. Local authorities are one of Optimum Automotive's target markets, as demonstrated by one of the latest contracts signed. According to information from Le Journal de l'Automobile, the automotive solutions [...]<\/p>","protected":false},"author":1,"featured_media":1790,"comment_status":"closed","ping_status":"open","sticky":false,"template":"","format":"standard","meta":{"_coblocks_attr":"","_coblocks_dimensions":"","_coblocks_responsive_height":"","_coblocks_accordion_ie_support":"","_uag_custom_page_level_css":"","footnotes":""},"categories":[4],"tags":[],"class_list":["post-424","post","type-post","status-publish","format-standard","has-post-thumbnail","hentry","category-actualites"],"uagb_featured_image_src":{"full":["https:\/\/bu.optimum-automotive.com\/wp-content\/uploads\/2019\/04\/01.jpg",476,275,false],"thumbnail":["https:\/\/bu.optimum-automotive.com\/wp-content\/uploads\/2019\/04\/01-150x150.jpg",150,150,true],"medium":["https:\/\/bu.optimum-automotive.com\/wp-content\/uploads\/2019\/04\/01-300x173.jpg",300,173,true],"medium_large":["https:\/\/bu.optimum-automotive.com\/wp-content\/uploads\/2019\/04\/01.jpg",476,275,false],"large":["https:\/\/bu.optimum-automotive.com\/wp-content\/uploads\/2019\/04\/01.jpg",476,275,false],"1536x1536":["https:\/\/bu.optimum-automotive.com\/wp-content\/uploads\/2019\/04\/01.jpg",476,275,false],"2048x2048":["https:\/\/bu.optimum-automotive.com\/wp-content\/uploads\/2019\/04\/01.jpg",476,275,false],"trp-custom-language-flag":["https:\/\/bu.optimum-automotive.com\/wp-content\/uploads\/2019\/04\/01.jpg",18,10,false]},"uagb_author_info":{"display_name":"camaleon","author_link":"https:\/\/bu.optimum-automotive.com\/en\/author\/camaleon\/"},"uagb_comment_info":0,"uagb_excerpt":"Le fournisseur de solutions de gestion de flotte vient de signer un contrat d\u2019envergure avec le Conseil g\u00e9n\u00e9ral de Haute-Savoie. La premi\u00e8re vague concerne 1 000 v\u00e9hicules. Les collectivit\u00e9s font parties des cibles d\u2019Optimum Automotive et l\u2019un des tous derniers contrats sign\u00e9s en atteste. Selon les informations du Journal de l\u2019Automobile, le fournisseur de solutions&hellip;","_links":{"self":[{"href":"https:\/\/bu.optimum-automotive.com\/en\/wp-json\/wp\/v2\/posts\/424","targetHints":{"allow":["GET"]}}],"collection":[{"href":"https:\/\/bu.optimum-automotive.com\/en\/wp-json\/wp\/v2\/posts"}],"about":[{"href":"https:\/\/bu.optimum-automotive.com\/en\/wp-json\/wp\/v2\/types\/post"}],"author":[{"embeddable":true,"href":"https:\/\/bu.optimum-automotive.com\/en\/wp-json\/wp\/v2\/users\/1"}],"replies":[{"embeddable":true,"href":"https:\/\/bu.optimum-automotive.com\/en\/wp-json\/wp\/v2\/comments?post=424"}],"version-history":[{"count":1,"href":"https:\/\/bu.optimum-automotive.com\/en\/wp-json\/wp\/v2\/posts\/424\/revisions"}],"predecessor-version":[{"id":1791,"href":"https:\/\/bu.optimum-automotive.com\/en\/wp-json\/wp\/v2\/posts\/424\/revisions\/1791"}],"wp:featuredmedia":[{"embeddable":true,"href":"https:\/\/bu.optimum-automotive.com\/en\/wp-json\/wp\/v2\/media\/1790"}],"wp:attachment":[{"href":"https:\/\/bu.optimum-automotive.com\/en\/wp-json\/wp\/v2\/media?parent=424"}],"wp:term":[{"taxonomy":"category","embeddable":true,"href":"https:\/\/bu.optimum-automotive.com\/en\/wp-json\/wp\/v2\/categories?post=424"},{"taxonomy":"post_tag","embeddable":true,"href":"https:\/\/bu.optimum-automotive.com\/en\/wp-json\/wp\/v2\/tags?post=424"}],"curies":[{"name":"wp","href":"https:\/\/api.w.org\/{rel}","templated":true}]}}