{"id":5583,"date":"2025-02-24T11:45:35","date_gmt":"2025-02-24T10:45:35","guid":{"rendered":"https:\/\/www.optimum-automotive.com\/?p=5583"},"modified":"2025-02-24T11:54:17","modified_gmt":"2025-02-24T10:54:17","slug":"fiscalite-flottes-automobiles-2025-reformes-taxes-bonus-malus","status":"publish","type":"post","link":"https:\/\/bu.optimum-automotive.com\/en\/taxation-car-fleets-2025-tax-reforms-bonus-malus\/","title":{"rendered":"Fleet taxation in 2025: a major upheaval for businesses"},"content":{"rendered":"<div class=\"wp-block-image\">\n<figure class=\"alignright size-full is-resized\"><img loading=\"lazy\" decoding=\"async\" width=\"600\" height=\"600\" src=\"https:\/\/bu.optimum-automotive.com\/wp-content\/uploads\/2025\/02\/plf2025-adobestock_796751625-10-10-24.jpeg\" alt=\"\" class=\"wp-image-5595\" style=\"width:203px;height:auto\" srcset=\"https:\/\/bu.optimum-automotive.com\/wp-content\/uploads\/2025\/02\/plf2025-adobestock_796751625-10-10-24.jpeg 600w, https:\/\/bu.optimum-automotive.com\/wp-content\/uploads\/2025\/02\/plf2025-adobestock_796751625-10-10-24-300x300.jpeg 300w, https:\/\/bu.optimum-automotive.com\/wp-content\/uploads\/2025\/02\/plf2025-adobestock_796751625-10-10-24-150x150.jpeg 150w, https:\/\/bu.optimum-automotive.com\/wp-content\/uploads\/2025\/02\/plf2025-adobestock_796751625-10-10-24-12x12.jpeg 12w\" sizes=\"auto, (max-width: 600px) 100vw, 600px\" \/><\/figure><\/div>\n\n\n<p>On February 6, the Finance Bill (PLF) and the Social Security Financing Bill (PLFSS) 2025 were passed. Their imminent publication in the Journal Officiel will make official the new taxation of car fleets in 2025, with major changes that will have a direct impact on <strong>fleet managers<\/strong>.<\/p>\n\n\n\n<h2 class=\"wp-block-heading\"><strong>A restrictive tax system for business mobility<\/strong><\/h2>\n\n\n\n<p>Tax reforms will radically change the way companies tax their vehicles. They will increase taxes on polluting vehicles and reduce support for the energy transition. The abolition of the conversion bonus and the significant reduction in the ecological bonus will make it harder to adopt \"low-emission\" vehicles. To get through this bumpy road, companies need tools, in particular to analyze the use of each vehicle. This is what OPTIMUM offers, for example, with its <strong><a href=\"https:\/\/bu.optimum-automotive.com\/en\/lp-corporate-vehicle-electrification\/\">electrification study<\/a><\/strong> which identifies \"electrifiable\" vehicles. This makes it possible to green vehicles whose use is compatible with electric motorization.<\/p>\n\n\n\n<h2 class=\"wp-block-heading\"><strong>Changes to TVU and registration taxes<\/strong><\/h2>\n\n\n\n<p>The Vehicle Use Tax (<a href=\"https:\/\/entreprendre.service-public.fr\/vosdroits\/F22203\">TVU<\/a>) has undergone some significant changes. As of January 1, 2025, the exemption for hybrid vehicles has been abolished. However, vehicles running on E85 super ethanol benefit from a compensatory allowance of 40 % on CO2 emissions (under certain conditions).<\/p>\n\n\n\n<h2 class=\"wp-block-heading\"><strong>A tax on the greening of fleets of over 100 vehicles<\/strong><\/h2>\n\n\n<div class=\"wp-block-image\">\n<figure class=\"alignleft size-full is-resized\"><img loading=\"lazy\" decoding=\"async\" width=\"562\" height=\"771\" src=\"https:\/\/bu.optimum-automotive.com\/wp-content\/uploads\/2025\/02\/carte-grise-1.jpg\" alt=\"\" class=\"wp-image-5597\" style=\"width:169px;height:auto\" srcset=\"https:\/\/bu.optimum-automotive.com\/wp-content\/uploads\/2025\/02\/carte-grise-1.jpg 562w, https:\/\/bu.optimum-automotive.com\/wp-content\/uploads\/2025\/02\/carte-grise-1-219x300.jpg 219w, https:\/\/bu.optimum-automotive.com\/wp-content\/uploads\/2025\/02\/carte-grise-1-9x12.jpg 9w\" sizes=\"auto, (max-width: 562px) 100vw, 562px\" \/><\/figure><\/div>\n\n\n<p class=\"has-text-align-left\">At the same time, regional registration taxes have increased in almost all regions of France. In addition, the registration tax exemption for \"clean\" vehicles has been abolished, with the exception of Hauts-de-France, which maintains a reduction of 50 %.<\/p>\n\n\n\n<p>Furthermore, to accelerate the electrification of vehicle fleets, the government is introducing a new tax targeting companies with more than 100 vehicles. From March 1, 2025, these companies will have to pay a fine of 2,000 euros per missing low-emission vehicle. This tax will rise to 4,000 euros in 2026 and 5,000 euros in 2027. Certain categories are exempt from this measure: rental fleets, agricultural vehicles, public transport and driving schools.<\/p>\n\n\n\n<h2 class=\"wp-block-heading\"><strong>Reinforcement of the ecological penalty <\/strong><\/h2>\n\n\n\n<p>One of the most far-reaching changes concerns the tightening of the<a href=\"https:\/\/www.economie.gouv.fr\/cedef\/malus-vehicules-polluants\"> ecological malus<\/a>accompanied by a significant reduction in the bonus. From March 1, 2025 :<\/p>\n\n\n\n<ul class=\"wp-block-list\">\n<li>The threshold for triggering the CO2 penalty will be lowered from 118 g\/km to 113 g\/km<\/li>\n\n\n\n<li>The malus ceiling will gradually rise from \u20ac70,000 in 2025 to \u20ac90,000 in 2027 (compared with \u20ac60,000 at present).<\/li>\n<\/ul>\n\n\n\n<p>Hybrid vehicles will gradually lose their weight allowance, and electric vehicles will also be affected from July 1, 2026. However, an allowance of 600 kg will be applied to their kerb weight.<\/p>\n\n\n\n<h2 class=\"wp-block-heading\"><strong>Reduced ecological bonus<\/strong><\/h2>\n\n\n\n<p>At the same time, the ecological bonus will be severely restricted. Now excluded for fleets, it will be limited to an envelope of 690 million euros for private individuals in 2025. As a result, depending on household income, assistance will vary between 2,000 and 4,000 euros. According to the government, this measure will enable the acquisition of around 200,000 electric vehicles over the year. However, electric or hydrogen-powered vans are no longer eligible for this scheme.<\/p>\n\n\n\n<h2 class=\"wp-block-heading\"><strong>Promote the Sustainable Mobility Package (FMD) for greener mobility<\/strong><\/h2>\n\n\n\n<figure class=\"wp-block-image size-full is-resized\"><img loading=\"lazy\" decoding=\"async\" width=\"1024\" height=\"644\" src=\"https:\/\/bu.optimum-automotive.com\/wp-content\/uploads\/2025\/02\/arton8515.jpg\" alt=\"\" class=\"wp-image-5598\" style=\"width:837px;height:auto\" srcset=\"https:\/\/bu.optimum-automotive.com\/wp-content\/uploads\/2025\/02\/arton8515.jpg 1024w, https:\/\/bu.optimum-automotive.com\/wp-content\/uploads\/2025\/02\/arton8515-300x189.jpg 300w, https:\/\/bu.optimum-automotive.com\/wp-content\/uploads\/2025\/02\/arton8515-768x483.jpg 768w, https:\/\/bu.optimum-automotive.com\/wp-content\/uploads\/2025\/02\/arton8515-18x12.jpg 18w\" sizes=\"auto, (max-width: 1024px) 100vw, 1024px\" \/><\/figure>\n\n\n\n<p class=\"has-text-align-left\">Visit <a href=\"https:\/\/www.ecologie.gouv.fr\/politiques-publiques\/faq-forfait-mobilites-durables-fmd\">FMD<\/a> is a key solution for encouraging the use of alternative modes of transport. It enables employers to cover their employees' travel costs when they opt for more environmentally-friendly home-to-work transport. As of January 1, 2025, the FMD now includes carpooling, including with a family member. Amounts paid remain exempt from social security contributions and CSG-CRDS up to \u20ac600\/year.<\/p>\n\n\n\n<p class=\"has-text-align-left\">Rather than simply replacing combustion-powered vehicles with electric ones, the greening of fleets now includes sustainable solutions such as car-sharing. Adopting the FMD means investing in more responsible, optimized mobility for companies and their employees.<\/p>\n\n\n\n<h2 class=\"wp-block-heading\"><strong>Conclusion: more restrictive taxation, a challenge for businesses<\/strong><\/h2>\n\n\n\n<p>The new 2025 tax measures are transforming fleet management. They increase taxes and reduce support for electrification. They also impose penalties on latecomers.<\/p>\n\n\n\n<p>Companies need to manage their fleets as a strategic issue. They need to anticipate these changes and adapt their mobility policy. This enables them to remain competitive and compliant with regulations.<\/p>\n\n\n\n<p>The energy transition in the automotive industry continues, but financial incentives are dwindling. Companies need to optimize their choice of vehicles to limit the fiscal impact. They must also maintain sustainable mobility.<\/p>\n\n\n\n<p><\/p>","protected":false},"excerpt":{"rendered":"<p>New tax reforms will radically alter corporate car taxation from 2025. Vehicles deemed to be polluting will be taxed more heavily, while aid for the energy transition will be reduced.<\/p>","protected":false},"author":2,"featured_media":5603,"comment_status":"closed","ping_status":"closed","sticky":false,"template":"","format":"standard","meta":{"_coblocks_attr":"","_coblocks_dimensions":"","_coblocks_responsive_height":"","_coblocks_accordion_ie_support":"","_uag_custom_page_level_css":"","footnotes":""},"categories":[13],"tags":[],"class_list":["post-5583","post","type-post","status-publish","format-standard","has-post-thumbnail","hentry","category-gestion-de-flotte"],"uagb_featured_image_src":{"full":["https:\/\/bu.optimum-automotive.com\/wp-content\/uploads\/2025\/02\/pour-article-FRANCK.jpg",800,374,false],"thumbnail":["https:\/\/bu.optimum-automotive.com\/wp-content\/uploads\/2025\/02\/pour-article-FRANCK-150x150.jpg",150,150,true],"medium":["https:\/\/bu.optimum-automotive.com\/wp-content\/uploads\/2025\/02\/pour-article-FRANCK-300x140.jpg",300,140,true],"medium_large":["https:\/\/bu.optimum-automotive.com\/wp-content\/uploads\/2025\/02\/pour-article-FRANCK-768x359.jpg",768,359,true],"large":["https:\/\/bu.optimum-automotive.com\/wp-content\/uploads\/2025\/02\/pour-article-FRANCK.jpg",800,374,false],"1536x1536":["https:\/\/bu.optimum-automotive.com\/wp-content\/uploads\/2025\/02\/pour-article-FRANCK.jpg",800,374,false],"2048x2048":["https:\/\/bu.optimum-automotive.com\/wp-content\/uploads\/2025\/02\/pour-article-FRANCK.jpg",800,374,false],"trp-custom-language-flag":["https:\/\/bu.optimum-automotive.com\/wp-content\/uploads\/2025\/02\/pour-article-FRANCK-18x8.jpg",18,8,true]},"uagb_author_info":{"display_name":"f.gaultier@optimum-automotive.com","author_link":"https:\/\/bu.optimum-automotive.com\/en\/author\/f-gaultieroptimum-automotive-com\/"},"uagb_comment_info":0,"uagb_excerpt":"Les nouvelles r\u00e9formes fiscales vont modifier en profondeur la fiscalit\u00e9 automobile des entreprises d\u00e8s 2025. Les v\u00e9hicules jug\u00e9s polluants seront davantage tax\u00e9s, tandis que les aides \u00e0 la transition \u00e9nerg\u00e9tique seront r\u00e9duites.","_links":{"self":[{"href":"https:\/\/bu.optimum-automotive.com\/en\/wp-json\/wp\/v2\/posts\/5583","targetHints":{"allow":["GET"]}}],"collection":[{"href":"https:\/\/bu.optimum-automotive.com\/en\/wp-json\/wp\/v2\/posts"}],"about":[{"href":"https:\/\/bu.optimum-automotive.com\/en\/wp-json\/wp\/v2\/types\/post"}],"author":[{"embeddable":true,"href":"https:\/\/bu.optimum-automotive.com\/en\/wp-json\/wp\/v2\/users\/2"}],"replies":[{"embeddable":true,"href":"https:\/\/bu.optimum-automotive.com\/en\/wp-json\/wp\/v2\/comments?post=5583"}],"version-history":[{"count":21,"href":"https:\/\/bu.optimum-automotive.com\/en\/wp-json\/wp\/v2\/posts\/5583\/revisions"}],"predecessor-version":[{"id":5611,"href":"https:\/\/bu.optimum-automotive.com\/en\/wp-json\/wp\/v2\/posts\/5583\/revisions\/5611"}],"wp:featuredmedia":[{"embeddable":true,"href":"https:\/\/bu.optimum-automotive.com\/en\/wp-json\/wp\/v2\/media\/5603"}],"wp:attachment":[{"href":"https:\/\/bu.optimum-automotive.com\/en\/wp-json\/wp\/v2\/media?parent=5583"}],"wp:term":[{"taxonomy":"category","embeddable":true,"href":"https:\/\/bu.optimum-automotive.com\/en\/wp-json\/wp\/v2\/categories?post=5583"},{"taxonomy":"post_tag","embeddable":true,"href":"https:\/\/bu.optimum-automotive.com\/en\/wp-json\/wp\/v2\/tags?post=5583"}],"curies":[{"name":"wp","href":"https:\/\/api.w.org\/{rel}","templated":true}]}}