{"id":5645,"date":"2025-03-03T11:33:40","date_gmt":"2025-03-03T10:33:40","guid":{"rendered":"https:\/\/www.optimum-automotive.com\/?p=5645"},"modified":"2025-03-05T12:06:53","modified_gmt":"2025-03-05T11:06:53","slug":"avantages-en-nature-vehicules-de-fonction-2025","status":"publish","type":"post","link":"https:\/\/bu.optimum-automotive.com\/en\/benefits-in-kind-company-cars-2025\/","title":{"rendered":"Reform of benefits in kind for vehicles: retroactive application to February 1, 2025"},"content":{"rendered":"<div class=\"wp-block-uagb-image aligncenter uagb-block-8c9b07e9 wp-block-uagb-image--layout-default wp-block-uagb-image--effect-static wp-block-uagb-image--align-center\"><figure class=\"wp-block-uagb-image__figure\"><img decoding=\"async\" srcset=\"https:\/\/bu.optimum-automotive.com\/wp-content\/uploads\/2025\/03\/Journal_officiel.gif ,https:\/\/bu.optimum-automotive.com\/wp-content\/uploads\/2025\/03\/Journal_officiel.gif 780w, https:\/\/bu.optimum-automotive.com\/wp-content\/uploads\/2025\/03\/Journal_officiel.gif 360w\" sizes=\"auto, (max-width: 480px) 150px\" src=\"https:\/\/bu.optimum-automotive.com\/wp-content\/uploads\/2025\/03\/Journal_officiel.gif\" alt=\"\" class=\"uag-image-5650\" width=\"259\" height=\"103\" title=\"Journal_officiel\" loading=\"lazy\" role=\"img\"\/><\/figure><\/div>\n\n\n\n<p class=\"has-text-align-left\">After months of anticipation and rumors, the benefits-in-kind reform was officially published in the Journal Officiel on February 27, 2025. Its application is retroactive to February 1, 2025, rather than March 1 as originally planned. <br>This reform impacts both combustion and electric vehicles, increasing costs for companies and employees alike. Let's decipher these measures and solutions to limit their impact.<\/p>\n\n\n\n<h2 class=\"wp-block-heading\"><strong>Rate increase for internal combustion vehicles<\/strong><\/h2>\n\n\n\n<p>From February 1, 2025, flat-rate tax rates for combustion-powered vehicles will increase. This increase is based on a presumption of increased private use of company vehicles. These changes apply only to vehicles made available after February 1, 2025:<\/p>\n\n\n\n<ul class=\"wp-block-list\">\n<li><strong>Purchased vehicle<\/strong> &gt; 5 years :\n<ul class=\"wp-block-list\">\n<li>10 % of the purchase price (compared with 6 % currently)<\/li>\n\n\n\n<li>15 % if fuel included (vs. 9 % today)<\/li>\n<\/ul>\n<\/li>\n\n\n\n<li><strong>Purchased vehicle<\/strong> &lt; 5 years :\n<ul class=\"wp-block-list\">\n<li>15 % of the purchase price (compared with 9 % currently)<\/li>\n\n\n\n<li>20 % if fuel is included (compared with 12 % today)<\/li>\n<\/ul>\n<\/li>\n\n\n\n<li><strong>Rental car<\/strong> :\n<ul class=\"wp-block-list\">\n<li>50 % of annual cost (compared with 30 % at present)<\/li>\n\n\n\n<li>67 % if fuel included (vs. 40 % today)<\/li>\n<\/ul>\n<\/li>\n<\/ul>\n\n\n\n<p><br>This increase is based on the assumption that private use of vehicles represents <strong>50 to 60 % of time<\/strong>. Later in this article, we'll see how solutions like the one proposed by OPTIMUM can challenge this purely theoretical assumption.<\/p>\n\n\n\n<h2 class=\"wp-block-heading\"><strong>Increased tax relief for electric vehicles<\/strong><\/h2>\n\n\n\n<p>To promote the energy transition, the allowance on benefits in kind for electric vehicles has been increased from 50 % to 70 %. It is capped at 4,582 euros per year and remains valid until December 31, 2027.<br>This allowance applies only to certified vehicles. <strong>Ademe eco-score<\/strong>. As with internal combustion models, this change applies only to vehicles made available from 1 January.<sup>er<\/sup>&nbsp;February 2025<\/p>\n\n\n\n<h2 class=\"wp-block-heading\"><strong>Charging stations and tax exemption<\/strong><\/h2>\n\n\n\n<p class=\"has-text-align-left\">Until <strong>2027<\/strong>installation and use of a <strong>workplace charging station<\/strong> remain tax-exempt. <br>If the employer finances a terminal in the employee's home, an exemption from social security contributions applies up to a limit of :<\/p>\n\n\n\n<p class=\"has-text-align-left\"><strong>1,565.20 euros<\/strong> for a terminal over five years old<\/p>\n\n\n\n<p><strong>1043.50 euros<\/strong> for a new terminal<\/p>\n\n\n\n<h2 class=\"wp-block-heading\"><strong>How to optimize your fleet management strategy?<\/strong><\/h2>\n\n\n\n<p>There are several possible strategies for limiting the impact of this reform:<\/p>\n\n\n\n<p><strong>Compare buying and leasing<\/strong> the increase in flat rates means that we need to reconsider the way in which we acquire them.<\/p>\n\n\n\n<p><strong>Favoring eco-certified electric vehicles<\/strong> :<br>To benefit from the 70 % allowance (up to a maximum of 4,582 Euros per year), companies need to rethink their Car Policy. To do so, they must give preference to vehicles with a good environmental score, from the list drawn up by Ademe.<\/p>\n\n\n\n<p><strong>Anticipating the costs of charging stations<\/strong> and benefit from tax exemptions before 2027.<\/p>\n\n\n\n<p><strong>Compare buying and leasing<\/strong> the increase in flat rates means that we need to reconsider the way in which we acquire them.<\/p>\n\n\n\n<p><strong>Favoring eco-certified electric vehicles<\/strong> :<br>To benefit from the 70 % allowance (up to a maximum of 4,582 Euros per year), companies need to rethink their Car Policy. To do so, they must give preference to vehicles with a good environmental score, from the list drawn up by Ademe.<\/p>\n\n\n\n<p><strong>Anticipating the costs of charging stations<\/strong> and benefit from tax exemptions before 2027.<\/p>\n\n\n\n<p><strong>Declaring benefits in kind in real terms :<\/strong> pay not on a theoretical estimate, but on actual usage.<br>The OPTIMUM fleet management solution distinguishes between private and business kilometers!<br>How do we do it? By creating (editable) templates which, thanks to a telematic box, can be used to allocate kilometers traveled to the \"private\" or \"professional\" box. <br>The OPTIMUM platform lets you run tax simulations to choose the most advantageous option between actual and flat-rate.<\/p>\n\n\n\n<h2 class=\"wp-block-heading\"><strong>Conclusion<\/strong><\/h2>\n\n\n\n<p>This reform will have a major impact on the taxation of company vehicles. Indeed, the increase in charges for internal combustion vehicles and the incentives for electric vehicles will influence fleet managers' decisions. But beyond the choices to be made in terms of Car Policy, there are solutions to limit the impact of the taxation of Benefits in Kind.<\/p>\n\n\n\n<p class=\"has-text-align-left\"><\/p>\n\n\n\n<p><\/p>","protected":false},"excerpt":{"rendered":"<p>New tax reforms will radically alter corporate car taxation from 2025. Vehicles deemed to be polluting will be taxed more heavily, while aid for the energy transition will be reduced.<\/p>","protected":false},"author":2,"featured_media":5684,"comment_status":"closed","ping_status":"closed","sticky":false,"template":"","format":"standard","meta":{"_coblocks_attr":"","_coblocks_dimensions":"","_coblocks_responsive_height":"","_coblocks_accordion_ie_support":"","_uag_custom_page_level_css":"","footnotes":""},"categories":[13],"tags":[],"class_list":["post-5645","post","type-post","status-publish","format-standard","has-post-thumbnail","hentry","category-gestion-de-flotte"],"uagb_featured_image_src":{"full":["https:\/\/bu.optimum-automotive.com\/wp-content\/uploads\/2025\/03\/Taille-Vignette-article-site-oa.png",900,421,false],"thumbnail":["https:\/\/bu.optimum-automotive.com\/wp-content\/uploads\/2025\/03\/Taille-Vignette-article-site-oa-150x150.png",150,150,true],"medium":["https:\/\/bu.optimum-automotive.com\/wp-content\/uploads\/2025\/03\/Taille-Vignette-article-site-oa-300x140.png",300,140,true],"medium_large":["https:\/\/bu.optimum-automotive.com\/wp-content\/uploads\/2025\/03\/Taille-Vignette-article-site-oa-768x359.png",768,359,true],"large":["https:\/\/bu.optimum-automotive.com\/wp-content\/uploads\/2025\/03\/Taille-Vignette-article-site-oa.png",900,421,false],"1536x1536":["https:\/\/bu.optimum-automotive.com\/wp-content\/uploads\/2025\/03\/Taille-Vignette-article-site-oa.png",900,421,false],"2048x2048":["https:\/\/bu.optimum-automotive.com\/wp-content\/uploads\/2025\/03\/Taille-Vignette-article-site-oa.png",900,421,false],"trp-custom-language-flag":["https:\/\/bu.optimum-automotive.com\/wp-content\/uploads\/2025\/03\/Taille-Vignette-article-site-oa-18x8.png",18,8,true]},"uagb_author_info":{"display_name":"f.gaultier@optimum-automotive.com","author_link":"https:\/\/bu.optimum-automotive.com\/en\/author\/f-gaultieroptimum-automotive-com\/"},"uagb_comment_info":0,"uagb_excerpt":"Les nouvelles r\u00e9formes fiscales vont modifier en profondeur la fiscalit\u00e9 automobile des entreprises d\u00e8s 2025. Les v\u00e9hicules jug\u00e9s polluants seront davantage tax\u00e9s, tandis que les aides \u00e0 la transition \u00e9nerg\u00e9tique seront r\u00e9duites.","_links":{"self":[{"href":"https:\/\/bu.optimum-automotive.com\/en\/wp-json\/wp\/v2\/posts\/5645","targetHints":{"allow":["GET"]}}],"collection":[{"href":"https:\/\/bu.optimum-automotive.com\/en\/wp-json\/wp\/v2\/posts"}],"about":[{"href":"https:\/\/bu.optimum-automotive.com\/en\/wp-json\/wp\/v2\/types\/post"}],"author":[{"embeddable":true,"href":"https:\/\/bu.optimum-automotive.com\/en\/wp-json\/wp\/v2\/users\/2"}],"replies":[{"embeddable":true,"href":"https:\/\/bu.optimum-automotive.com\/en\/wp-json\/wp\/v2\/comments?post=5645"}],"version-history":[{"count":15,"href":"https:\/\/bu.optimum-automotive.com\/en\/wp-json\/wp\/v2\/posts\/5645\/revisions"}],"predecessor-version":[{"id":5698,"href":"https:\/\/bu.optimum-automotive.com\/en\/wp-json\/wp\/v2\/posts\/5645\/revisions\/5698"}],"wp:featuredmedia":[{"embeddable":true,"href":"https:\/\/bu.optimum-automotive.com\/en\/wp-json\/wp\/v2\/media\/5684"}],"wp:attachment":[{"href":"https:\/\/bu.optimum-automotive.com\/en\/wp-json\/wp\/v2\/media?parent=5645"}],"wp:term":[{"taxonomy":"category","embeddable":true,"href":"https:\/\/bu.optimum-automotive.com\/en\/wp-json\/wp\/v2\/categories?post=5645"},{"taxonomy":"post_tag","embeddable":true,"href":"https:\/\/bu.optimum-automotive.com\/en\/wp-json\/wp\/v2\/tags?post=5645"}],"curies":[{"name":"wp","href":"https:\/\/api.w.org\/{rel}","templated":true}]}}