{"id":721,"date":"2020-01-22T09:43:07","date_gmt":"2020-01-22T08:43:07","guid":{"rendered":"http:\/\/127.0.0.1\/GAimport\/2020\/01\/22\/sur-flotauto-le-06-02-20\/"},"modified":"2025-01-21T16:36:26","modified_gmt":"2025-01-21T15:36:26","slug":"sur-flotauto-le-06-02-20","status":"publish","type":"post","link":"https:\/\/bu.optimum-automotive.com\/en\/on-flotauto-on-06-02-20\/","title":{"rendered":"Optimum Automotive exhibits on Flotauto, le 06\/02\/20"},"content":{"rendered":"<p>Optimum Automotive will be present at the 9<sup>\u00e8me<\/sup> edition of the Flotauto trade show, which takes place on 06\/02\/20 at the Grande Halle de la Villette.<\/p>\n\n\n\n<p><strong>Visit us on our stand C24\/C26\/C28<\/strong> to discover our 360\u00b0 fleet management solutions for<\/p>\n\n\n\n<ul class=\"wp-block-list\">\n<li>optimize costs, contracts and maintenance<\/li>\n\n\n\n<li>Greening fleet motorization and driving behavior<\/li>\n\n\n\n<li>Introducing and facilitating the adoption of new mobilities<\/li>\n<\/ul>\n\n\n\n<p>On this occasion, Optimum Automotive will host 2 conferences:<\/p>\n\n\n\n<h2 class=\"wp-block-heading\">Conference: \"On-board telematics: building a dashboard<\/h2>\n\n\n\n<p><strong>Thursday, February 6, 2020 from 9.15 to 10 a.m., Salle D.<\/strong><\/p>\n\n\n\n<h2 class=\"wp-block-heading\">Solution workshop: \"The new challenges of fleet management<\/h2>\n\n\n\n<p><strong>Thursday, February 6, 2020 from 12:00 to 12:45, Salle A.<\/strong><\/p>\n\n\n<div class=\"wp-block-image\">\n<figure class=\"aligncenter\"><img decoding=\"async\" src=\"https:\/\/bu.optimum-automotive.com\/local\/cache-vignettes\/L500xH152\/001-1d73f.jpg?1717407497\" alt=\"https:\/\/bu.optimum-automotive.com\/local\/cache-vignettes\/L500xH152\/001-1d73f.jpg?1717407497\"\/><\/figure><\/div>","protected":false},"excerpt":{"rendered":"<p>Optimum Automotive will be present at the 9th Flotauto trade show on 06\/02\/20 at the Grande Halle de la Villette. Come and visit us on our stand C24\/C26\/C28 to discover our 360\u00b0 fleet management solutions for Optimum Automotive will be hosting 2 conferences: Conference: \"On-board telematics: building an effective fleet management [...].<\/p>","protected":false},"author":1,"featured_media":1762,"comment_status":"closed","ping_status":"open","sticky":false,"template":"","format":"standard","meta":{"_coblocks_attr":"","_coblocks_dimensions":"","_coblocks_responsive_height":"","_coblocks_accordion_ie_support":"","_uag_custom_page_level_css":"","footnotes":""},"categories":[4],"tags":[],"class_list":["post-721","post","type-post","status-publish","format-standard","has-post-thumbnail","hentry","category-actualites"],"uagb_featured_image_src":{"full":["https:\/\/bu.optimum-automotive.com\/wp-content\/uploads\/2020\/01\/01.jpg",431,252,false],"thumbnail":["https:\/\/bu.optimum-automotive.com\/wp-content\/uploads\/2020\/01\/01-150x150.jpg",150,150,true],"medium":["https:\/\/bu.optimum-automotive.com\/wp-content\/uploads\/2020\/01\/01-300x175.jpg",300,175,true],"medium_large":["https:\/\/bu.optimum-automotive.com\/wp-content\/uploads\/2020\/01\/01.jpg",431,252,false],"large":["https:\/\/bu.optimum-automotive.com\/wp-content\/uploads\/2020\/01\/01.jpg",431,252,false],"1536x1536":["https:\/\/bu.optimum-automotive.com\/wp-content\/uploads\/2020\/01\/01.jpg",431,252,false],"2048x2048":["https:\/\/bu.optimum-automotive.com\/wp-content\/uploads\/2020\/01\/01.jpg",431,252,false],"trp-custom-language-flag":["https:\/\/bu.optimum-automotive.com\/wp-content\/uploads\/2020\/01\/01.jpg",18,12,false]},"uagb_author_info":{"display_name":"camaleon","author_link":"https:\/\/bu.optimum-automotive.com\/en\/author\/camaleon\/"},"uagb_comment_info":0,"uagb_excerpt":"Optimum Automotive sera pr\u00e9sent sur la 9\u00e8me \u00e9dition du salon Flotauto qui se d\u00e9roulera le 06\/02\/20 \u00e0 la Grande Halle de la Villette. Retrouvez-nous sur notre stand C24\/C26\/C28 pour d\u00e9couvrir nos solutions de gestion de flotte 360\u00b0 pour \u00c0 cette occasion Optimum Automotive animera 2 conf\u00e9rences : Conf\u00e9rence : \u00ab T\u00e9l\u00e9matique embarqu\u00e9e : construire un&hellip;","_links":{"self":[{"href":"https:\/\/bu.optimum-automotive.com\/en\/wp-json\/wp\/v2\/posts\/721","targetHints":{"allow":["GET"]}}],"collection":[{"href":"https:\/\/bu.optimum-automotive.com\/en\/wp-json\/wp\/v2\/posts"}],"about":[{"href":"https:\/\/bu.optimum-automotive.com\/en\/wp-json\/wp\/v2\/types\/post"}],"author":[{"embeddable":true,"href":"https:\/\/bu.optimum-automotive.com\/en\/wp-json\/wp\/v2\/users\/1"}],"replies":[{"embeddable":true,"href":"https:\/\/bu.optimum-automotive.com\/en\/wp-json\/wp\/v2\/comments?post=721"}],"version-history":[{"count":2,"href":"https:\/\/bu.optimum-automotive.com\/en\/wp-json\/wp\/v2\/posts\/721\/revisions"}],"predecessor-version":[{"id":1766,"href":"https:\/\/bu.optimum-automotive.com\/en\/wp-json\/wp\/v2\/posts\/721\/revisions\/1766"}],"wp:featuredmedia":[{"embeddable":true,"href":"https:\/\/bu.optimum-automotive.com\/en\/wp-json\/wp\/v2\/media\/1762"}],"wp:attachment":[{"href":"https:\/\/bu.optimum-automotive.com\/en\/wp-json\/wp\/v2\/media?parent=721"}],"wp:term":[{"taxonomy":"category","embeddable":true,"href":"https:\/\/bu.optimum-automotive.com\/en\/wp-json\/wp\/v2\/categories?post=721"},{"taxonomy":"post_tag","embeddable":true,"href":"https:\/\/bu.optimum-automotive.com\/en\/wp-json\/wp\/v2\/tags?post=721"}],"curies":[{"name":"wp","href":"https:\/\/api.w.org\/{rel}","templated":true}]}}