{"id":1044,"date":"2023-02-09T10:10:33","date_gmt":"2023-02-09T09:10:33","guid":{"rendered":"http:\/\/127.0.0.1\/GAimport\/2023\/02\/09\/sur-france-bleu-provence\/"},"modified":"2025-01-21T16:24:23","modified_gmt":"2025-01-21T15:24:23","slug":"sur-france-bleu-provence","status":"publish","type":"post","link":"https:\/\/bu.optimum-automotive.com\/es\/on-france-bleu-provence\/","title":{"rendered":"Hablan de nosotros en France Bleu Provence"},"content":{"rendered":"<div class=\"wp-block-image\">\n<figure class=\"aligncenter size-full\"><img loading=\"lazy\" decoding=\"async\" width=\"535\" height=\"200\" src=\"https:\/\/bu.optimum-automotive.com\/wp-content\/uploads\/2024\/05\/france_bleu_optimum.jpg\" alt=\"\" class=\"wp-image-1481\" srcset=\"https:\/\/bu.optimum-automotive.com\/wp-content\/uploads\/2024\/05\/france_bleu_optimum.jpg 535w, https:\/\/bu.optimum-automotive.com\/wp-content\/uploads\/2024\/05\/france_bleu_optimum-300x112.jpg 300w\" sizes=\"auto, (max-width: 535px) 100vw, 535px\" \/><\/figure><\/div>\n\n\n<p>Optimum apareci\u00f3 en el programa 6-9 de France Bleu Provence, presentado por Philippe Richard, en la secci\u00f3n \"La nouvelle \u00c9co\".<\/p>\n\n\n\n<p><\/p>\n\n\n\n<figure class=\"wp-block-audio\"><audio controls src=\"https:\/\/bu.optimum-automotive.com\/wp-content\/uploads\/2024\/05\/60000000230041786.mp3\"><\/audio><\/figure>","protected":false},"excerpt":{"rendered":"<p>Optimum apareci\u00f3 en el programa 6-9 de France Bleu Provence, presentado por Philippe Richard, en la secci\u00f3n \"La nouvelle \u00c9co\".<\/p>","protected":false},"author":1,"featured_media":1484,"comment_status":"closed","ping_status":"open","sticky":false,"template":"","format":"standard","meta":{"_coblocks_attr":"","_coblocks_dimensions":"","_coblocks_responsive_height":"","_coblocks_accordion_ie_support":"","_uag_custom_page_level_css":"","footnotes":""},"categories":[4],"tags":[],"class_list":["post-1044","post","type-post","status-publish","format-standard","has-post-thumbnail","hentry","category-actualites"],"uagb_featured_image_src":{"full":["https:\/\/bu.optimum-automotive.com\/wp-content\/uploads\/2023\/02\/arton418.jpg",430,250,false],"thumbnail":["https:\/\/bu.optimum-automotive.com\/wp-content\/uploads\/2023\/02\/arton418-150x150.jpg",150,150,true],"medium":["https:\/\/bu.optimum-automotive.com\/wp-content\/uploads\/2023\/02\/arton418-300x174.jpg",300,174,true],"medium_large":["https:\/\/bu.optimum-automotive.com\/wp-content\/uploads\/2023\/02\/arton418.jpg",430,250,false],"large":["https:\/\/bu.optimum-automotive.com\/wp-content\/uploads\/2023\/02\/arton418.jpg",430,250,false],"1536x1536":["https:\/\/bu.optimum-automotive.com\/wp-content\/uploads\/2023\/02\/arton418.jpg",430,250,false],"2048x2048":["https:\/\/bu.optimum-automotive.com\/wp-content\/uploads\/2023\/02\/arton418.jpg",430,250,false],"trp-custom-language-flag":["https:\/\/bu.optimum-automotive.com\/wp-content\/uploads\/2023\/02\/arton418.jpg",18,10,false]},"uagb_author_info":{"display_name":"camaleon","author_link":"https:\/\/bu.optimum-automotive.com\/es\/author\/camaleon\/"},"uagb_comment_info":0,"uagb_excerpt":"Lors de l\u2019\u00e9mission du 6-9 de France Bleu Provence, anim\u00e9e par Philippe Richard, Optimum a \u00e9t\u00e9 mis \u00e0 l\u2019honneur, dans la rubrique \u201cLa nouvelle \u00c9co\u201d.","_links":{"self":[{"href":"https:\/\/bu.optimum-automotive.com\/es\/wp-json\/wp\/v2\/posts\/1044","targetHints":{"allow":["GET"]}}],"collection":[{"href":"https:\/\/bu.optimum-automotive.com\/es\/wp-json\/wp\/v2\/posts"}],"about":[{"href":"https:\/\/bu.optimum-automotive.com\/es\/wp-json\/wp\/v2\/types\/post"}],"author":[{"embeddable":true,"href":"https:\/\/bu.optimum-automotive.com\/es\/wp-json\/wp\/v2\/users\/1"}],"replies":[{"embeddable":true,"href":"https:\/\/bu.optimum-automotive.com\/es\/wp-json\/wp\/v2\/comments?post=1044"}],"version-history":[{"count":3,"href":"https:\/\/bu.optimum-automotive.com\/es\/wp-json\/wp\/v2\/posts\/1044\/revisions"}],"predecessor-version":[{"id":5420,"href":"https:\/\/bu.optimum-automotive.com\/es\/wp-json\/wp\/v2\/posts\/1044\/revisions\/5420"}],"wp:featuredmedia":[{"embeddable":true,"href":"https:\/\/bu.optimum-automotive.com\/es\/wp-json\/wp\/v2\/media\/1484"}],"wp:attachment":[{"href":"https:\/\/bu.optimum-automotive.com\/es\/wp-json\/wp\/v2\/media?parent=1044"}],"wp:term":[{"taxonomy":"category","embeddable":true,"href":"https:\/\/bu.optimum-automotive.com\/es\/wp-json\/wp\/v2\/categories?post=1044"},{"taxonomy":"post_tag","embeddable":true,"href":"https:\/\/bu.optimum-automotive.com\/es\/wp-json\/wp\/v2\/tags?post=1044"}],"curies":[{"name":"wp","href":"https:\/\/api.w.org\/{rel}","templated":true}]}}