{"id":2752,"date":"2024-11-04T14:42:55","date_gmt":"2024-11-04T13:42:55","guid":{"rendered":"https:\/\/blog.optimum-automotive.com\/?p=2752"},"modified":"2025-01-21T15:01:48","modified_gmt":"2025-01-21T14:01:48","slug":"fiscalite-des-avantages-en-nature-une-nouvelle-menace-plane-pour-entreprises-et-salaries","status":"publish","type":"post","link":"https:\/\/bu.optimum-automotive.com\/es\/el-impuesto-sobre-las-prestaciones-en-especie-una-nueva-amenaza-para-empresas-y-trabajadores\/","title":{"rendered":"Fiscalidad de las prestaciones en especie: amenaza para empresas y trabajadores"},"content":{"rendered":"<div class=\"wp-block-image\">\n<figure class=\"alignright size-full\"><img loading=\"lazy\" decoding=\"async\" width=\"261\" height=\"261\" src=\"https:\/\/blog.optimum-automotive.com\/wp-content\/uploads\/2024\/11\/01.png\" alt=\"\" class=\"wp-image-2756\" srcset=\"https:\/\/bu.optimum-automotive.com\/wp-content\/uploads\/2024\/11\/01.png 261w, https:\/\/bu.optimum-automotive.com\/wp-content\/uploads\/2024\/11\/01-150x150.png 150w, https:\/\/bu.optimum-automotive.com\/wp-content\/uploads\/2024\/11\/01-12x12.png 12w\" sizes=\"auto, (max-width: 261px) 100vw, 261px\" \/><\/figure><\/div>\n\n\n<p>El Gobierno estudia revisar la fiscalidad de las prestaciones en especie (BIN) de los coches de empresa para aumentar los ingresos fiscales. Este endurecimiento podr\u00eda aumentar la carga de las empresas y reducir el poder adquisitivo de los asalariados. \u00bfQu\u00e9 contiene esta reforma y c\u00f3mo prever sus efectos?<\/p>\n\n\n\n<p><\/p>\n\n\n\n<p><strong>Descubra en este art\u00edculo todo lo que los trabajadores y las empresas deben saber para anticiparse a estos cambios y optimizar la fiscalidad de los veh\u00edculos de empresa.<\/strong>.<\/p>\n\n\n\n<h3 class=\"wp-block-heading\"><strong>Reforma de la fiscalidad de las prestaciones en especie de los veh\u00edculos de empresa: problemas y repercusiones<\/strong><\/h3>\n\n\n<div class=\"wp-block-image\">\n<figure class=\"alignleft size-full is-resized\"><img loading=\"lazy\" decoding=\"async\" width=\"846\" height=\"567\" src=\"https:\/\/bu.optimum-automotive.com\/wp-content\/uploads\/2024\/11\/Fotolia_85133296_S.jpg\" alt=\"\" class=\"wp-image-2758\" style=\"width:323px;height:215px\" srcset=\"https:\/\/bu.optimum-automotive.com\/wp-content\/uploads\/2024\/11\/Fotolia_85133296_S.jpg 846w, https:\/\/bu.optimum-automotive.com\/wp-content\/uploads\/2024\/11\/Fotolia_85133296_S-300x201.jpg 300w, https:\/\/bu.optimum-automotive.com\/wp-content\/uploads\/2024\/11\/Fotolia_85133296_S-768x515.jpg 768w, https:\/\/bu.optimum-automotive.com\/wp-content\/uploads\/2024\/11\/Fotolia_85133296_S-18x12.jpg 18w\" sizes=\"auto, (max-width: 846px) 100vw, 846px\" \/><\/figure><\/div>\n\n\n<p>El proyecto en estudio pretende aumentar la fiscalidad sobre las prestaciones en especie, bas\u00e1ndose en una revisi\u00f3n de los tipos aplicados a los coches de empresa. As\u00ed pues, ambiciones financieras aparte, el gobierno considera que la tasa de utilizaci\u00f3n privada de los coches de empresa est\u00e1 ampliamente subestimada. Esto es sin duda a\u00fan m\u00e1s cierto desde el desarrollo del teletrabajo.<\/p>\n\n\n\n<p>Esta reforma afectar\u00eda a todos los tipos de veh\u00edculos de empresa, ya sean de combusti\u00f3n interna o el\u00e9ctricos. Seg\u00fan las primeras informaciones, los veh\u00edculos de combusti\u00f3n ser\u00e1n los m\u00e1s afectados. En particular, cuando los costes de combustible corran a cargo de la empresa. Los veh\u00edculos el\u00e9ctricos, en cambio, probablemente se ver\u00edan menos afectados por esta propuesta de reforma fiscal.<\/p>\n\n\n\n<h3 class=\"wp-block-heading\"><strong>Consecuencias para las empresas y los trabajadores<\/strong><\/h3>\n\n\n\n<ol class=\"wp-block-list\">\n<li><strong>Para las empresas<\/strong> Un aumento de las cotizaciones a la seguridad social vinculadas a los NEA podr\u00eda llevar a las empresas a revisar sus paquetes de prestaciones o sus pol\u00edticas de movilidad. El coste global de la gesti\u00f3n de las flotas de veh\u00edculos podr\u00eda aumentar. Ello obligar\u00eda a optimizar a\u00fan m\u00e1s los gastos. <\/li>\n\n\n\n<li><strong>Para los empleados<\/strong> Los coches de empresa suelen formar parte integrante de los paquetes retributivos de los directivos. Por ello, en el salario bruto de su n\u00f3mina aparece una l\u00ednea de \"Prestaciones en especie veh\u00edculo\". Al igual que el salario bruto, esta l\u00ednea presupuestaria est\u00e1 sujeta a la seguridad social y a las cotizaciones patronales.<br>Con una fiscalidad m\u00e1s elevada, las cantidades deducidas de sus n\u00f3minas podr\u00edan aumentar, reduciendo su poder adquisitivo.<\/li>\n<\/ol>\n\n\n\n<h3 class=\"wp-block-heading\">Soluciones de Optimum Automotive para anticipar y optimizar la reforma del NEA<\/h3>\n\n\n<div class=\"wp-block-image\">\n<figure class=\"alignleft size-full\"><a class=\"cta\" href=\"https:\/\/bu.optimum-automotive.com\/es\/demo\/\" target=\"_blank\" rel=\"noopener\"><img decoding=\"async\" src=\"https:\/\/bu.optimum-automotive.com\/wp-content\/uploads\/2021\/07\/solution_gestion_de_flotte.jpg\" alt=\"\" class=\"wp-image-1298\"\/><\/a><\/figure><\/div>\n\n\n<p>Optimum Automotive, especialista en gesti\u00f3n de flotas desde 2006, ofrece una serie de soluciones para reducir los costes asociados a las prestaciones en especie. He aqu\u00ed dos estrategias clave para las empresas que buscan optimizar su situaci\u00f3n fiscal:<\/p>\n\n\n<div class=\"wp-block-image\">\n<figure class=\"alignright size-large is-resized\"><img loading=\"lazy\" decoding=\"async\" width=\"1024\" height=\"948\" src=\"https:\/\/bu.optimum-automotive.com\/wp-content\/uploads\/2024\/11\/ecran_etat_AEN-1024x948.png\" alt=\"\" class=\"wp-image-2761\" style=\"width:293px;height:270px\" srcset=\"https:\/\/bu.optimum-automotive.com\/wp-content\/uploads\/2024\/11\/ecran_etat_AEN-1024x948.png 1024w, https:\/\/bu.optimum-automotive.com\/wp-content\/uploads\/2024\/11\/ecran_etat_AEN-300x278.png 300w, https:\/\/bu.optimum-automotive.com\/wp-content\/uploads\/2024\/11\/ecran_etat_AEN-768x711.png 768w, https:\/\/bu.optimum-automotive.com\/wp-content\/uploads\/2024\/11\/ecran_etat_AEN-13x12.png 13w, https:\/\/bu.optimum-automotive.com\/wp-content\/uploads\/2024\/11\/ecran_etat_AEN.png 1400w\" sizes=\"auto, (max-width: 1024px) 100vw, 1024px\" \/><\/figure><\/div>\n\n\n<p><strong>1. Rentabilidad real de la fiscalidad optimizada<\/strong><\/p>\n\n\n\n<p>Reducir el impacto fiscal de las NEA, <strong>la declaraci\u00f3n real<\/strong> permite diferenciar entre kilometraje privado y kilometraje profesional. Esto permite ajustar la base imponible en funci\u00f3n del uso real del veh\u00edculo. Optimum ofrece un servicio automatizado denominado \"Uso e impuestos\". Facilita el control del uso profesional y privado, al tiempo que optimiza los costes fiscales. El servicio se basa en plantillas est\u00e1ndar que enumeran los d\u00edas y horas en que el veh\u00edculo se utiliza con fines profesionales y privados. Por supuesto, estas plantillas pueden modificarse para tener en cuenta cambios o circunstancias imprevistas. Gracias a una caja telem\u00e1tica, los kil\u00f3metros recorridos pueden entonces asignarse a una categor\u00eda \"profesional\" o \"privada\".<\/p>\n\n\n\n<p>El servicio \"Utilizaci\u00f3n y Fiscalidad\" de Optimum proporciona una instant\u00e1nea precisa de la utilizaci\u00f3n de cada empleado. Tambi\u00e9n se puede utilizar un simulador fiscal para establecer una proyecci\u00f3n fiscal que permita determinar el m\u00e9todo de declaraci\u00f3n m\u00e1s ventajoso (real o a tanto alzado).<br><br><\/p>\n\n\n\n<p><strong>2. Transici\u00f3n a los veh\u00edculos el\u00e9ctricos<\/strong><\/p>\n\n\n<div class=\"wp-block-image\">\n<figure class=\"alignleft size-full is-resized\"><img decoding=\"async\" src=\"https:\/\/blog.optimum-automotive.com\/wp-content\/uploads\/2024\/11\/01.jpg\" alt=\"\" class=\"wp-image-2766\" style=\"width:266px;height:215px\"\/><\/figure><\/div>\n\n\n<p>Bajo la presi\u00f3n medioambiental y gubernamental (LOM, ZFE, etc.), las flotas de autom\u00f3viles est\u00e1n migrando gradualmente hacia los veh\u00edculos el\u00e9ctricos. Se trata de un medio de transporte m\u00e1s econ\u00f3mico y respetuoso con el medio ambiente. Con la perspectiva de un tratamiento fiscal m\u00e1s favorable para los veh\u00edculos el\u00e9ctricos, la migraci\u00f3n el\u00e9ctrica de los veh\u00edculos de empresa podr\u00eda acelerarse.<\/p>\n\n\n\n<p>Optimum ofrece un \"estudio de electrificaci\u00f3n\" para guiar a los gestores de flotas en este camino. El servicio se basa en un estudio en profundidad de c\u00f3mo se utiliza cada veh\u00edculo durante un periodo significativo. Incluye: el n\u00famero de kil\u00f3metros recorridos cada d\u00eda, el n\u00famero y la duraci\u00f3n de las paradas y los lugares habituales de estacionamiento, etc. Todos estos par\u00e1metros permiten obtener una instant\u00e1nea precisa de los usos de cada veh\u00edculo y anticipar las etapas de la transici\u00f3n energ\u00e9tica. La optimizaci\u00f3n puede lograrse gracias a : <\/p>\n\n\n\n<ul class=\"wp-block-list\">\n<li>identificar los veh\u00edculos \"electrificables\",<\/li>\n\n\n\n<li>la elecci\u00f3n de los veh\u00edculos de sustituci\u00f3n<\/li>\n\n\n\n<li>calibraci\u00f3n e instalaci\u00f3n de estaciones de recarga<\/li>\n\n\n\n<li>anticipar el impacto en el TCO (Coste Total de Propiedad)<\/li>\n\n\n\n<li>huella de carbono<\/li>\n<\/ul>\n\n\n\n<p>Este estudio proporciona a los gestores de flotas una aut\u00e9ntica hoja de ruta lista para usar.<\/p>\n\n\n<div class=\"wp-block-image\">\n<figure class=\"alignright size-medium is-resized\"><img loading=\"lazy\" decoding=\"async\" width=\"300\" height=\"200\" src=\"https:\/\/bu.optimum-automotive.com\/wp-content\/uploads\/2024\/11\/Fotolia_85133294_M-300x200.jpg\" alt=\"\" class=\"wp-image-2772\" style=\"width:324px;height:216px\" srcset=\"https:\/\/bu.optimum-automotive.com\/wp-content\/uploads\/2024\/11\/Fotolia_85133294_M-300x200.jpg 300w, https:\/\/bu.optimum-automotive.com\/wp-content\/uploads\/2024\/11\/Fotolia_85133294_M-1024x683.jpg 1024w, https:\/\/bu.optimum-automotive.com\/wp-content\/uploads\/2024\/11\/Fotolia_85133294_M-768x513.jpg 768w, https:\/\/bu.optimum-automotive.com\/wp-content\/uploads\/2024\/11\/Fotolia_85133294_M-1536x1025.jpg 1536w, https:\/\/bu.optimum-automotive.com\/wp-content\/uploads\/2024\/11\/Fotolia_85133294_M-18x12.jpg 18w, https:\/\/bu.optimum-automotive.com\/wp-content\/uploads\/2024\/11\/Fotolia_85133294_M.jpg 1687w\" sizes=\"auto, (max-width: 300px) 100vw, 300px\" \/><\/figure><\/div>\n\n\n<h3 class=\"wp-block-heading\"><strong>Preparar el futuro para reducir los costes fiscales<\/strong><\/h3>\n\n\n\n<p>En resumen, tanto si la reforma de la fiscalidad de los coches de empresa se hace realidad como si no, existen formas de optimizar la fiscalidad de los coches de empresa. El aumento de la fiscalidad de los NEA de los coches de empresa podr\u00eda tener un impacto duradero en las finanzas de las empresas y sus empleados. Adapt\u00e1ndose ahora, las empresas no s\u00f3lo pueden controlar los costes, sino tambi\u00e9n anticiparse de forma proactiva a futuros retos fiscales.<\/p>\n\n\n\n<p><\/p>","protected":false},"excerpt":{"rendered":"<h4>Fiscalidad de los AEN :<\/h4>\n<p> una amenaza para empleados y empresas\u00a0<\/p>","protected":false},"author":1,"featured_media":5177,"comment_status":"closed","ping_status":"closed","sticky":false,"template":"","format":"standard","meta":{"_coblocks_attr":"","_coblocks_dimensions":"","_coblocks_responsive_height":"","_coblocks_accordion_ie_support":"","_uag_custom_page_level_css":"","footnotes":""},"categories":[13],"tags":[32],"class_list":["post-2752","post","type-post","status-publish","format-standard","has-post-thumbnail","hentry","category-gestion-de-flotte","tag-aen"],"uagb_featured_image_src":{"full":["https:\/\/bu.optimum-automotive.com\/wp-content\/uploads\/2024\/11\/Fiscalite-des-Avantages-en-Nature.jpg",900,421,false],"thumbnail":["https:\/\/bu.optimum-automotive.com\/wp-content\/uploads\/2024\/11\/Fiscalite-des-Avantages-en-Nature-150x150.jpg",150,150,true],"medium":["https:\/\/bu.optimum-automotive.com\/wp-content\/uploads\/2024\/11\/Fiscalite-des-Avantages-en-Nature-300x140.jpg",300,140,true],"medium_large":["https:\/\/bu.optimum-automotive.com\/wp-content\/uploads\/2024\/11\/Fiscalite-des-Avantages-en-Nature-768x359.jpg",768,359,true],"large":["https:\/\/bu.optimum-automotive.com\/wp-content\/uploads\/2024\/11\/Fiscalite-des-Avantages-en-Nature.jpg",900,421,false],"1536x1536":["https:\/\/bu.optimum-automotive.com\/wp-content\/uploads\/2024\/11\/Fiscalite-des-Avantages-en-Nature.jpg",900,421,false],"2048x2048":["https:\/\/bu.optimum-automotive.com\/wp-content\/uploads\/2024\/11\/Fiscalite-des-Avantages-en-Nature.jpg",900,421,false],"trp-custom-language-flag":["https:\/\/bu.optimum-automotive.com\/wp-content\/uploads\/2024\/11\/Fiscalite-des-Avantages-en-Nature-18x8.jpg",18,8,true]},"uagb_author_info":{"display_name":"camaleon","author_link":"https:\/\/bu.optimum-automotive.com\/es\/author\/camaleon\/"},"uagb_comment_info":0,"uagb_excerpt":"Fiscalit\u00e9 sur les AEN : une menace pour les salari\u00e9s et entreprises\u00a0!\u00a0","_links":{"self":[{"href":"https:\/\/bu.optimum-automotive.com\/es\/wp-json\/wp\/v2\/posts\/2752","targetHints":{"allow":["GET"]}}],"collection":[{"href":"https:\/\/bu.optimum-automotive.com\/es\/wp-json\/wp\/v2\/posts"}],"about":[{"href":"https:\/\/bu.optimum-automotive.com\/es\/wp-json\/wp\/v2\/types\/post"}],"author":[{"embeddable":true,"href":"https:\/\/bu.optimum-automotive.com\/es\/wp-json\/wp\/v2\/users\/1"}],"replies":[{"embeddable":true,"href":"https:\/\/bu.optimum-automotive.com\/es\/wp-json\/wp\/v2\/comments?post=2752"}],"version-history":[{"count":8,"href":"https:\/\/bu.optimum-automotive.com\/es\/wp-json\/wp\/v2\/posts\/2752\/revisions"}],"predecessor-version":[{"id":5380,"href":"https:\/\/bu.optimum-automotive.com\/es\/wp-json\/wp\/v2\/posts\/2752\/revisions\/5380"}],"wp:featuredmedia":[{"embeddable":true,"href":"https:\/\/bu.optimum-automotive.com\/es\/wp-json\/wp\/v2\/media\/5177"}],"wp:attachment":[{"href":"https:\/\/bu.optimum-automotive.com\/es\/wp-json\/wp\/v2\/media?parent=2752"}],"wp:term":[{"taxonomy":"category","embeddable":true,"href":"https:\/\/bu.optimum-automotive.com\/es\/wp-json\/wp\/v2\/categories?post=2752"},{"taxonomy":"post_tag","embeddable":true,"href":"https:\/\/bu.optimum-automotive.com\/es\/wp-json\/wp\/v2\/tags?post=2752"}],"curies":[{"name":"wp","href":"https:\/\/api.w.org\/{rel}","templated":true}]}}