{"id":424,"date":"2019-04-01T17:11:15","date_gmt":"2019-04-01T15:11:15","guid":{"rendered":"http:\/\/127.0.0.1\/GAimport\/2019\/04\/01\/retenu-par-la-haute-savoie\/"},"modified":"2024-06-03T12:01:19","modified_gmt":"2024-06-03T10:01:19","slug":"retenu-par-la-haute-savoie","status":"publish","type":"post","link":"https:\/\/bu.optimum-automotive.com\/es\/seleccionados-por-haute-savoie\/","title":{"rendered":"Optimum Automotive seleccionada por Haute-Savoie"},"content":{"rendered":"<p>El proveedor de soluciones de gesti\u00f3n de flotas acaba de firmar un importante contrato con el Consejo Departamental de Alta Saboya. La primera tanda afectar\u00e1 a 1.000 veh\u00edculos.<\/p>\n\n\n\n<p>Las autoridades locales son uno de los mercados objetivo de Optimum Automotive, como demuestra uno de los \u00faltimos contratos que ha firmado. Seg\u00fan el Journal de l'Automobile, el proveedor de soluciones de gesti\u00f3n de flotas ha ganado un concurso del Consejo General de Alta Saboya. El proyecto prev\u00e9 el despliegue de 1.000 veh\u00edculos, entre ligeros y medios.<\/p>\n\n\n\n<p>El proveedor de servicios dispondr\u00e1 de seis meses para instalar los equipos en la flota. La ambici\u00f3n del Consejo General de Alta Saboya es optimizar su flota introduciendo el uso compartido de veh\u00edculos en la empresa y el uso compartido de veh\u00edculos entre empleados, seg\u00fan fuentes cercanas al asunto. Estos servicios se comercializar\u00e1n bajo la marca Drive&amp;City. Durante la licitaci\u00f3n, el cliente qued\u00f3 aparentemente impresionado por la diversidad del cat\u00e1logo\", afirma Optimum Automotive.<\/p>\n\n\n\n<p>(&#8230;) <a href=\"http:\/\/journalauto.com\/lja\/article.view\/29669\/optimum-automotive-retenu-par-la-haute-savoie\/15\/connectivite\">M\u00e1s informaci\u00f3n en http:\/\/journalauto.com<\/a><\/p>","protected":false},"excerpt":{"rendered":"<p>El proveedor de soluciones de gesti\u00f3n de flotas acaba de firmar un importante contrato con el Consejo Departamental de Alta Saboya. La primera tanda afectar\u00e1 a 1.000 veh\u00edculos. Las autoridades locales son uno de los grupos objetivo de Optimum Automotive, como demuestra uno de los \u00faltimos contratos firmados. Seg\u00fan el Journal de l'Automobile, el proveedor de soluciones de gesti\u00f3n de veh\u00edculos [...]<\/p>","protected":false},"author":1,"featured_media":1790,"comment_status":"closed","ping_status":"open","sticky":false,"template":"","format":"standard","meta":{"_coblocks_attr":"","_coblocks_dimensions":"","_coblocks_responsive_height":"","_coblocks_accordion_ie_support":"","_uag_custom_page_level_css":"","footnotes":""},"categories":[4],"tags":[],"class_list":["post-424","post","type-post","status-publish","format-standard","has-post-thumbnail","hentry","category-actualites"],"uagb_featured_image_src":{"full":["https:\/\/bu.optimum-automotive.com\/wp-content\/uploads\/2019\/04\/01.jpg",476,275,false],"thumbnail":["https:\/\/bu.optimum-automotive.com\/wp-content\/uploads\/2019\/04\/01-150x150.jpg",150,150,true],"medium":["https:\/\/bu.optimum-automotive.com\/wp-content\/uploads\/2019\/04\/01-300x173.jpg",300,173,true],"medium_large":["https:\/\/bu.optimum-automotive.com\/wp-content\/uploads\/2019\/04\/01.jpg",476,275,false],"large":["https:\/\/bu.optimum-automotive.com\/wp-content\/uploads\/2019\/04\/01.jpg",476,275,false],"1536x1536":["https:\/\/bu.optimum-automotive.com\/wp-content\/uploads\/2019\/04\/01.jpg",476,275,false],"2048x2048":["https:\/\/bu.optimum-automotive.com\/wp-content\/uploads\/2019\/04\/01.jpg",476,275,false],"trp-custom-language-flag":["https:\/\/bu.optimum-automotive.com\/wp-content\/uploads\/2019\/04\/01.jpg",18,10,false]},"uagb_author_info":{"display_name":"camaleon","author_link":"https:\/\/bu.optimum-automotive.com\/es\/author\/camaleon\/"},"uagb_comment_info":0,"uagb_excerpt":"Le fournisseur de solutions de gestion de flotte vient de signer un contrat d\u2019envergure avec le Conseil g\u00e9n\u00e9ral de Haute-Savoie. La premi\u00e8re vague concerne 1 000 v\u00e9hicules. Les collectivit\u00e9s font parties des cibles d\u2019Optimum Automotive et l\u2019un des tous derniers contrats sign\u00e9s en atteste. Selon les informations du Journal de l\u2019Automobile, le fournisseur de solutions&hellip;","_links":{"self":[{"href":"https:\/\/bu.optimum-automotive.com\/es\/wp-json\/wp\/v2\/posts\/424","targetHints":{"allow":["GET"]}}],"collection":[{"href":"https:\/\/bu.optimum-automotive.com\/es\/wp-json\/wp\/v2\/posts"}],"about":[{"href":"https:\/\/bu.optimum-automotive.com\/es\/wp-json\/wp\/v2\/types\/post"}],"author":[{"embeddable":true,"href":"https:\/\/bu.optimum-automotive.com\/es\/wp-json\/wp\/v2\/users\/1"}],"replies":[{"embeddable":true,"href":"https:\/\/bu.optimum-automotive.com\/es\/wp-json\/wp\/v2\/comments?post=424"}],"version-history":[{"count":1,"href":"https:\/\/bu.optimum-automotive.com\/es\/wp-json\/wp\/v2\/posts\/424\/revisions"}],"predecessor-version":[{"id":1791,"href":"https:\/\/bu.optimum-automotive.com\/es\/wp-json\/wp\/v2\/posts\/424\/revisions\/1791"}],"wp:featuredmedia":[{"embeddable":true,"href":"https:\/\/bu.optimum-automotive.com\/es\/wp-json\/wp\/v2\/media\/1790"}],"wp:attachment":[{"href":"https:\/\/bu.optimum-automotive.com\/es\/wp-json\/wp\/v2\/media?parent=424"}],"wp:term":[{"taxonomy":"category","embeddable":true,"href":"https:\/\/bu.optimum-automotive.com\/es\/wp-json\/wp\/v2\/categories?post=424"},{"taxonomy":"post_tag","embeddable":true,"href":"https:\/\/bu.optimum-automotive.com\/es\/wp-json\/wp\/v2\/tags?post=424"}],"curies":[{"name":"wp","href":"https:\/\/api.w.org\/{rel}","templated":true}]}}