{"id":4897,"date":"2021-07-23T16:02:01","date_gmt":"2021-07-23T14:02:01","guid":{"rendered":"https:\/\/blog.optimum-automotive.com\/?p=1270"},"modified":"2025-01-21T15:51:55","modified_gmt":"2025-01-21T14:51:55","slug":"lom-opportunite-ou-contrainte-pour-les-flottes-automobiles","status":"publish","type":"post","link":"https:\/\/bu.optimum-automotive.com\/es\/lom-oportunidad-o-limitacion-para-los-parques-automovilisticos\/","title":{"rendered":"LOM: \u00bfoportunidad o limitaci\u00f3n para el parque automovil\u00edstico?"},"content":{"rendered":"<p><strong>LOM... 3 letras que est\u00e1n revolucionando el d\u00eda a d\u00eda de los gestores de flotas al exponerles a nuevas limitaciones que tendr\u00e1n un impacto profundo y duradero en el panorama automovil\u00edstico de las flotas de las empresas.<\/strong><\/p>\n\n\n\n<p><strong>\u00bfEs este cambio una limitaci\u00f3n o una oportunidad? \u00bfDe qu\u00e9 herramientas disponen los gestores de flotas para adaptarlas a estas nuevas exigencias medioambientales?<\/strong><\/p>\n\n\n\n<p><\/p>\n\n\n<div class=\"wp-block-image\">\n<figure class=\"alignright size-full\"><img decoding=\"async\" src=\"https:\/\/bu.optimum-automotive.com\/wp-content\/uploads\/2021\/07\/verdissement-de-parc-auto.jpg\" alt=\"\" class=\"wp-image-1277\"\/><\/figure><\/div>\n\n\n<h2 class=\"wp-block-heading\"><strong>Flotas m\u00e1s ecol\u00f3gicas<\/strong><\/h2>\n\n\n\n<p>A 1<sup>er<\/sup> A partir del 1 de enero de 2022, la LOM exigir\u00e1 que las flotas de m\u00e1s de 100 veh\u00edculos incluyan al menos 10% de veh\u00edculos de bajas emisiones de CO2 (&lt;60g CO2\/km). En otras palabras, 10% de los veh\u00edculos tendr\u00e1n que ser o bien 100% veh\u00edculos el\u00e9ctricos, o bien h\u00edbridos enchufables, o bien veh\u00edculos propulsados por hidr\u00f3geno, a sabiendas de que los h\u00edbridos convencionales no enchufables quedan excluidos de facto de las posibilidades (dado que emiten m\u00e1s contaminantes que la tasa antes mencionada).<\/p>\n\n\n\n<p>Si bien este esfuerzo es bueno para el planeta, \u00bfse corresponde con las necesidades y usos de las empresas? \u00bfDisponen los gestores de flotas de las herramientas necesarias para evaluar la pertinencia de la migraci\u00f3n al ahorro de energ\u00eda de cada veh\u00edculo? \u00bfEst\u00e1 adaptada a estas necesidades la gama de veh\u00edculos de bajas emisiones que ofrecen los fabricantes de autom\u00f3viles? En caso afirmativo, \u00bfc\u00f3mo elegir los veh\u00edculos adecuados? \u00bfQu\u00e9 soluciones de recarga deben ofrecerse a los conductores de veh\u00edculos el\u00e9ctricos, teniendo en cuenta sus necesidades de movilidad? \u00bfC\u00f3mo fomentar la recarga sistem\u00e1tica de los veh\u00edculos h\u00edbridos para evitar la espiral del TCO?<\/p>\n\n\n<div class=\"wp-block-image\">\n<figure class=\"alignleft size-full\"><a class=\"cta\" href=\"https:\/\/www.optimum-datamining.com\" rel=\"fuel monitoring\"><img decoding=\"async\" src=\"https:\/\/bu.optimum-automotive.com\/wp-content\/uploads\/2021\/11\/oa_consulting_solution.jpg\" alt=\"\" class=\"wp-image-1298\"\/><\/a><\/figure><\/div>\n\n\n<p>Todas estas cuestiones pueden parecer lejanas y abstractas... pero ya ha llegado el momento de tomar decisiones. Porque hay otro componente esencial de este nuevo marco legislativo: la \"ZFE-m\". Tambi\u00e9n en este caso, estas 4 letritas est\u00e1n a punto de cambiar la vida de los gestores de flotas y, m\u00e1s en general, de las empresas. Las ZFE-m son zonas de bajas emisiones en las que los veh\u00edculos m\u00e1s contaminantes estar\u00e1n limitados o incluso prohibidos. Esta obligaci\u00f3n afecta a una decena de zonas geogr\u00e1ficas* donde se concentra un gran n\u00famero de empresas.<\/p>\n\n\n\n<h2 class=\"wp-block-heading\"><strong>Adoptar las herramientas adecuadas para tomar las decisiones correctas<\/strong> con la LOM<\/h2>\n\n\n<div class=\"wp-block-image\">\n<figure class=\"alignleft size-full\"><img decoding=\"async\" src=\"https:\/\/bu.optimum-automotive.com\/wp-content\/uploads\/2021\/07\/ananlyse-des-usages-vehiculesF.jpg\" alt=\"\" class=\"wp-image-1286\"\/><\/figure><\/div>\n\n\n<p>La migraci\u00f3n energ\u00e9tica de un veh\u00edculo determinado no puede hacerse al azar. Ser\u00eda una herej\u00eda asignar un veh\u00edculo el\u00e9ctrico a un vendedor o un t\u00e9cnico m\u00f3vil que recorre m\u00e1s de 500 km al d\u00eda. No tiene m\u00e1s sentido asignar un h\u00edbrido enchufable a alguien que s\u00f3lo conduce por autopista.<\/p>\n\n\n\n<p>Un an\u00e1lisis riguroso del uso durante un periodo significativo es un paso esencial para evitar decisiones arriesgadas o incluso contraproducentes.<\/p>\n\n\n\n<p>Para ayudar a las empresas en esta etapa crucial, Optimum ofrece una herramienta de toma de decisiones. Esta herramienta analiza los movimientos de cada veh\u00edculo durante un periodo de 3 meses. El an\u00e1lisis se basa en los datos suministrados por la unidad telem\u00e1tica de a bordo. Este estudio en profundidad pone de manifiesto la compatibilidad de los usos (conducci\u00f3n, tiempo de inactividad) con una posible migraci\u00f3n energ\u00e9tica. Adem\u00e1s de esta \"adecuaci\u00f3n\" entre usos y compatibilidad energ\u00e9tica, la herramienta estima las ganancias potenciales, tanto financieras como medioambientales.<\/p>\n\n\n<div class=\"wp-block-image\">\n<figure class=\"alignright size-full\"><a class=\"cta\" href=\"https:\/\/www.optimum-datamining.com\/contact\/\" target=\"_blank\" rel=\"optimum consulting noopener\"><img decoding=\"async\" src=\"https:\/\/bu.optimum-automotive.com\/wp-content\/uploads\/2021\/11\/oa_consulting-1.jpg\" alt=\"\" class=\"wp-image-1292\"\/><\/a><\/figure><\/div>\n\n\n<p>Optimum ha realizado cuatro an\u00e1lisis para orientar a las empresas esc\u00e9pticas y ayudar a las m\u00e1s maduras a tomar las decisiones correctas. Al indicar el ahorro en t\u00e9rminos de consumo de combustible, emisiones de CO2 y coste total de propiedad, las tablas permiten medir claramente los beneficios obtenidos. Estos an\u00e1lisis pueden utilizarse despu\u00e9s para hacer recomendaciones personalizadas que ayuden a las empresas a actualizar sus flotas de veh\u00edculos con mayor rapidez.<\/p>\n\n\n\n<p>Tras estos an\u00e1lisis, se pondr\u00e1n a disposici\u00f3n del gestor de la flota dos tipos de informes: &nbsp;<\/p>\n\n\n\n<ul class=\"wp-block-list\">\n<li><em>Informe Fleet Electrique <\/em>puede utilizarse para recomendar el n\u00famero de veh\u00edculos que deben convertirse, en funci\u00f3n de su uso habitual,<\/li>\n\n\n\n<li><em>La alternativa del veh\u00edculo el\u00e9ctrico<\/em> que puede utilizarse para recomendar los modelos m\u00e1s adecuados del mercado.<\/li>\n<\/ul>\n\n\n\n<h2 class=\"wp-block-heading\">Aplicaci\u00f3n de la LOM a la empresa<\/h2>\n\n\n<div class=\"wp-block-image\">\n<figure class=\"alignright size-full is-resized\"><img decoding=\"async\" src=\"https:\/\/bu.optimum-automotive.com\/wp-content\/uploads\/2021\/07\/mobilite-plus-propre.jpg\" alt=\"\" class=\"wp-image-1289\" style=\"width:326px;height:187px\"\/><\/figure><\/div>\n\n\n<p>En conclusi\u00f3n,<strong> Si la LOM parece problem\u00e1tica a primera vista para las empresas, no olvidemos la finalidad de esta ley a escala nacional:<\/strong><\/p>\n\n\n\n<ul class=\"wp-block-list\">\n<li>Invertir m\u00e1s y mejor en el transporte cotidiano<\/li>\n\n\n\n<li>Facilitar y fomentar la implantaci\u00f3n de nuevas soluciones que permitan a todos desplazarse<\/li>\n\n\n\n<li>Inicie la transici\u00f3n hacia una movilidad m\u00e1s limpia.<\/li>\n<\/ul>\n\n\n\n<p><strong>Sobre el papel, la LOM es una forma atractiva de proteger el medio ambiente, pero tambi\u00e9n supone un verdadero quebradero de cabeza para los gestores de flotas. Para lograr una transici\u00f3n energ\u00e9tica significativa, necesitan apoyarse en herramientas de an\u00e1lisis. Estas herramientas deben basarse en un estudio del uso real. Tambi\u00e9n deben ayudarles a tomar las decisiones adecuadas en el momento oportuno.<\/strong><\/p>\n\n\n\n<p><\/p>\n\n\n\n<p><em>* Metropole de Lyon, Grenoble Alpes M\u00e9tropole, Ville de Paris, M\u00e9tropole du Grand Paris, M\u00e9tropole d'Aix-Marseille-Provence, M\u00e9tropole Nice-C\u00f4te-D'Azur, M\u00e9tropole Toulon-Provence M\u00e9diterran\u00e9e, Toulouse M\u00e9tropole; Montpellier-M\u00e9diterran\u00e9e M\u00e9tropole, Eurom\u00e9trople de Strasbourg, M\u00e9tropole Rouen-Normandie.<\/em><\/p>","protected":false},"excerpt":{"rendered":"<h4>LOM... 3 letras <\/h4>\n<p> que est\u00e1n transformando el d\u00eda a d\u00eda de los gestores de flotas <\/p>","protected":false},"author":1,"featured_media":5223,"comment_status":"closed","ping_status":"closed","sticky":false,"template":"","format":"standard","meta":{"_coblocks_attr":"","_coblocks_dimensions":"","_coblocks_responsive_height":"","_coblocks_accordion_ie_support":"","_uag_custom_page_level_css":"","footnotes":""},"categories":[17],"tags":[12],"class_list":["post-4897","post","type-post","status-publish","format-standard","has-post-thumbnail","hentry","category-electrification-des-flottes","tag-gestion-de-parc-automobile"],"uagb_featured_image_src":{"full":["https:\/\/bu.optimum-automotive.com\/wp-content\/uploads\/2021\/07\/LOMopportunite-ou-contrainte.jpg",900,421,false],"thumbnail":["https:\/\/bu.optimum-automotive.com\/wp-content\/uploads\/2021\/07\/LOMopportunite-ou-contrainte-150x150.jpg",150,150,true],"medium":["https:\/\/bu.optimum-automotive.com\/wp-content\/uploads\/2021\/07\/LOMopportunite-ou-contrainte-300x140.jpg",300,140,true],"medium_large":["https:\/\/bu.optimum-automotive.com\/wp-content\/uploads\/2021\/07\/LOMopportunite-ou-contrainte-768x359.jpg",768,359,true],"large":["https:\/\/bu.optimum-automotive.com\/wp-content\/uploads\/2021\/07\/LOMopportunite-ou-contrainte.jpg",900,421,false],"1536x1536":["https:\/\/bu.optimum-automotive.com\/wp-content\/uploads\/2021\/07\/LOMopportunite-ou-contrainte.jpg",900,421,false],"2048x2048":["https:\/\/bu.optimum-automotive.com\/wp-content\/uploads\/2021\/07\/LOMopportunite-ou-contrainte.jpg",900,421,false],"trp-custom-language-flag":["https:\/\/bu.optimum-automotive.com\/wp-content\/uploads\/2021\/07\/LOMopportunite-ou-contrainte-18x8.jpg",18,8,true]},"uagb_author_info":{"display_name":"camaleon","author_link":"https:\/\/bu.optimum-automotive.com\/es\/author\/camaleon\/"},"uagb_comment_info":0,"uagb_excerpt":"LOM\u2026 3 lettres qui bouleversent le quotidien des gestionnaires de flottes","_links":{"self":[{"href":"https:\/\/bu.optimum-automotive.com\/es\/wp-json\/wp\/v2\/posts\/4897","targetHints":{"allow":["GET"]}}],"collection":[{"href":"https:\/\/bu.optimum-automotive.com\/es\/wp-json\/wp\/v2\/posts"}],"about":[{"href":"https:\/\/bu.optimum-automotive.com\/es\/wp-json\/wp\/v2\/types\/post"}],"author":[{"embeddable":true,"href":"https:\/\/bu.optimum-automotive.com\/es\/wp-json\/wp\/v2\/users\/1"}],"replies":[{"embeddable":true,"href":"https:\/\/bu.optimum-automotive.com\/es\/wp-json\/wp\/v2\/comments?post=4897"}],"version-history":[{"count":7,"href":"https:\/\/bu.optimum-automotive.com\/es\/wp-json\/wp\/v2\/posts\/4897\/revisions"}],"predecessor-version":[{"id":5411,"href":"https:\/\/bu.optimum-automotive.com\/es\/wp-json\/wp\/v2\/posts\/4897\/revisions\/5411"}],"wp:featuredmedia":[{"embeddable":true,"href":"https:\/\/bu.optimum-automotive.com\/es\/wp-json\/wp\/v2\/media\/5223"}],"wp:attachment":[{"href":"https:\/\/bu.optimum-automotive.com\/es\/wp-json\/wp\/v2\/media?parent=4897"}],"wp:term":[{"taxonomy":"category","embeddable":true,"href":"https:\/\/bu.optimum-automotive.com\/es\/wp-json\/wp\/v2\/categories?post=4897"},{"taxonomy":"post_tag","embeddable":true,"href":"https:\/\/bu.optimum-automotive.com\/es\/wp-json\/wp\/v2\/tags?post=4897"}],"curies":[{"name":"wp","href":"https:\/\/api.w.org\/{rel}","templated":true}]}}