{"id":4903,"date":"2021-11-19T16:16:47","date_gmt":"2021-11-19T15:16:47","guid":{"rendered":"https:\/\/blog.optimum-automotive.com\/?p=1735"},"modified":"2025-01-21T15:44:29","modified_gmt":"2025-01-21T14:44:29","slug":"reduction-de-lempreinte-carbone-de-levidence-a-lexigence","status":"publish","type":"post","link":"https:\/\/bu.optimum-automotive.com\/es\/reducir-la-huella-de-carbono-de-los-requisitos-de-levidence\/","title":{"rendered":"\u00bfCu\u00e1les son las alternativas a los coches de empresa y las dietas por kilometraje?"},"content":{"rendered":"<h2 class=\"wp-block-heading\"><strong>Reducir nuestra huella de carbono: \u00a1de obvio a esencial!<\/strong><\/h2>\n\n\n\n<p>Cada d\u00eda lo vemos m\u00e1s claro: el cambio clim\u00e1tico est\u00e1 ocurriendo. Esta toma de conciencia no es nada nuevo: desde hace d\u00e9cadas, todos somos conscientes individualmente de la urgente necesidad de reducir nuestra producci\u00f3n de emisiones contaminantes. La novedad de los \u00faltimos a\u00f1os es que esta obviedad se est\u00e1 convirtiendo poco a poco en una exigencia.<\/p>\n\n\n<div class=\"wp-block-image\">\n<figure class=\"alignleft size-full is-resized\"><img decoding=\"async\" src=\"https:\/\/blog.optimum-automotive.com\/wp-content\/uploads\/2021\/11\/01-2.jpg\" alt=\"\" class=\"wp-image-1747\" style=\"width:260px;height:114px\"\/><\/figure><\/div>\n\n\n<p>La LOM (Ley de Orientaci\u00f3n de la Movilidad) introducir\u00e1 progresivamente (a partir del 1 de enero de 2010) una serie de nuevas medidas.<sup>er<\/sup> enero de 2022), obligando a empresas y poderes p\u00fablicos a participar activamente en la reducci\u00f3n de nuestra huella de carbono. Entre las \u00e1reas prioritarias figura la transici\u00f3n energ\u00e9tica de las flotas de autom\u00f3viles, por supuesto, con un uso creciente de veh\u00edculos el\u00e9ctricos e h\u00edbridos, siempre que sea posible compartidos con otros.<\/p>\n\n\n\n<p>Pero cuando se trata de la movilidad de los trabajadores, no hay que perder de vista que el veh\u00edculo no es la \u00fanica opci\u00f3n. Aunque imprescindible en determinadas situaciones, el veh\u00edculo puede ceder su lugar o combinarse con otros medios de desplazamiento m\u00e1s ecol\u00f3gicos.<\/p>\n\n\n\n<p>\u00bfC\u00f3mo pueden las empresas promover la movilidad sostenible reduciendo al mismo tiempo el coste global de la movilidad? Afortunadamente, existen soluciones de movilidad profesional 2.0.<\/p>\n\n\n\n<h2 class=\"wp-block-heading\"><strong>Movilidad multimodal y sostenible<\/strong><\/h2>\n\n\n\n<p>El reflejo del \"coche\" ya no existe... \u00a1o no deber\u00eda existir! S\u00ed, estamos hablando de un verdadero cambio de mentalidad que hay que continuar e intensificar.<br>Para ayudar a los gestores de la movilidad a afrontar este nuevo reto, los especialistas en movilidad empresarial innovan constantemente para ofrecer soluciones eficientes y respetuosas con el medio ambiente.<\/p>\n\n\n<div class=\"wp-block-image\">\n<figure class=\"alignleft size-large\"><a class=\"cta\" href=\"https:\/\/mobility-pack.com\/\" target=\"_blank\" rel=\"autopartage devis noopener\"><img decoding=\"async\" src=\"https:\/\/bu.optimum-automotive.com\/wp-content\/uploads\/2021\/07\/audit_gratuit.jpg\" alt=\"\" class=\"wp-image-1194\"\/><\/a><\/figure><\/div>\n\n\n<p>Optimum Automotive, especialista europeo en veh\u00edculos conectados, ha dise\u00f1ado una innovadora soluci\u00f3n de movilidad denominada \"Optimum Mobility\".<\/p>\n\n\n\n<p>Optimum Mobility se basa en un enfoque \u00fanico de la movilidad de los empleados basado en tres pilares:<\/p>\n\n\n\n<p><strong>#1. Una plataforma de gesti\u00f3n :<\/strong><br>Como centro neur\u00e1lgico de la movilidad profesional, la plataforma de gesti\u00f3n permite a los gestores supervisar, analizar y optimizar la movilidad de los empleados.<\/p>\n\n\n\n<ul class=\"wp-block-list\">\n<li>Gesti\u00f3n de los operadores de movilidad<\/li>\n\n\n\n<li>Gesti\u00f3n y control del gasto<\/li>\n\n\n\n<li>Herramientas de an\u00e1lisis y elaboraci\u00f3n de informes (TCM\u00b3, RSC\u2074, huella de carbono, paquete de movilidad sostenible, cr\u00e9dito de movilidad).<\/li>\n\n\n\n<li>Herramientas de reto y motivaci\u00f3n para ayudar a reducir la huella de carbono y los costes<\/li>\n<\/ul>\n\n\n<div class=\"wp-block-image\">\n<figure class=\"alignright size-full\"><img decoding=\"async\" src=\"https:\/\/blog.optimum-automotive.com\/wp-content\/uploads\/2022\/05\/11.jpg\" alt=\"\" class=\"wp-image-1994\"\/><\/figure><\/div>\n\n\n<p><strong>#2. Una aplicaci\u00f3n m\u00f3vil<br><\/strong>Los empleados disponen de una aplicaci\u00f3n m\u00f3vil que les permite seleccionar los servicios de transporte cercanos: tren, autob\u00fas, taxi, VTC, alquiler de coches, alquiler de scooters, alquiler de bicicletas, etc.<br>La aplicaci\u00f3n m\u00f3vil tambi\u00e9n permite a los empleados acceder a su propio panel de control: resumen de gastos y desplazamientos, categorizaci\u00f3n de gastos, huella de carbono individual, etc.<br><br><strong>#3. Una tarjeta de pago<br>F\u00edsica y sin papel, la tarjeta de pago puede utilizarse para pagar viajes. <\/strong>profesionales. Todas las transacciones con tarjeta de pago se almacenan autom\u00e1ticamente en la plataforma de gesti\u00f3n.<\/p>\n\n\n\n<h2 class=\"wp-block-heading\"><strong>Ayudas econ\u00f3micas para impulsar la movilidad sostenible<\/strong>s<strong>&nbsp;!<\/strong><\/h2>\n\n\n\n<p>Se han creado varios programas para animar a los ciudadanos a adoptar la movilidad sostenible:<\/p>\n\n\n<div class=\"wp-block-image\">\n<figure class=\"alignright size-large is-resized\"><img decoding=\"async\" src=\"https:\/\/bu.optimum-automotive.com\/wp-content\/uploads\/2021\/11\/Fotolia_84440389_M-1024x683.jpg\" alt=\"\" class=\"wp-image-1750\" style=\"width:388px;height:259px\"\/><\/figure><\/div>\n\n\n<p><strong>#1. Paquete de movilidad sostenible :<\/strong><br>El Paquete de Movilidad Sostenible ofrece a las empresas la opci\u00f3n de proporcionar a los empleados un <strong>presupuesto libre de impuestos de 500 euros\/a\u00f1o\/empleado<\/strong> (o 600 euros, incluida la ayuda al transporte) para ir y volver del trabajo.<\/p>\n\n\n\n<p>El paquete de movilidad sostenible se aplica a los siguientes modos de transporte:<\/p>\n\n\n\n<ul class=\"wp-block-list\">\n<li>\u00a0Bicicletas y bicicletas con asistencia el\u00e9ctrica (compra de bicicletas y accesorios, mantenimiento, IKV)<\/li>\n\n\n\n<li>\u00a0Compartir coche<\/li>\n\n\n\n<li>\u00a0Alquiler compartido de bicicletas, scooters y patinetes el\u00e9ctricos<\/li>\n\n\n\n<li>\u00a0Compartir coche con veh\u00edculos el\u00e9ctricos, h\u00edbridos enchufables o de hidr\u00f3geno<\/li>\n\n\n\n<li>\u00a0Transporte p\u00fablico (los billetes y abonos se financian con la ayuda al transporte)<\/li>\n<\/ul>\n\n\n\n<div class=\"wp-block-image\"><figure class=\"alignright size-large\"><a class=\"cta\" href=\"https:\/\/mobility-pack.com\/contact\/\" target=\"_blank\" rel=\"\u00e9co-conduite noopener\"><img decoding=\"async\" src=\"https:\/\/bu.optimum-automotive.com\/wp-content\/uploads\/2021\/07\/eco_conduite.jpg\" alt=\"\" class=\"wp-image-1157\"><\/a><\/figure><\/div>\n\n\n\n<p><strong>#2. Cr\u00e9dito de movilidad :<\/strong><br>El cr\u00e9dito de movilidad es una prestaci\u00f3n en especie para los trabajadores por cuenta ajena que <strong>sustituye total o parcialmente el coche de empresa<\/strong>. Una cantidad de dinero (entre 1.200 y 10.200 euros) compensa al empleado por renunciar al coche de empresa (o adoptar uno m\u00e1s peque\u00f1o y el\u00e9ctrico) y le permite financiar sus viajes personales.<\/p>\n\n\n\n<h2 class=\"wp-block-heading\"><strong>Es hora de pasar a la acci\u00f3n.<\/strong><\/h2>\n\n\n\n<p>Tras un largo periodo de reflexi\u00f3n, ha llegado el momento de pasar a la acci\u00f3n.<\/p>\n\n\n\n<p>Para apoyar a las empresas en este profundo cambio de la movilidad profesional, las autoridades p\u00fablicas han ideado una serie de incentivos. Por su parte, las empresas especializadas en movilidad profesional, como<a href=\"https:\/\/bu.optimum-automotive.com\/es\/?optimum-mobility\" target=\"_blank\" rel=\"noreferrer noopener\">Movilidad \u00f3ptima<\/a>han dise\u00f1ado soluciones innovadoras destinadas a introducir y promover una movilidad sostenible y ecorresponsable.<\/p>\n\n\n\n<h2 class=\"wp-block-heading\"><br><strong>Ha llegado el momento de que comience la acci\u00f3n.<\/strong><br><br><\/h2>\n\n\n\n<p><\/p>","protected":false},"excerpt":{"rendered":"<h4>Movilidad de los trabajadores : <\/h4>\n<p> Movilidad multimodal y sostenible<\/p>","protected":false},"author":1,"featured_media":5210,"comment_status":"closed","ping_status":"closed","sticky":false,"template":"","format":"standard","meta":{"_coblocks_attr":"","_coblocks_dimensions":"","_coblocks_responsive_height":"","_coblocks_accordion_ie_support":"","_uag_custom_page_level_css":"","footnotes":""},"categories":[23],"tags":[22],"class_list":["post-4903","post","type-post","status-publish","format-standard","has-post-thumbnail","hentry","category-mobilite-des-collaborateurs","tag-empreinte-carbone"],"uagb_featured_image_src":{"full":["https:\/\/bu.optimum-automotive.com\/wp-content\/uploads\/2021\/11\/alternatives-aux-vehicules-de-fonction-1.jpg",900,421,false],"thumbnail":["https:\/\/bu.optimum-automotive.com\/wp-content\/uploads\/2021\/11\/alternatives-aux-vehicules-de-fonction-1-150x150.jpg",150,150,true],"medium":["https:\/\/bu.optimum-automotive.com\/wp-content\/uploads\/2021\/11\/alternatives-aux-vehicules-de-fonction-1-300x140.jpg",300,140,true],"medium_large":["https:\/\/bu.optimum-automotive.com\/wp-content\/uploads\/2021\/11\/alternatives-aux-vehicules-de-fonction-1-768x359.jpg",768,359,true],"large":["https:\/\/bu.optimum-automotive.com\/wp-content\/uploads\/2021\/11\/alternatives-aux-vehicules-de-fonction-1.jpg",900,421,false],"1536x1536":["https:\/\/bu.optimum-automotive.com\/wp-content\/uploads\/2021\/11\/alternatives-aux-vehicules-de-fonction-1.jpg",900,421,false],"2048x2048":["https:\/\/bu.optimum-automotive.com\/wp-content\/uploads\/2021\/11\/alternatives-aux-vehicules-de-fonction-1.jpg",900,421,false],"trp-custom-language-flag":["https:\/\/bu.optimum-automotive.com\/wp-content\/uploads\/2021\/11\/alternatives-aux-vehicules-de-fonction-1-18x8.jpg",18,8,true]},"uagb_author_info":{"display_name":"camaleon","author_link":"https:\/\/bu.optimum-automotive.com\/es\/author\/camaleon\/"},"uagb_comment_info":0,"uagb_excerpt":"Mobilit\u00e9 des collaborateurs : Cap sur la mobilit\u00e9 multimodale et durable","_links":{"self":[{"href":"https:\/\/bu.optimum-automotive.com\/es\/wp-json\/wp\/v2\/posts\/4903","targetHints":{"allow":["GET"]}}],"collection":[{"href":"https:\/\/bu.optimum-automotive.com\/es\/wp-json\/wp\/v2\/posts"}],"about":[{"href":"https:\/\/bu.optimum-automotive.com\/es\/wp-json\/wp\/v2\/types\/post"}],"author":[{"embeddable":true,"href":"https:\/\/bu.optimum-automotive.com\/es\/wp-json\/wp\/v2\/users\/1"}],"replies":[{"embeddable":true,"href":"https:\/\/bu.optimum-automotive.com\/es\/wp-json\/wp\/v2\/comments?post=4903"}],"version-history":[{"count":5,"href":"https:\/\/bu.optimum-automotive.com\/es\/wp-json\/wp\/v2\/posts\/4903\/revisions"}],"predecessor-version":[{"id":5391,"href":"https:\/\/bu.optimum-automotive.com\/es\/wp-json\/wp\/v2\/posts\/4903\/revisions\/5391"}],"wp:featuredmedia":[{"embeddable":true,"href":"https:\/\/bu.optimum-automotive.com\/es\/wp-json\/wp\/v2\/media\/5210"}],"wp:attachment":[{"href":"https:\/\/bu.optimum-automotive.com\/es\/wp-json\/wp\/v2\/media?parent=4903"}],"wp:term":[{"taxonomy":"category","embeddable":true,"href":"https:\/\/bu.optimum-automotive.com\/es\/wp-json\/wp\/v2\/categories?post=4903"},{"taxonomy":"post_tag","embeddable":true,"href":"https:\/\/bu.optimum-automotive.com\/es\/wp-json\/wp\/v2\/tags?post=4903"}],"curies":[{"name":"wp","href":"https:\/\/api.w.org\/{rel}","templated":true}]}}