{"id":4906,"date":"2022-06-22T16:11:57","date_gmt":"2022-06-22T14:11:57","guid":{"rendered":"https:\/\/blog.optimum-automotive.com\/?p=2001"},"modified":"2025-01-21T15:43:41","modified_gmt":"2025-01-21T14:43:41","slug":"quest-ce-que-le-forfait-mobilite-durable","status":"publish","type":"post","link":"https:\/\/bu.optimum-automotive.com\/es\/que-es-el-paquete-de-movilidad-sostenible\/","title":{"rendered":"\u00bfQu\u00e9 es el Paquete de Movilidad Sostenible?"},"content":{"rendered":"<p>El Forfait Mobilit\u00e9s Durables (Paquete de Movilidad Sostenible) es una medida introducida por el Gobierno franc\u00e9s gracias a la Loi d'Orientation des Mobilit\u00e9s (LOM) (Ley de Orientaci\u00f3n de la Movilidad) de 24 de diciembre de 2019, que permite a los empresarios cubrir la totalidad o parte de los gastos de desplazamiento de sus empleados entre el domicilio y el trabajo.<br>La asignaci\u00f3n concedida por el Forfait Mobilit\u00e9s Durables est\u00e1 totalmente exenta de impuestos para el empleado y de cotizaciones a la Seguridad Social para el empresario, lo que permite a las empresas ayudar a sus empleados sin que ello afecte a la fiscalidad del importe concedido.<\/p>\n\n\n\n<h2 class=\"wp-block-heading\"><strong>\u00bfQu\u00e9 modos de transporte pueden acogerse al Paquete de Movilidad Sostenible (FMD)?<\/strong><\/h2>\n\n\n<div class=\"wp-block-image is-style-default\">\n<figure class=\"alignright size-full\"><img decoding=\"async\" src=\"https:\/\/blog.optimum-automotive.com\/wp-content\/uploads\/2022\/06\/01-1.jpg\" alt=\"\" class=\"wp-image-2008\"\/><\/figure><\/div>\n\n\n<p>Hay muchos modos de transporte que pueden acogerse a la FMD, lo que permite a las empresas del sector privado cubrir una amplia gama de medios de transporte.<br>Los medios de transporte son los siguientes:<\/p>\n\n\n\n<ul class=\"wp-block-list\"><li>Transporte p\u00fablico distinto del cubierto por la subvenci\u00f3n 50% para abonos de temporada<\/li><li>Servicios de coche compartido para veh\u00edculos de motor de bajas emisiones (veh\u00edculos h\u00edbridos, el\u00e9ctricos, recargables o de hidr\u00f3geno).<\/li><li>Scooters, patinetes el\u00e9ctricos y bicicletas, el\u00e9ctricas o no, de alquiler<\/li><li>La bicicleta personal del empleado (el\u00e9ctrica o mec\u00e1nica)<\/li><\/ul>\n\n\n<div class=\"wp-block-image\">\n<figure class=\"alignleft size-large\"><a class=\"cta\" href=\"https:\/\/mobility-pack.com\/\" target=\"_blank\" rel=\"autopartage devis noopener\"><img decoding=\"async\" src=\"https:\/\/bu.optimum-automotive.com\/wp-content\/uploads\/2021\/07\/audit_gratuit.jpg\" alt=\"\" class=\"wp-image-1194\"\/><\/a><\/figure><\/div>\n\n\n<p>Mobility Pack le permite gestionar estos procedimientos. Evite que sus empleados tengan que adelantar gastos y que sus gestores tengan que tramitar solicitudes de reembolso de gastos.<\/p>\n\n\n\n<p>Para que puedan pagar sus desplazamientos de ida y vuelta al trabajo. Esta soluci\u00f3n le permite implantar f\u00e1cilmente el FDM en su empresa. Es una herramienta interesante desde el punto de vista medioambiental, social (sobre todo para los j\u00f3venes) y fiscal.<\/p>\n\n\n\n<p>.<\/p>\n\n\n\n<p><\/p>\n\n\n\n<h2 class=\"wp-block-heading\"><strong>Ejemplos de c\u00f3mo sus empleados pueden utilizar el MDF<\/strong><\/h2>\n\n\n\n<div class=\"wp-block-columns is-layout-flex wp-container-core-columns-is-layout-1 wp-block-columns-is-layout-flex\">\n<div class=\"wp-block-column is-layout-flow wp-block-column-is-layout-flow\"><div class=\"wp-block-image\">\n<figure class=\"aligncenter size-full\"><img decoding=\"async\" src=\"https:\/\/blog.optimum-automotive.com\/wp-content\/uploads\/2022\/06\/01.png\" alt=\"\" class=\"wp-image-2013\"\/><\/figure><\/div>\n\n\n<p><strong>Nathalie,<\/strong> Pasajeros que comparten coche para ir al trabajo<\/p>\n\n\n\n<p>\ud83d\udcdd Firmar su certificado en su honor.<\/p>\n\n\n\n<p>\ud83d\udce9 Debe enviar documentos justificativos<br> su empleador<\/p>\n\n\n\n<p>\ud83d\udcb0 Subvenci\u00f3n de 800 euros de la FMD &nbsp;&nbsp;<\/p>\n<\/div>\n\n\n\n<div class=\"wp-block-column is-layout-flow wp-block-column-is-layout-flow\"><div class=\"wp-block-image\">\n<figure class=\"aligncenter size-full\"><img decoding=\"async\" src=\"https:\/\/blog.optimum-automotive.com\/wp-content\/uploads\/2022\/06\/02.png\" alt=\"\" class=\"wp-image-2014\"\/><\/figure><\/div>\n\n\n<p><strong>J\u00e9r\u00f4me<\/strong>va al trabajo con una bicicleta alquilada de 40 euros al mes<\/p>\n\n\n\n<p>\ud83d\udcdd Firmar su certificado en su honor.<\/p>\n\n\n\n<p>\ud83d\udce9 Debe enviar documentos justificativos<br> su empleador<\/p>\n\n\n\n<p>\ud83d\udcb0 Concesi\u00f3n de la FMD por un importe de 40\u00d76= 240 euros en 2021 y 800 euros en 2024 hasta el final del plazo.<\/p>\n<\/div>\n\n\n\n<div class=\"wp-block-column is-layout-flow wp-block-column-is-layout-flow\"><div class=\"wp-block-image\">\n<figure class=\"aligncenter size-full\"><img decoding=\"async\" src=\"https:\/\/blog.optimum-automotive.com\/wp-content\/uploads\/2022\/06\/03.png\" alt=\"\" class=\"wp-image-2015\"\/><\/figure><\/div>\n\n\n<p><strong>Sarah, <\/strong>tiene su propio scooter, que utiliza para ir al trabajo<\/p>\n\n\n\n<p>\ud83d\udcdd Firmar su certificado en su honor.<\/p>\n\n\n\n<p>\ud83d\udce9 Debe enviar documentos justificativos<br> su empleador<\/p>\n\n\n\n<p>\ud83d\udcb0 Subvenci\u00f3n de 800 euros de la FMD<\/p>\n<\/div>\n<\/div>\n\n\n\n<h2 class=\"wp-block-heading\"><strong><strong>Las ventajas del Paquete de Movilidad Sostenible para los gestores de flotas<\/strong><\/strong><\/h2>\n\n\n\n<p>Una de las principales ventajas del Paquete de Movilidad Sostenible es su vertiente de incentivo financiero, ya que permite la exenci\u00f3n fiscal de cargas y contribuciones a la Seguridad Social cuando la cantidad asignada a cada empleado no supere los 800 euros anuales para muchos usos. Adem\u00e1s, el Paquete de Movilidad Sostenible permite a las empresas hacer un seguimiento de los gastos de los empleados, de modo que al final del a\u00f1o puedan controlar de cerca lo que el empleado ha gastado realmente.<\/p>\n\n\n\n<p>Pero, aparte del aspecto econ\u00f3mico, el Paquete de Movilidad Sostenible contribuye a establecer una s\u00f3lida pol\u00edtica de RSE, porque demuestra que la empresa se inscribe en una din\u00e1mica medioambiental responsable, preocupada por el impacto ecol\u00f3gico que puedan tener sus empleados durante sus distintos desplazamientos.<\/p>\n\n\n\n<h2 class=\"wp-block-heading\"><strong><strong>Formas que puede adoptar el Paquete de Movilidad Sostenible<\/strong><\/strong><\/h2>\n\n\n\n<p>El Paquete de Movilidad Sostenible puede representarse de varias maneras, por ejemplo mediante bonos de movilidad. La ventaja de estos bonos de movilidad es que los empleados pueden utilizar su saldo para diversos fines, como compartir coche, compartir coche o incluso los gastos de combustible de su coche de empresa.<\/p>\n\n\n\n<p>A modo de ejemplo, la soluci\u00f3n Ticket Mobilit\u00e9 est\u00e1 dise\u00f1ada para pagar los gastos de combustible dentro de un presupuesto asignado (por ejemplo, 200 euros al a\u00f1o) para veh\u00edculos de combusti\u00f3n interna o el\u00e9ctricos, as\u00ed como para los desplazamientos entre el domicilio y el trabajo.<\/p>\n\n\n\n<figure class=\"wp-block-image size-full\"><img decoding=\"async\" src=\"https:\/\/blog.optimum-automotive.com\/wp-content\/uploads\/2022\/06\/01-2.jpg\" alt=\"\" class=\"wp-image-2011\"\/><\/figure>","protected":false},"excerpt":{"rendered":"<h4>Paquete de movilidad sostenible : <\/h4>\n<p> \u00bfQu\u00e9 modos de transporte son subvencionables?<\/p>","protected":false},"author":1,"featured_media":5194,"comment_status":"closed","ping_status":"closed","sticky":false,"template":"","format":"standard","meta":{"_coblocks_attr":"","_coblocks_dimensions":"","_coblocks_responsive_height":"","_coblocks_accordion_ie_support":"","_uag_custom_page_level_css":"","footnotes":""},"categories":[23],"tags":[25],"class_list":["post-4906","post","type-post","status-publish","format-standard","has-post-thumbnail","hentry","category-mobilite-des-collaborateurs","tag-forfait-mobilites-durables"],"uagb_featured_image_src":{"full":["https:\/\/bu.optimum-automotive.com\/wp-content\/uploads\/2022\/06\/Forfait-Mobilites-durables.jpg",900,421,false],"thumbnail":["https:\/\/bu.optimum-automotive.com\/wp-content\/uploads\/2022\/06\/Forfait-Mobilites-durables-150x150.jpg",150,150,true],"medium":["https:\/\/bu.optimum-automotive.com\/wp-content\/uploads\/2022\/06\/Forfait-Mobilites-durables-300x140.jpg",300,140,true],"medium_large":["https:\/\/bu.optimum-automotive.com\/wp-content\/uploads\/2022\/06\/Forfait-Mobilites-durables-768x359.jpg",768,359,true],"large":["https:\/\/bu.optimum-automotive.com\/wp-content\/uploads\/2022\/06\/Forfait-Mobilites-durables.jpg",900,421,false],"1536x1536":["https:\/\/bu.optimum-automotive.com\/wp-content\/uploads\/2022\/06\/Forfait-Mobilites-durables.jpg",900,421,false],"2048x2048":["https:\/\/bu.optimum-automotive.com\/wp-content\/uploads\/2022\/06\/Forfait-Mobilites-durables.jpg",900,421,false],"trp-custom-language-flag":["https:\/\/bu.optimum-automotive.com\/wp-content\/uploads\/2022\/06\/Forfait-Mobilites-durables-18x8.jpg",18,8,true]},"uagb_author_info":{"display_name":"camaleon","author_link":"https:\/\/bu.optimum-automotive.com\/es\/author\/camaleon\/"},"uagb_comment_info":0,"uagb_excerpt":"Forfait mobilit\u00e9 durable : Quels modes de transports peuvent-\u00eatre \u00e9ligibles ?","_links":{"self":[{"href":"https:\/\/bu.optimum-automotive.com\/es\/wp-json\/wp\/v2\/posts\/4906","targetHints":{"allow":["GET"]}}],"collection":[{"href":"https:\/\/bu.optimum-automotive.com\/es\/wp-json\/wp\/v2\/posts"}],"about":[{"href":"https:\/\/bu.optimum-automotive.com\/es\/wp-json\/wp\/v2\/types\/post"}],"author":[{"embeddable":true,"href":"https:\/\/bu.optimum-automotive.com\/es\/wp-json\/wp\/v2\/users\/1"}],"replies":[{"embeddable":true,"href":"https:\/\/bu.optimum-automotive.com\/es\/wp-json\/wp\/v2\/comments?post=4906"}],"version-history":[{"count":2,"href":"https:\/\/bu.optimum-automotive.com\/es\/wp-json\/wp\/v2\/posts\/4906\/revisions"}],"predecessor-version":[{"id":5389,"href":"https:\/\/bu.optimum-automotive.com\/es\/wp-json\/wp\/v2\/posts\/4906\/revisions\/5389"}],"wp:featuredmedia":[{"embeddable":true,"href":"https:\/\/bu.optimum-automotive.com\/es\/wp-json\/wp\/v2\/media\/5194"}],"wp:attachment":[{"href":"https:\/\/bu.optimum-automotive.com\/es\/wp-json\/wp\/v2\/media?parent=4906"}],"wp:term":[{"taxonomy":"category","embeddable":true,"href":"https:\/\/bu.optimum-automotive.com\/es\/wp-json\/wp\/v2\/categories?post=4906"},{"taxonomy":"post_tag","embeddable":true,"href":"https:\/\/bu.optimum-automotive.com\/es\/wp-json\/wp\/v2\/tags?post=4906"}],"curies":[{"name":"wp","href":"https:\/\/api.w.org\/{rel}","templated":true}]}}