{"id":4910,"date":"2024-01-24T17:30:25","date_gmt":"2024-01-24T16:30:25","guid":{"rendered":"https:\/\/blog.optimum-automotive.com\/?p=2375"},"modified":"2025-01-17T16:19:31","modified_gmt":"2025-01-17T15:19:31","slug":"la-nouvelle-directive-europeenne-csrd-les-changements-a-venir-pour-la-gestion-de-flotte-automobile","status":"publish","type":"post","link":"https:\/\/bu.optimum-automotive.com\/es\/la-nueva-directiva-europea-csrd-los-cambios-que-se-avecinan-para-la-gestion-de-flotas-de-vehiculos\/","title":{"rendered":"Directiva CSRD: \u00bfqu\u00e9 cambios para la gesti\u00f3n de flotas?"},"content":{"rendered":"<div class=\"wp-block-image\">\n<figure class=\"alignright size-large is-resized\"><img decoding=\"async\" src=\"https:\/\/mobility-pack.com\/wp-content\/uploads\/2021\/12\/1-1300x935.jpg\" alt=\"\" style=\"width:324px;height:233px\"\/><\/figure><\/div>\n\n\n<p><strong>La gesti\u00f3n de flotas de veh\u00edculos est\u00e1 a punto de experimentar algunos cambios importantes. El 7 de diciembre de 2023 entrar\u00e1 en vigor la Directiva Europea sobre Informes de Sostenibilidad Empresarial (CSRD). El objetivo de esta legislaci\u00f3n es armonizar los informes de sostenibilidad,<\/strong> <strong>mejorar la responsabilidad de las empresas en t\u00e9rminos de desarrollo sostenible y transparencia en su enfoque de la RSE.<\/strong><\/p>\n\n\n\n<p><em><strong>Descubra en este art\u00edculo los principales cambios que cabe esperar y las novedades que repercutir\u00e1n en la gesti\u00f3n de las flotas de veh\u00edculos.<\/strong><\/em><\/p>\n\n\n\n<h2 class=\"wp-block-heading\">1 \u00bfQu\u00e9 es la Ley CSRD?<\/h2>\n\n\n<div class=\"wp-block-image\">\n<figure class=\"alignleft size-large is-resized\"><img decoding=\"async\" src=\"https:\/\/mobility-pack.com\/wp-content\/uploads\/2021\/11\/img-pour-votre-entreprise.jpg\" alt=\"\" style=\"width:258px;height:170px\"\/><\/figure><\/div>\n\n\n<p>La Directiva europea sobre responsabilidad social de las empresas es un nuevo conjunto de normas que se ir\u00e1n introduciendo progresivamente en funci\u00f3n de determinados criterios. Exigir\u00e1 a m\u00e1s de 50.000 empresas que divulguen informaci\u00f3n sobre cuestiones de responsabilidad social corporativa (RSC). Tendr\u00e1n que incluirla en sus informes financieros a partir de enero de 2024.<\/p>\n\n\n\n<p>Esta directiva sustituye a la NFRD (Non-Financial Reporting Directive). En otras palabras, las empresas tendr\u00e1n que incluir informaci\u00f3n m\u00e1s cualitativa y precisa sobre su impacto social y medioambiental en sus informes financieros \"tradicionales\".<\/p>\n\n\n\n<h2 class=\"wp-block-heading\">2. \u00bfSe me aplica el CSRD?<\/h2>\n\n\n\n<p><\/p>\n\n\n\n<h4 class=\"wp-block-heading has-text-align-center\"><strong>Empresas europeas<\/strong><\/h4>\n\n\n\n<div class=\"wp-block-group\"><div class=\"wp-block-group__inner-container is-layout-flow wp-block-group-is-layout-flow\">\n<figure class=\"wp-block-table is-style-stripes\"><table class=\"has-fixed-layout\"><tbody><tr><td>Fecha<\/td><td>1 de enero de 2024<\/td><td>1<sup>er<\/sup> Enero de 2025<\/td><td>1<sup>er<\/sup> Enero de 2026<\/td><\/tr><tr><td>Tipos de empresa<\/td><td>Grandes empresas cotizadas :<\/td><td>Grandes empresas afectadas si cumplen 2\/3 de los siguientes criterios:<\/td><td>PYME cotizadas afectadas si cumplen 2\/3 de los siguientes criterios:<\/td><\/tr><tr><td>Talla<\/td><td>M\u00e1s de 500 empleados<\/td><td>250 empleados o m\u00e1s<\/td><td>10 empleados o m\u00e1s<\/td><\/tr><tr><td>Cifras de ventas<\/td><td><\/td><td>Ventas anuales iguales o superiores a 40 millones de euros<\/td><td>900.000 euros o m\u00e1s en ventas anuales<\/td><\/tr><tr><td>Total del balance<\/td><td><\/td><td>Balance total igual o superior a 20 millones de euros<\/td><td>Balance total igual o superior a 450.000 euros<\/td><\/tr><\/tbody><\/table><figcaption class=\"wp-element-caption\"><strong><br><\/strong><\/figcaption><\/figure>\n<\/div><\/div>\n\n\n\n<h2 class=\"wp-block-heading\">3. Cambios y consecuencias para la gesti\u00f3n del parque de veh\u00edculos :<\/h2>\n\n\n<div class=\"wp-block-image\">\n<figure class=\"alignright size-large is-resized\"><img decoding=\"async\" src=\"https:\/\/mobility-pack.com\/wp-content\/uploads\/2021\/12\/deplacements_professionnels.jpg\" alt=\"\" style=\"width:451px;height:310px\"\/><\/figure><\/div>\n\n\n<ul class=\"wp-block-list\">\n<li>Obligaci\u00f3n de informar sobre las emisiones de CO2. Las empresas tendr\u00e1n que facilitar informaci\u00f3n sobre las emisiones de CO2 de su flota de veh\u00edculos. Tambi\u00e9n tendr\u00e1n que informar sobre las medidas adoptadas para reducir estas emisiones. A este respecto, las soluciones de gesti\u00f3n de flotas de veh\u00edculos, como la <a href=\"https:\/\/bu.optimum-automotive.com\/es\/\">\u00d3ptimo<\/a>Estos datos pueden proporcionar valiosos indicadores del impacto medioambiental de las flotas de veh\u00edculos. Tambi\u00e9n permiten adoptar medidas concretas para reducir y optimizar las emisiones de CO2 de los veh\u00edculos. En t\u00e9rminos m\u00e1s generales, ayuda a optimizar la movilidad profesional. Por ejemplo, analizando y optimizando el comportamiento al volante, <a href=\"https:\/\/autopartage-entreprise.optimum-carsharing.co\/\">coche compartido<\/a>, <a href=\"https:\/\/nouvelles-mobilites.mobility-pack.com\/\">movilidad alternativa<\/a>.<\/li>\n<\/ul>\n\n\n\n<div class=\"wp-block-image\"><figure class=\"alignleft size-large\"><a class=\"cta\" href=\"https:\/\/mobility-pack.com\/\" target=\"_blank\" rel=\"eco-conduite noopener\"><img decoding=\"async\" src=\"https:\/\/bu.optimum-automotive.com\/wp-content\/uploads\/2021\/07\/audit_gratuit.jpg\" alt=\"\" class=\"wp-image-1168\"><\/a><\/figure><\/div>\n\n\n\n<ul class=\"wp-block-list\">\n<li>Un an\u00e1lisis de los riesgos empresariales asociados al cambio clim\u00e1tico. Se anima a las empresas a identificar, mitigar e informar sobre los impactos negativos y los riesgos del cambio clim\u00e1tico en su negocio.<\/li>\n<\/ul>\n\n\n\n<ul class=\"wp-block-list\">\n<li>Tener en cuenta las externalidades negativas. Las empresas tendr\u00e1n que tener en cuenta las externalidades negativas, como la contaminaci\u00f3n atmosf\u00e9rica y los accidentes de tr\u00e1fico, en la gesti\u00f3n de su parque automovil\u00edstico. Esto incluye evaluar el impacto de estas externalidades en los resultados financieros de la empresa y aplicar estrategias para mitigarlas.<\/li>\n<\/ul>\n\n\n\n<h2 class=\"wp-block-heading\">4. Nuevas funciones y cambios previsibles :<\/h2>\n\n\n\n<ul class=\"wp-block-list\">\n<li>Armonizaci\u00f3n de los informes de sostenibilidad. Las empresas tendr\u00e1n que utilizar un formato normalizado para sus informes de sostenibilidad, lo que facilitar\u00e1 la comparaci\u00f3n entre empresas y mejorar\u00e1 la transparencia.<\/li>\n<\/ul>\n\n\n\n<ul class=\"wp-block-list\">\n<li>Verificaci\u00f3n externa de las memorias de sostenibilidad. Las memorias de sostenibilidad deber\u00e1n ser verificadas por un tercero independiente, para reforzar la fiabilidad de la informaci\u00f3n facilitada. (Auditor legal u organizaci\u00f3n tercera independiente acreditada)<\/li>\n<\/ul>\n\n\n\n<ul class=\"wp-block-list\">\n<li>Ampliaci\u00f3n del \u00e1mbito de aplicaci\u00f3n de la directiva. La DRSC se aplicar\u00e1 a un mayor n\u00famero de empresas que en la actualidad.<\/li>\n<\/ul>\n\n\n\n<h2 class=\"wp-block-heading\">5. Calendario de aplicaci\u00f3n del CSRD<\/h2>\n\n\n<div class=\"wp-block-image\">\n<figure class=\"aligncenter size-full\"><img decoding=\"async\" src=\"https:\/\/bu.optimum-automotive.com\/wp-content\/uploads\/2024\/01\/calendrier-CSRD.jpg\" alt=\"\" class=\"wp-image-2378\"\/><figcaption class=\"wp-element-caption\"><em>Fuente : cci-paris-idf.fr<\/em><\/figcaption><\/figure><\/div>\n\n\n<h2 class=\"wp-block-heading\"><strong>En pocas palabras<\/strong><\/h2>\n\n\n\n<div class=\"wp-block-image\"><figure class=\"alignright size-large\"><a class=\"cta\" href=\"https:\/\/mobility-pack.com\/contact\/\" target=\"_blank\" rel=\"\u00e9co-conduite noopener\"><img decoding=\"async\" src=\"https:\/\/bu.optimum-automotive.com\/wp-content\/uploads\/2021\/07\/eco_conduite.jpg\" alt=\"\" class=\"wp-image-1157\"><\/a><\/figure><\/div>\n\n\n\n<p>La emergencia clim\u00e1tica es ahora muy real. Se anima a las empresas de todos los tama\u00f1os a que pongan de su parte. Desde hace varios a\u00f1os, proliferan las medidas (LOM, ZFE, etc.) destinadas a minimizar el impacto medioambiental del parque automovil\u00edstico y de los desplazamientos profesionales. Para facilitar esta transici\u00f3n hacia una movilidad m\u00e1s sostenible, es esencial que las empresas dispongan de herramientas que les permitan medir y reducir su huella de carbono.<\/p>\n\n\n\n<p>Especialista en veh\u00edculos conectados y movilidad profesional desde 2006, Optimum ayuda a empresas y autoridades p\u00fablicas a optimizar su movilidad, tanto desde el punto de vista financiero como medioambiental.<\/p>\n\n\n\n<p><\/p>","protected":false},"excerpt":{"rendered":"<h4>CSRD : <\/h4>\n<p> grandes cambios en la gesti\u00f3n de flotas<\/p>","protected":false},"author":1,"featured_media":5172,"comment_status":"closed","ping_status":"closed","sticky":false,"template":"","format":"standard","meta":{"_coblocks_attr":"","_coblocks_dimensions":"","_coblocks_responsive_height":"","_coblocks_accordion_ie_support":"","_uag_custom_page_level_css":"","footnotes":""},"categories":[23],"tags":[21],"class_list":["post-4910","post","type-post","status-publish","format-standard","has-post-thumbnail","hentry","category-mobilite-des-collaborateurs","tag-transition-energetique"],"uagb_featured_image_src":{"full":["https:\/\/bu.optimum-automotive.com\/wp-content\/uploads\/2024\/01\/nouvelle-directive-europeenne-CSRD.jpg",900,421,false],"thumbnail":["https:\/\/bu.optimum-automotive.com\/wp-content\/uploads\/2024\/01\/nouvelle-directive-europeenne-CSRD-150x150.jpg",150,150,true],"medium":["https:\/\/bu.optimum-automotive.com\/wp-content\/uploads\/2024\/01\/nouvelle-directive-europeenne-CSRD-300x140.jpg",300,140,true],"medium_large":["https:\/\/bu.optimum-automotive.com\/wp-content\/uploads\/2024\/01\/nouvelle-directive-europeenne-CSRD-768x359.jpg",768,359,true],"large":["https:\/\/bu.optimum-automotive.com\/wp-content\/uploads\/2024\/01\/nouvelle-directive-europeenne-CSRD.jpg",900,421,false],"1536x1536":["https:\/\/bu.optimum-automotive.com\/wp-content\/uploads\/2024\/01\/nouvelle-directive-europeenne-CSRD.jpg",900,421,false],"2048x2048":["https:\/\/bu.optimum-automotive.com\/wp-content\/uploads\/2024\/01\/nouvelle-directive-europeenne-CSRD.jpg",900,421,false],"trp-custom-language-flag":["https:\/\/bu.optimum-automotive.com\/wp-content\/uploads\/2024\/01\/nouvelle-directive-europeenne-CSRD-18x8.jpg",18,8,true]},"uagb_author_info":{"display_name":"camaleon","author_link":"https:\/\/bu.optimum-automotive.com\/es\/author\/camaleon\/"},"uagb_comment_info":0,"uagb_excerpt":"CSRD : de grands changements pour la gestion de flotte","_links":{"self":[{"href":"https:\/\/bu.optimum-automotive.com\/es\/wp-json\/wp\/v2\/posts\/4910","targetHints":{"allow":["GET"]}}],"collection":[{"href":"https:\/\/bu.optimum-automotive.com\/es\/wp-json\/wp\/v2\/posts"}],"about":[{"href":"https:\/\/bu.optimum-automotive.com\/es\/wp-json\/wp\/v2\/types\/post"}],"author":[{"embeddable":true,"href":"https:\/\/bu.optimum-automotive.com\/es\/wp-json\/wp\/v2\/users\/1"}],"replies":[{"embeddable":true,"href":"https:\/\/bu.optimum-automotive.com\/es\/wp-json\/wp\/v2\/comments?post=4910"}],"version-history":[{"count":3,"href":"https:\/\/bu.optimum-automotive.com\/es\/wp-json\/wp\/v2\/posts\/4910\/revisions"}],"predecessor-version":[{"id":5227,"href":"https:\/\/bu.optimum-automotive.com\/es\/wp-json\/wp\/v2\/posts\/4910\/revisions\/5227"}],"wp:featuredmedia":[{"embeddable":true,"href":"https:\/\/bu.optimum-automotive.com\/es\/wp-json\/wp\/v2\/media\/5172"}],"wp:attachment":[{"href":"https:\/\/bu.optimum-automotive.com\/es\/wp-json\/wp\/v2\/media?parent=4910"}],"wp:term":[{"taxonomy":"category","embeddable":true,"href":"https:\/\/bu.optimum-automotive.com\/es\/wp-json\/wp\/v2\/categories?post=4910"},{"taxonomy":"post_tag","embeddable":true,"href":"https:\/\/bu.optimum-automotive.com\/es\/wp-json\/wp\/v2\/tags?post=4910"}],"curies":[{"name":"wp","href":"https:\/\/api.w.org\/{rel}","templated":true}]}}