{"id":4913,"date":"2024-04-23T10:23:41","date_gmt":"2024-04-23T08:23:41","guid":{"rendered":"https:\/\/blog.optimum-automotive.com\/?p=2537"},"modified":"2025-01-21T15:42:11","modified_gmt":"2025-01-21T14:42:11","slug":"transition-energetique-des-flottes-automobiles-les-entreprises-doivent-agir","status":"publish","type":"post","link":"https:\/\/bu.optimum-automotive.com\/es\/transicion-energetica-para-las-flotas-de-automoviles-las-empresas-deben-actuar\/","title":{"rendered":"Transici\u00f3n energ\u00e9tica de las flotas: las empresas deben actuar"},"content":{"rendered":"<div class=\"wp-block-image\">\n<figure class=\"alignleft size-full is-resized\"><img decoding=\"async\" src=\"https:\/\/bu.optimum-automotive.com\/wp-content\/uploads\/2022\/01\/vehicules-propres.jpg\" alt=\"\" class=\"wp-image-1872\" style=\"width:315px;height:317px\"\/><\/figure><\/div>\n\n\n<h2 class=\"wp-block-heading\">Introducci\u00f3n a la Ley Damien Adam sobre descarbonizaci\u00f3n del parque automovil\u00edstico<\/h2>\n\n\n\n<p><strong>La Comisi\u00f3n de Desarrollo Sostenible de la Asamblea Nacional aprob\u00f3 el 9 de abril el proyecto de ley de Damien Adam para endurecer las normas de descarbonizaci\u00f3n de las flotas de autom\u00f3viles. Esta ley presionar\u00e1 a las empresas con m\u00e1s de 100 veh\u00edculos en sus flotas. Su objetivo es acelerar la transici\u00f3n hacia veh\u00edculos m\u00e1s respetuosos con el medio ambiente, imponiendo umbrales de electrificaci\u00f3n e introduciendo sanciones en caso de incumplimiento de los objetivos.<\/strong><\/p>\n\n\n\n<p><strong>Se reconoce que estos objetivos son ambiciosos y que la electrificaci\u00f3n a\u00fan no satisface todas las necesidades de los gestores de flotas. Los retos t\u00e9cnicos y log\u00edsticos asociados a esta transici\u00f3n son considerables. Sin embargo, esta legislaci\u00f3n tambi\u00e9n representa una oportunidad para adaptarse a una tendencia inevitable del sector.<\/strong><\/p>\n\n\n\n<h3 class=\"wp-block-heading\"><strong>Umbrales ecol\u00f3gicos para las flotas: \u00bfCu\u00e1les son los nuevos requisitos?<\/strong><\/h3>\n\n\n\n<p><strong>Los umbrales de ecologizaci\u00f3n se desplazan un a\u00f1o<\/strong><\/p>\n\n\n\n<p>Los umbrales de ecologizaci\u00f3n fijados inicialmente en el proyecto de ley eran : <\/p>\n\n\n\n<ul class=\"wp-block-list\">\n<li>de 30 % en 2025<\/li>\n\n\n\n<li>40 % en 2026 <\/li>\n\n\n\n<li>50 % en 2027<\/li>\n\n\n\n<li>60 % en 2028<\/li>\n\n\n\n<li>70 % en 2029<\/li>\n\n\n\n<li>80 % en 2030<\/li>\n\n\n\n<li>90 % en 2031 <\/li>\n\n\n\n<li>95 % en 2032<\/li>\n<\/ul>\n\n\n\n<p>Sin embargo, se adoptaron nueve enmiendas que retrasan estos umbrales un a\u00f1o. Como resultado, el umbral de ecologizaci\u00f3n en 2025 es ahora de 20 %, mientras que en 2032 se reduce de 95 % a 90 %.<\/p>\n\n\n\n<p><strong>Sanciones por incumplimiento de la normativa sobre flotas<\/strong><\/p>\n\n\n\n<p>A partir del 1 de enero de 2026 se introducir\u00e1 un mecanismo de sanciones. Un n\u00famero insuficiente de veh\u00edculos de bajas emisiones en la flota se sancionar\u00eda con una multa. Esto representar\u00eda 1 % del volumen de negocios, como m\u00e1ximo, y una multa progresiva por veh\u00edculo limpio que falte: 2.000 euros en 2025, 4.000 euros en 2026 y 5.000 en 2027.<\/p>\n\n\n\n<p>En caso de no informar, la empresa se expondr\u00e1 a una multa m\u00e1xima de 0,1 % del volumen de negocios en lugar de los 10.000 euros previstos por la MP, y de 20.000 euros en caso de reincidencia.<\/p>\n\n\n\n<p>Por tanto, los gestores de flotas deben tomarse en serio estas sanciones. Deben establecer procedimientos para controlar y notificar la informaci\u00f3n necesaria. Esto implica recopilar y analizar los datos relativos a la flota de veh\u00edculos.<\/p>\n\n\n\n<h4 class=\"wp-block-heading\">Optimice la gesti\u00f3n de su flota para cumplir los nuevos requisitos<\/h4>\n\n\n\n<div class=\"wp-block-image\"><figure class=\"alignleft size-full\"><a class=\"cta\" href=\"https:\/\/www.optimum-datamining.com\" rel=\"fuel monitoring\"><img decoding=\"async\" src=\"https:\/\/bu.optimum-automotive.com\/wp-content\/uploads\/2021\/11\/oa_consulting_solution.jpg\" alt=\"\" class=\"wp-image-1473\"><\/a><\/figure><\/div>\n\n\n\n<p>La primera fase consiste en recopilar y analizar el uso de los veh\u00edculos. El objetivo es electrificar los veh\u00edculos cuyo uso sea relevante con un motor 100% el\u00e9ctrico. <a href=\"https:\/\/transition-energetique.optimum-datamining.com\/\">\u00d3ptimo<\/a> ofrece un estudio de electrificaci\u00f3n para recopilar los datos necesarios para tomar una decisi\u00f3n informada. Distancias recorridas, duraci\u00f3n y frecuencia de los trayectos, tiempos y ubicaci\u00f3n de los aparcamientos: todos estos par\u00e1metros se analizan a lo largo de un periodo significativo para determinar, de forma individualizada, la pertinencia de pasarse a un veh\u00edculo el\u00e9ctrico.<\/p>\n\n\n<div class=\"wp-block-image\">\n<figure class=\"alignleft size-full\"><img decoding=\"async\" src=\"https:\/\/bu.optimum-automotive.com\/wp-content\/uploads\/2022\/01\/electric_drive.jpg\" alt=\"\" class=\"wp-image-1875\"\/><\/figure><\/div>\n\n\n<p><strong>Incentivos para la integraci\u00f3n de veh\u00edculos el\u00e9ctricos en las flotas<\/strong><\/p>\n\n\n\n<p>La ley propuesta no se limita a las sanciones. Tambi\u00e9n pretende fomentar los veh\u00edculos el\u00e9ctricos con una buena puntuaci\u00f3n ecol\u00f3gica. En otras palabras, se contabilizar\u00e1n como \"1,2 veh\u00edculos en lugar de 1\" a efectos administrativos.<\/p>\n\n\n\n<p>En otras palabras, si a\u00f1ade 5 veh\u00edculos con una buena puntuaci\u00f3n ecol\u00f3gica a su flota, se contabilizar\u00e1n 6 veh\u00edculos a efectos administrativos (1,2*5 = 6).<\/p>\n\n\n\n<p><strong>Exclusi\u00f3n de los veh\u00edculos h\u00edbridos: centrarse en la electrificaci\u00f3n total<\/strong><\/p>\n\n\n\n<p><em>\u00bfY los h\u00edbridos?<\/em>&nbsp; Cabe se\u00f1alar que los veh\u00edculos h\u00edbridos enchufables quedar\u00e1n excluidos de las cuotas de electrificaci\u00f3n. Esto deja espacio para 100 modelos el\u00e9ctricos %, veh\u00edculos readaptados, cuadriciclos pesados y triciclos motorizados.<\/p>\n\n\n<div class=\"wp-block-image\">\n<figure class=\"alignright size-large is-resized\"><img decoding=\"async\" src=\"https:\/\/blog.optimum-automotive.com\/wp-content\/uploads\/2024\/04\/electric-car-charging-home-clean-energy-filling-technology-1024x652.jpg\" alt=\"\" class=\"wp-image-2564\" style=\"width:413px;height:263px\"\/><\/figure><\/div>\n\n\n<p><strong>Marco espec\u00edfico para las empresas de alquiler a corto plazo y de uso compartido de veh\u00edculos<\/strong><\/p>\n\n\n\n<p><em>\u00bfY las empresas de alquiler a corto plazo?<\/em> Esta propuesta tambi\u00e9n incluye un marco espec\u00edfico para los operadores de LCD y de coches compartidos. La ley propone un calendario adecuado para la electrificaci\u00f3n, con objetivos progresivos a partir de 5% en 2025. Tambi\u00e9n habr\u00e1 una cl\u00e1usula de revisi\u00f3n en 2027 para evaluar la eficacia de las medidas y ajustar la trayectoria en caso necesario.<\/p>\n\n\n\n<p><strong>El uso de veh\u00edculos el\u00e9ctricos es una forma de avanzar hacia la descarbonizaci\u00f3n... <a href=\"https:\/\/bu.optimum-automotive.com\/es\/costes-y-ecologizacion-de-la-movilidad\/\">pero no es la \u00fanica soluci\u00f3n<\/a><\/strong><\/p>\n\n\n\n<p>Para alcanzar los objetivos de descarbonizaci\u00f3n de la movilidad es necesario un planteamiento polifac\u00e9tico. Al mismo tiempo, los empleados tambi\u00e9n tienen un papel crucial que desempe\u00f1ar en esta transici\u00f3n. Su contribuci\u00f3n puede adoptar varias formas. Por ejemplo, reduciendo el n\u00famero de kil\u00f3metros recorridos, adoptando modos de transporte que emitan menos carbono y apoyando el desarrollo de veh\u00edculos el\u00e9ctricos energ\u00e9ticamente eficientes.<\/p>\n\n\n\n<p>Aqu\u00ed es donde <ins><a href=\"https:\/\/mobility-pack.com\/\">Pack Movilidad<\/a><\/ins> puede desempe\u00f1ar un papel decisivo. Se trata de una plataforma de gesti\u00f3n de la movilidad que proporciona a los gestores de flotas una valiosa herramienta para navegar por estas nuevas normativas. La soluci\u00f3n permite \"digitalizar\" la gesti\u00f3n de los gastos empresariales, as\u00ed como gestionar los planes gubernamentales dedicados a la \"movilidad blanda\". Cr\u00e9dit Mobilit\u00e9 y Forfait Mobilit\u00e9s Durables pueden gestionarse con la soluci\u00f3n Mobility Pack. La soluci\u00f3n Mobility Pack proporciona a los gestores de la movilidad cuadros de mando con indicadores valiosos. El TCM (Coste Total de la Movilidad) y el impacto individual y colectivo del carbono... Estos indicadores permiten analizar y optimizar la movilidad de los empleados, tanto desde el punto de vista financiero como medioambiental.<\/p>\n\n\n\n<div class=\"wp-block-image\"><figure class=\"alignright size-full\"><a class=\"cta\" href=\"https:\/\/www.optimum-datamining.com\" target=\"_blank\" rel=\"optimum consulting noopener\"><img decoding=\"async\" src=\"https:\/\/bu.optimum-automotive.com\/wp-content\/uploads\/2021\/11\/oa_consulting-1.jpg\" alt=\"\" class=\"wp-image-1464\"><\/a><\/figure><\/div>\n\n\n\n<p>La propuesta de ley de Damien Adam ofrece medidas y acciones a corto plazo que pueden contribuir r\u00e1pidamente a reducir las emisiones del sector del transporte y a cumplir nuestros compromisos clim\u00e1ticos. Implicando a todos los agentes del sector, gestores de flotas y empleados, podremos afrontar los retos de la transici\u00f3n hacia un parque automovil\u00edstico m\u00e1s respetuoso con el medio ambiente.<\/p>\n\n\n<div class=\"wp-block-image\">\n<figure class=\"alignright size-large is-resized\"><img decoding=\"async\" src=\"https:\/\/blog.optimum-automotive.com\/wp-content\/uploads\/2024\/04\/plugged-charger-into-electric-car-charge-station-1024x576.jpg\" alt=\"\" class=\"wp-image-2565\" style=\"width:443px;height:249px\"\/><\/figure><\/div>\n\n\n<p><br><strong>Tome medidas para evitar sanciones\u00a0<\/strong> <\/p>\n\n\n\n<p>En conclusi\u00f3n, \u00a1no es momento de postergar las cosas! La emergencia clim\u00e1tica est\u00e1 aqu\u00ed y nadie puede ignorarla. Tras el reciente retroceso en el tema de las ZFE (Zonas de Bajas Emisiones), la Ley Damien Adam hace hincapi\u00e9 en la importancia de la transici\u00f3n energ\u00e9tica. As\u00ed que es natural que se pida a las empresas con flotas de 100 veh\u00edculos o m\u00e1s que contribuyan.<br><a href=\"file:\/\/\/C:\/Users\/FranckGAULTIEROPTIMU\/Downloads\/transition-energetique.optimum-consulting\">Electrificaci\u00f3n de veh\u00edculos<\/a>, <a href=\"file:\/\/\/C:\/Users\/FranckGAULTIEROPTIMU\/Downloads\/autopartage-entreprise.optimum-carsharing.co\">coche compartido en la empresa<\/a>, <a href=\"file:\/\/\/C:\/Users\/FranckGAULTIEROPTIMU\/Downloads\/nouvelles-mobilites.mobility-pack.com\">movilidad alternativa<\/a>... las \u00e1reas de desarrollo son reales y las herramientas para gestionar estos cambios est\u00e1n listas. As\u00ed que es hora de pasar a la acci\u00f3n...<\/p>\n\n\n\n<p> Si no lo haces, \u00a1cuidado con las sanciones!<br><br><\/p>","protected":false},"excerpt":{"rendered":"<h4>La ley de Damien Adam:<\/h4>\n<p> descarbonizaci\u00f3n del parque automovil\u00edstico<\/p>","protected":false},"author":1,"featured_media":5220,"comment_status":"closed","ping_status":"closed","sticky":false,"template":"","format":"standard","meta":{"_coblocks_attr":"","_coblocks_dimensions":"","_coblocks_responsive_height":"","_coblocks_accordion_ie_support":"","_uag_custom_page_level_css":"","footnotes":""},"categories":[17],"tags":[21],"class_list":["post-4913","post","type-post","status-publish","format-standard","has-post-thumbnail","hentry","category-electrification-des-flottes","tag-transition-energetique"],"uagb_featured_image_src":{"full":["https:\/\/bu.optimum-automotive.com\/wp-content\/uploads\/2024\/04\/Transition-energetique-des-flottes.jpg",900,421,false],"thumbnail":["https:\/\/bu.optimum-automotive.com\/wp-content\/uploads\/2024\/04\/Transition-energetique-des-flottes-150x150.jpg",150,150,true],"medium":["https:\/\/bu.optimum-automotive.com\/wp-content\/uploads\/2024\/04\/Transition-energetique-des-flottes-300x140.jpg",300,140,true],"medium_large":["https:\/\/bu.optimum-automotive.com\/wp-content\/uploads\/2024\/04\/Transition-energetique-des-flottes-768x359.jpg",768,359,true],"large":["https:\/\/bu.optimum-automotive.com\/wp-content\/uploads\/2024\/04\/Transition-energetique-des-flottes.jpg",900,421,false],"1536x1536":["https:\/\/bu.optimum-automotive.com\/wp-content\/uploads\/2024\/04\/Transition-energetique-des-flottes.jpg",900,421,false],"2048x2048":["https:\/\/bu.optimum-automotive.com\/wp-content\/uploads\/2024\/04\/Transition-energetique-des-flottes.jpg",900,421,false],"trp-custom-language-flag":["https:\/\/bu.optimum-automotive.com\/wp-content\/uploads\/2024\/04\/Transition-energetique-des-flottes-18x8.jpg",18,8,true]},"uagb_author_info":{"display_name":"camaleon","author_link":"https:\/\/bu.optimum-automotive.com\/es\/author\/camaleon\/"},"uagb_comment_info":0,"uagb_excerpt":"loi de Damien Adam : d\u00e9carbonation des flottes automobiles","_links":{"self":[{"href":"https:\/\/bu.optimum-automotive.com\/es\/wp-json\/wp\/v2\/posts\/4913","targetHints":{"allow":["GET"]}}],"collection":[{"href":"https:\/\/bu.optimum-automotive.com\/es\/wp-json\/wp\/v2\/posts"}],"about":[{"href":"https:\/\/bu.optimum-automotive.com\/es\/wp-json\/wp\/v2\/types\/post"}],"author":[{"embeddable":true,"href":"https:\/\/bu.optimum-automotive.com\/es\/wp-json\/wp\/v2\/users\/1"}],"replies":[{"embeddable":true,"href":"https:\/\/bu.optimum-automotive.com\/es\/wp-json\/wp\/v2\/comments?post=4913"}],"version-history":[{"count":5,"href":"https:\/\/bu.optimum-automotive.com\/es\/wp-json\/wp\/v2\/posts\/4913\/revisions"}],"predecessor-version":[{"id":5386,"href":"https:\/\/bu.optimum-automotive.com\/es\/wp-json\/wp\/v2\/posts\/4913\/revisions\/5386"}],"wp:featuredmedia":[{"embeddable":true,"href":"https:\/\/bu.optimum-automotive.com\/es\/wp-json\/wp\/v2\/media\/5220"}],"wp:attachment":[{"href":"https:\/\/bu.optimum-automotive.com\/es\/wp-json\/wp\/v2\/media?parent=4913"}],"wp:term":[{"taxonomy":"category","embeddable":true,"href":"https:\/\/bu.optimum-automotive.com\/es\/wp-json\/wp\/v2\/categories?post=4913"},{"taxonomy":"post_tag","embeddable":true,"href":"https:\/\/bu.optimum-automotive.com\/es\/wp-json\/wp\/v2\/tags?post=4913"}],"curies":[{"name":"wp","href":"https:\/\/api.w.org\/{rel}","templated":true}]}}