{"id":5351,"date":"2025-01-20T17:19:06","date_gmt":"2025-01-20T16:19:06","guid":{"rendered":"https:\/\/www.optimum-automotive.com\/?p=5351"},"modified":"2025-01-24T10:34:57","modified_gmt":"2025-01-24T09:34:57","slug":"les-radars-intelligents-en-france-comment-bien-proteger-son-entreprise","status":"publish","type":"post","link":"https:\/\/bu.optimum-automotive.com\/es\/radares-inteligentes-en-francia-como-proteger-su-empresa\/","title":{"rendered":"Radares de tr\u00e1fico inteligentes en Francia: proteja su empresa"},"content":{"rendered":"<p>En 2025 se est\u00e1 produciendo un cambio radical en la gesti\u00f3n de la seguridad vial en Francia con la introducci\u00f3n de <a href=\"https:\/\/www.caminteresse.fr\/societe\/tout-ce-que-vous-devez-savoir-sur-les-nouveaux-radars-en-2025-11199260\/\"><strong>radares inteligentes<\/strong><\/a>. Estos dispositivos, que incorporan tecnolog\u00edas avanzadas como<strong>inteligencia artificial (IA)<\/strong>El objetivo es mejorar la seguridad vial. Esta evoluci\u00f3n promete reducir las infracciones y mejorar la seguridad general, pero tambi\u00e9n plantea retos a las empresas. Tendr\u00e1n que adaptar sus <strong>gesti\u00f3n de flotas<\/strong> para cumplir las nuevas normas y prevenir los riesgos asociados al uso profesional de los veh\u00edculos. Lee este art\u00edculo para conocer las soluciones disponibles hoy en d\u00eda para proteger a tus equipos y a tu empresa frente a estas novedades.<\/p>\n\n\n\n<h2 class=\"wp-block-heading has-text-color\" style=\"color:#1223df\">Radar inteligente: un gran avance tecnol\u00f3gico<\/h2>\n\n\n\n<p style=\"font-size:18px\">Los radares inteligentes hacen mucho m\u00e1s que detectar el exceso de velocidad. Gracias a la<strong>IA<\/strong> (inteligencia artificial), controlan en tiempo real una amplia gama de comportamientos peligrosos:<\/p>\n\n\n\n<ul style=\"font-size:18px\" class=\"wp-block-list\">\n<li>Exceso de velocidad<\/li>\n\n\n\n<li>No respetar las distancias de seguridad<\/li>\n\n\n\n<li>Utilizar el tel\u00e9fono al volante<\/li>\n\n\n\n<li>No llevar puesto el cintur\u00f3n de seguridad<\/li>\n<\/ul>\n\n\n\n<p><\/p>\n\n\n\n<figure class=\"wp-block-gallery has-nested-images columns-default is-cropped wp-block-gallery-1 is-layout-flex wp-block-gallery-is-layout-flex\">\n<figure class=\"wp-block-image size-full\"><img loading=\"lazy\" decoding=\"async\" width=\"1024\" height=\"257\" data-id=\"5353\" src=\"https:\/\/bu.optimum-automotive.com\/wp-content\/uploads\/2025\/01\/pictos_infractions-1-1024x2571-1.png\" alt=\"\" class=\"wp-image-5353\" srcset=\"https:\/\/bu.optimum-automotive.com\/wp-content\/uploads\/2025\/01\/pictos_infractions-1-1024x2571-1.png 1024w, https:\/\/bu.optimum-automotive.com\/wp-content\/uploads\/2025\/01\/pictos_infractions-1-1024x2571-1-300x75.png 300w, https:\/\/bu.optimum-automotive.com\/wp-content\/uploads\/2025\/01\/pictos_infractions-1-1024x2571-1-768x193.png 768w, https:\/\/bu.optimum-automotive.com\/wp-content\/uploads\/2025\/01\/pictos_infractions-1-1024x2571-1-18x5.png 18w\" sizes=\"auto, (max-width: 1024px) 100vw, 1024px\" \/><\/figure>\n<\/figure>\n\n\n\n<p style=\"font-size:18px\">Esta amplia vigilancia permite centrarse en los comportamientos de alto riesgo, reforzando as\u00ed la <strong>seguridad vial<\/strong>. Su capacidad para analizar simult\u00e1neamente varios aspectos de la conducci\u00f3n permite comprender mejor los factores que provocan los accidentes, lo que convierte a los radares inteligentes en una poderosa herramienta para reducir los comportamientos temerarios.<\/p>\n\n\n\n<p><\/p>\n\n\n\n<p><\/p>\n\n\n\n<h2 class=\"wp-block-heading has-text-color\" style=\"color:#1223df\">Un reto para las empresas: el impacto de los radares inteligentes<\/h2>\n\n\n\n<p style=\"font-size:18px\">Desde 2017, la legislaci\u00f3n obliga a las empresas a designar al conductor responsable en caso de infracci\u00f3n de un veh\u00edculo de empresa, so pena de sanciones. Con la llegada de los radares inteligentes en 2025, la gesti\u00f3n de flotas se vuelve m\u00e1s compleja, con un abanico m\u00e1s amplio de comportamientos controlados.<\/p>\n\n\n\n<p class=\"has-medium-font-size\"><strong>Por tanto, las empresas deben :<\/strong><\/p>\n\n\n\n<ul style=\"font-size:18px\" class=\"wp-block-list\">\n<li>Identificaci\u00f3n de los infractores, especialmente en el caso de los veh\u00edculos compartidos<\/li>\n\n\n\n<li>Garantizar el cumplimiento de las nuevas normas<\/li>\n\n\n\n<li>Optimizar la gesti\u00f3n de la flota para evitar riesgos jur\u00eddicos y financieros<\/li>\n<\/ul>\n\n\n\n<p><\/p>\n\n\n\n<p><\/p>\n\n\n\n<p><\/p>\n\n\n\n<h2 class=\"wp-block-heading has-text-color\" style=\"color:#1223df\">Automatizar la gesti\u00f3n de las multas: una soluci\u00f3n eficaz<\/h2>\n\n\n\n<p class=\"has-black-color has-text-color\" style=\"font-size:18px\">La ampliaci\u00f3n de las infracciones objeto de vigilancia hace m\u00e1s compleja la gesti\u00f3n manual de las multas. Soluciones como las propuestas por <strong>\u00d3ptimo<\/strong> puede automatizar este proceso conectando las flotas a plataformas como ANTAI (<a href=\"https:\/\/www.antai.gouv.fr\/\">Agence Nationale de Traitement Automatis\u00e9 des Infractions (Agencia Nacional de Tratamiento Automatizado de las Infracciones)<\/a>). Gracias a <a href=\"https:\/\/bu.optimum-automotive.com\/es\/para-gestores-de-flotas\/\">este servicio<\/a>De este modo, se puede identificar m\u00e1s r\u00e1pidamente al conductor infractor y gestionar las multas con mayor eficacia.<\/p>\n\n\n\n<p class=\"has-medium-font-size\"><strong>Ventajas de la automatizaci\u00f3n :<\/strong><\/p>\n\n\n\n<ul style=\"font-size:18px\" class=\"wp-block-list\">\n<li>Reducci\u00f3n del tiempo de tramitaci\u00f3n<\/li>\n\n\n\n<li>Cumplimiento de las obligaciones legales<\/li>\n\n\n\n<li>Responsabilizar a los conductores<\/li>\n<\/ul>\n\n\n\n<p><\/p>\n\n\n\n<p><\/p>\n\n\n\n<p><\/p>\n\n\n\n<figure class=\"wp-block-image size-full\"><img loading=\"lazy\" decoding=\"async\" width=\"1024\" height=\"366\" src=\"https:\/\/bu.optimum-automotive.com\/wp-content\/uploads\/2025\/01\/Image2-1024x3661-1.jpg\" alt=\"\" class=\"wp-image-5355\" srcset=\"https:\/\/bu.optimum-automotive.com\/wp-content\/uploads\/2025\/01\/Image2-1024x3661-1.jpg 1024w, https:\/\/bu.optimum-automotive.com\/wp-content\/uploads\/2025\/01\/Image2-1024x3661-1-300x107.jpg 300w, https:\/\/bu.optimum-automotive.com\/wp-content\/uploads\/2025\/01\/Image2-1024x3661-1-768x275.jpg 768w, https:\/\/bu.optimum-automotive.com\/wp-content\/uploads\/2025\/01\/Image2-1024x3661-1-18x6.jpg 18w\" sizes=\"auto, (max-width: 1024px) 100vw, 1024px\" \/><\/figure>\n\n\n\n<h2 class=\"wp-block-heading has-text-color\" style=\"color:#1223df\">Prevenir las conductas de riesgo: una inversi\u00f3n de futuro<\/h2>\n\n\n\n<p class=\"has-black-color has-text-color\" style=\"font-size:18px\">La gesti\u00f3n de las multas es s\u00f3lo una parte de la ecuaci\u00f3n. Ante todo, la <strong><a href=\"https:\/\/bu.optimum-automotive.com\/es\/para-gestores-de-flotas\/\">prevenci\u00f3n de conductas de riesgo<\/a><\/strong> es esencial para la seguridad de los empleados y para reducir los costes relacionados con los accidentes. Las tecnolog\u00edas de gesti\u00f3n de flotas conectadas, como las que ofrece <strong>\u00d3ptimo<\/strong>Estos sistemas recogen datos muy valiosos sobre el comportamiento al volante, lo que permite detectar conductas de riesgo y otorgar una puntuaci\u00f3n de \"Eco\u00edndice\" a cada conductor.<\/p>\n\n\n\n<p style=\"font-size:18px\">A partir de estos datos, las empresas pueden aplicar medidas espec\u00edficas para concienciar a sus conductores, como cursos de formaci\u00f3n y concursos de conducci\u00f3n responsable. Estas medidas contribuyen a la seguridad de los empleados y reducen el n\u00famero de accidentes, con lo que disminuyen los costes de los seguros.<\/p>\n\n\n\n<p><\/p>\n\n\n\n<p><\/p>\n\n\n\n<p style=\"font-size:18px\">En conclusi\u00f3n, la llegada de los radares de velocidad inteligentes supone un gran paso adelante en la seguridad vial en Francia. Las empresas deben prepararse desde ahora adoptando soluciones innovadoras para cumplir la nueva legislaci\u00f3n, mejorando as\u00ed la seguridad de sus equipos y reduciendo los riesgos financieros y jur\u00eddicos.<\/p>\n\n\n\n<p><\/p>\n\n\n\n<p><\/p>\n\n\n\n<p><\/p>\n\n\n\n<h4 class=\"wp-block-heading has-text-color\" style=\"color:#1223df;font-size:18px\"><a href=\"https:\/\/bu.optimum-automotive.com\/es\/pongase-en-contacto-con\/\">&gt;&gt; <strong>Antic\u00edpese hoy para una gesti\u00f3n \u00f3ptima de sus flotas y una protecci\u00f3n eficaz contra los retos de 2025<\/strong> !<\/a><\/h4>\n\n\n\n<div class=\"wp-block-buttons is-layout-flex wp-block-buttons-is-layout-flex\">\n<div class=\"wp-block-button\"><a class=\"wp-block-button__link has-blue-background-color has-background wp-element-button\" href=\"https:\/\/bu.optimum-automotive.com\/es\/pongase-en-contacto-con\/\">P\u00f3ngase en contacto con nosotros<\/a><\/div>\n<\/div>\n\n\n\n<p><\/p>","protected":false},"excerpt":{"rendered":"<h4>Radares de tr\u00e1fico inteligentes :<\/h4>\n<p> un gran avance tecnol\u00f3gico<\/p>","protected":false},"author":1,"featured_media":5363,"comment_status":"closed","ping_status":"closed","sticky":false,"template":"","format":"standard","meta":{"_coblocks_attr":"","_coblocks_dimensions":"","_coblocks_responsive_height":"","_coblocks_accordion_ie_support":"","_uag_custom_page_level_css":"","footnotes":""},"categories":[13],"tags":[12,18],"class_list":["post-5351","post","type-post","status-publish","format-standard","has-post-thumbnail","hentry","category-gestion-de-flotte","tag-gestion-de-parc-automobile","tag-gestion-des-amendes"],"uagb_featured_image_src":{"full":["https:\/\/bu.optimum-automotive.com\/wp-content\/uploads\/2025\/01\/Les-radars-intelligents-en-France.jpg",900,421,false],"thumbnail":["https:\/\/bu.optimum-automotive.com\/wp-content\/uploads\/2025\/01\/Les-radars-intelligents-en-France-150x150.jpg",150,150,true],"medium":["https:\/\/bu.optimum-automotive.com\/wp-content\/uploads\/2025\/01\/Les-radars-intelligents-en-France-300x140.jpg",300,140,true],"medium_large":["https:\/\/bu.optimum-automotive.com\/wp-content\/uploads\/2025\/01\/Les-radars-intelligents-en-France-768x359.jpg",768,359,true],"large":["https:\/\/bu.optimum-automotive.com\/wp-content\/uploads\/2025\/01\/Les-radars-intelligents-en-France.jpg",900,421,false],"1536x1536":["https:\/\/bu.optimum-automotive.com\/wp-content\/uploads\/2025\/01\/Les-radars-intelligents-en-France.jpg",900,421,false],"2048x2048":["https:\/\/bu.optimum-automotive.com\/wp-content\/uploads\/2025\/01\/Les-radars-intelligents-en-France.jpg",900,421,false],"trp-custom-language-flag":["https:\/\/bu.optimum-automotive.com\/wp-content\/uploads\/2025\/01\/Les-radars-intelligents-en-France-18x8.jpg",18,8,true]},"uagb_author_info":{"display_name":"camaleon","author_link":"https:\/\/bu.optimum-automotive.com\/es\/author\/camaleon\/"},"uagb_comment_info":0,"uagb_excerpt":"Radars intelligents : une avanc\u00e9e technologique majeure","_links":{"self":[{"href":"https:\/\/bu.optimum-automotive.com\/es\/wp-json\/wp\/v2\/posts\/5351","targetHints":{"allow":["GET"]}}],"collection":[{"href":"https:\/\/bu.optimum-automotive.com\/es\/wp-json\/wp\/v2\/posts"}],"about":[{"href":"https:\/\/bu.optimum-automotive.com\/es\/wp-json\/wp\/v2\/types\/post"}],"author":[{"embeddable":true,"href":"https:\/\/bu.optimum-automotive.com\/es\/wp-json\/wp\/v2\/users\/1"}],"replies":[{"embeddable":true,"href":"https:\/\/bu.optimum-automotive.com\/es\/wp-json\/wp\/v2\/comments?post=5351"}],"version-history":[{"count":4,"href":"https:\/\/bu.optimum-automotive.com\/es\/wp-json\/wp\/v2\/posts\/5351\/revisions"}],"predecessor-version":[{"id":5626,"href":"https:\/\/bu.optimum-automotive.com\/es\/wp-json\/wp\/v2\/posts\/5351\/revisions\/5626"}],"wp:featuredmedia":[{"embeddable":true,"href":"https:\/\/bu.optimum-automotive.com\/es\/wp-json\/wp\/v2\/media\/5363"}],"wp:attachment":[{"href":"https:\/\/bu.optimum-automotive.com\/es\/wp-json\/wp\/v2\/media?parent=5351"}],"wp:term":[{"taxonomy":"category","embeddable":true,"href":"https:\/\/bu.optimum-automotive.com\/es\/wp-json\/wp\/v2\/categories?post=5351"},{"taxonomy":"post_tag","embeddable":true,"href":"https:\/\/bu.optimum-automotive.com\/es\/wp-json\/wp\/v2\/tags?post=5351"}],"curies":[{"name":"wp","href":"https:\/\/api.w.org\/{rel}","templated":true}]}}