{"id":5470,"date":"2025-01-22T17:35:53","date_gmt":"2025-01-22T16:35:53","guid":{"rendered":"https:\/\/www.optimum-automotive.com\/?p=5470"},"modified":"2025-01-29T16:27:34","modified_gmt":"2025-01-29T15:27:34","slug":"optimum-present-sur-flotauto-paris-2025","status":"publish","type":"post","link":"https:\/\/bu.optimum-automotive.com\/es\/optima-presencia-en-flotauto-paris-2025\/","title":{"rendered":"Optimum estar\u00e1 presente en FLOTAUTO 2025- PARIS"},"content":{"rendered":"<div class=\"wp-block-uagb-image uagb-block-83f0e5b8 wp-block-uagb-image--layout-default wp-block-uagb-image--effect-static wp-block-uagb-image--align-none\"><figure class=\"wp-block-uagb-image__figure\"><img decoding=\"async\" srcset=\"https:\/\/bu.optimum-automotive.com\/wp-content\/uploads\/2025\/01\/rdv-2-1024x215.png ,https:\/\/bu.optimum-automotive.com\/wp-content\/uploads\/2025\/01\/rdv-2.png 780w, https:\/\/bu.optimum-automotive.com\/wp-content\/uploads\/2025\/01\/rdv-2.png 360w\" sizes=\"auto, (max-width: 480px) 150px\" src=\"https:\/\/bu.optimum-automotive.com\/wp-content\/uploads\/2025\/01\/rdv-2-1024x215.png\" alt=\"\" class=\"uag-image-5478\" width=\"2891\" height=\"608\" title=\"cita\" loading=\"lazy\" role=\"img\"\/><\/figure><\/div>\n\n\n\n<p><strong>Optimum participar\u00e1 en el sal\u00f3n FlotAuto de Par\u00eds el 6 de febrero de 2025 en las Grandes Halles de la Villette. <\/strong><\/p>\n\n\n\n<p>Este gran acontecimiento reunir\u00e1 a m\u00e1s de <strong>200 expositores<\/strong> y acoger\u00e1 a casi <strong>4.000 visitantes<\/strong>. Los profesionales acudieron a debatir las \u00faltimas innovaciones y soluciones para optimizar las flotas de veh\u00edculos.<\/p>\n\n\n\n<p>Un a\u00f1o m\u00e1s, <strong>\u00d3ptimo <\/strong>estar\u00e1 presente para compartir su experiencia y mostrar sus soluciones innovadoras. <\/p>\n\n\n\n<h2 class=\"wp-block-heading\">\u00bfPor qu\u00e9 visitar el stand de Optimum?<\/h2>\n\n\n\n<p>Optimum expondr\u00e1 sus soluciones dedicadas a la reducci\u00f3n de costes, la transici\u00f3n energ\u00e9tica y la mejora de la movilidad sostenible. Los visitantes podr\u00e1n descubrir :<\/p>\n\n\n\n<ul class=\"wp-block-list\">\n<li>Innovaciones que permiten <strong>veh\u00edculos de conexi\u00f3n<\/strong> <\/li>\n\n\n\n<li>Herramientas para facilitar la transici\u00f3n a <strong>veh\u00edculo el\u00e9ctrico<\/strong> y promover soluciones como<strong>coche compartido<\/strong> o el <strong>compartir coche<\/strong><\/li>\n\n\n\n<li>Asistencia personalizada para satisfacer las necesidades espec\u00edficas de los gestores de flotas<\/li>\n<\/ul>\n\n\n\n<p><\/p>\n\n\n\n<p>El sal\u00f3n Flotauto ofrece una oportunidad \u00fanica para hablar con los equipos de Optimum y conocer las tendencias del sector. Con una presencia consolidada en <strong>Francia<\/strong> y el<strong>internacional<\/strong>en particular por <strong>\u00c1frica<\/strong>Optimum demuestra una vez m\u00e1s su capacidad para innovar y hacer frente a los retos de la empresa moderna.<\/p>\n\n\n\n<div class=\"wp-block-uagb-image uagb-block-e56a63be wp-block-uagb-image--layout-default wp-block-uagb-image--effect-static wp-block-uagb-image--align-none\"><figure class=\"wp-block-uagb-image__figure\"><img decoding=\"async\" srcset=\"https:\/\/bu.optimum-automotive.com\/wp-content\/uploads\/2025\/01\/rencontresparis-flotauto-stands-hp-1-1024x320.jpg ,https:\/\/bu.optimum-automotive.com\/wp-content\/uploads\/2025\/01\/rencontresparis-flotauto-stands-hp-1.jpg 780w, https:\/\/bu.optimum-automotive.com\/wp-content\/uploads\/2025\/01\/rencontresparis-flotauto-stands-hp-1.jpg 360w\" sizes=\"auto, (max-width: 480px) 150px\" src=\"https:\/\/bu.optimum-automotive.com\/wp-content\/uploads\/2025\/01\/rencontresparis-flotauto-stands-hp-1-1024x320.jpg\" alt=\"\" class=\"uag-image-5489\" width=\"1800\" height=\"563\" title=\"reunionesparis-flotauto-stand-hp\" loading=\"lazy\" role=\"img\"\/><\/figure><\/div>\n\n\n\n<blockquote class=\"wp-block-quote is-layout-flow wp-block-quote-is-layout-flow\">\n<p>No se pierda esta oportunidad de conocer a nuestros expertos y descubrir c\u00f3mo nuestras soluciones pueden transformar la gesti\u00f3n de su flota. <strong>Vis\u00edtenos en el stand C61 el 6 de febrero de 2025.<\/strong> <\/p>\n<\/blockquote>\n\n\n\n<p><strong>&gt;&gt; No se pierda la conferencia sobre \"Telem\u00e1tica: c\u00f3mo reducir costes\".<\/strong> que tendr\u00e1 lugar durante el acto. <strong>Reuni\u00f3n en la sala C de 14.15 a 15.15 horas,<\/strong> para una conferencia copatrocinada por Laurent Verdier, Director de Cuentas Estrat\u00e9gicas de Optimum.<\/p>\n\n\n\n<h2 class=\"wp-block-heading\"><strong>Solicite ahora su tarjeta de acceso:<\/strong><\/h2>\n\n\n\n<p><a href=\"https:\/\/rencontres.flotauto.com\/espace-visiteur\/connectez-vous.htm\"><strong>https:\/\/rencontres.flotauto.com\/espace-visiteur\/connectez-vous.htm<\/strong><\/a><\/p>\n\n\n\n<p><\/p>","protected":false},"excerpt":{"rendered":"<p>FLOTAUTO 2024 - PAR\u00cdS<\/p>","protected":false},"author":4,"featured_media":5555,"comment_status":"closed","ping_status":"open","sticky":false,"template":"","format":"standard","meta":{"_coblocks_attr":"","_coblocks_dimensions":"","_coblocks_responsive_height":"","_coblocks_accordion_ie_support":"","_uag_custom_page_level_css":"","footnotes":""},"categories":[4],"tags":[],"class_list":["post-5470","post","type-post","status-publish","format-standard","has-post-thumbnail","hentry","category-actualites"],"uagb_featured_image_src":{"full":["https:\/\/bu.optimum-automotive.com\/wp-content\/uploads\/2025\/01\/flotauto.png",3525,1842,false],"thumbnail":["https:\/\/bu.optimum-automotive.com\/wp-content\/uploads\/2025\/01\/flotauto-150x150.png",150,150,true],"medium":["https:\/\/bu.optimum-automotive.com\/wp-content\/uploads\/2025\/01\/flotauto-300x157.png",300,157,true],"medium_large":["https:\/\/bu.optimum-automotive.com\/wp-content\/uploads\/2025\/01\/flotauto-768x401.png",768,401,true],"large":["https:\/\/bu.optimum-automotive.com\/wp-content\/uploads\/2025\/01\/flotauto-1024x535.png",1024,535,true],"1536x1536":["https:\/\/bu.optimum-automotive.com\/wp-content\/uploads\/2025\/01\/flotauto-1536x803.png",1536,803,true],"2048x2048":["https:\/\/bu.optimum-automotive.com\/wp-content\/uploads\/2025\/01\/flotauto-2048x1070.png",2048,1070,true],"trp-custom-language-flag":["https:\/\/bu.optimum-automotive.com\/wp-content\/uploads\/2025\/01\/flotauto-18x9.png",18,9,true]},"uagb_author_info":{"display_name":"m.rochard@optimum-automotive.com","author_link":"https:\/\/bu.optimum-automotive.com\/es\/author\/m-rochardoptimum-automotive-com\/"},"uagb_comment_info":0,"uagb_excerpt":"FLOTAUTO 2024 - PARIS","_links":{"self":[{"href":"https:\/\/bu.optimum-automotive.com\/es\/wp-json\/wp\/v2\/posts\/5470","targetHints":{"allow":["GET"]}}],"collection":[{"href":"https:\/\/bu.optimum-automotive.com\/es\/wp-json\/wp\/v2\/posts"}],"about":[{"href":"https:\/\/bu.optimum-automotive.com\/es\/wp-json\/wp\/v2\/types\/post"}],"author":[{"embeddable":true,"href":"https:\/\/bu.optimum-automotive.com\/es\/wp-json\/wp\/v2\/users\/4"}],"replies":[{"embeddable":true,"href":"https:\/\/bu.optimum-automotive.com\/es\/wp-json\/wp\/v2\/comments?post=5470"}],"version-history":[{"count":12,"href":"https:\/\/bu.optimum-automotive.com\/es\/wp-json\/wp\/v2\/posts\/5470\/revisions"}],"predecessor-version":[{"id":5499,"href":"https:\/\/bu.optimum-automotive.com\/es\/wp-json\/wp\/v2\/posts\/5470\/revisions\/5499"}],"wp:featuredmedia":[{"embeddable":true,"href":"https:\/\/bu.optimum-automotive.com\/es\/wp-json\/wp\/v2\/media\/5555"}],"wp:attachment":[{"href":"https:\/\/bu.optimum-automotive.com\/es\/wp-json\/wp\/v2\/media?parent=5470"}],"wp:term":[{"taxonomy":"category","embeddable":true,"href":"https:\/\/bu.optimum-automotive.com\/es\/wp-json\/wp\/v2\/categories?post=5470"},{"taxonomy":"post_tag","embeddable":true,"href":"https:\/\/bu.optimum-automotive.com\/es\/wp-json\/wp\/v2\/tags?post=5470"}],"curies":[{"name":"wp","href":"https:\/\/api.w.org\/{rel}","templated":true}]}}