{"id":5583,"date":"2025-02-24T11:45:35","date_gmt":"2025-02-24T10:45:35","guid":{"rendered":"https:\/\/www.optimum-automotive.com\/?p=5583"},"modified":"2025-02-24T11:54:17","modified_gmt":"2025-02-24T10:54:17","slug":"fiscalite-flottes-automobiles-2025-reformes-taxes-bonus-malus","status":"publish","type":"post","link":"https:\/\/bu.optimum-automotive.com\/es\/fiscalidad-flotas-de-automoviles-2025-reformas-fiscales-bonificacion-malus\/","title":{"rendered":"La fiscalidad de las flotas de autom\u00f3viles en 2025: un gran trastorno para las empresas"},"content":{"rendered":"<div class=\"wp-block-image\">\n<figure class=\"alignright size-full is-resized\"><img loading=\"lazy\" decoding=\"async\" width=\"600\" height=\"600\" src=\"https:\/\/bu.optimum-automotive.com\/wp-content\/uploads\/2025\/02\/plf2025-adobestock_796751625-10-10-24.jpeg\" alt=\"\" class=\"wp-image-5595\" style=\"width:203px;height:auto\" srcset=\"https:\/\/bu.optimum-automotive.com\/wp-content\/uploads\/2025\/02\/plf2025-adobestock_796751625-10-10-24.jpeg 600w, https:\/\/bu.optimum-automotive.com\/wp-content\/uploads\/2025\/02\/plf2025-adobestock_796751625-10-10-24-300x300.jpeg 300w, https:\/\/bu.optimum-automotive.com\/wp-content\/uploads\/2025\/02\/plf2025-adobestock_796751625-10-10-24-150x150.jpeg 150w, https:\/\/bu.optimum-automotive.com\/wp-content\/uploads\/2025\/02\/plf2025-adobestock_796751625-10-10-24-12x12.jpeg 12w\" sizes=\"auto, (max-width: 600px) 100vw, 600px\" \/><\/figure><\/div>\n\n\n<p>El 6 de febrero de este a\u00f1o se aprobaron el Proyecto de Ley de Finanzas (PLF) y el Proyecto de Ley de Financiaci\u00f3n de la Seguridad Social (PLFSS) 2025. Su inminente publicaci\u00f3n en el Diario Oficial oficial oficializar\u00e1 la nueva fiscalidad de los parques automovil\u00edsticos en 2025, con importantes cambios que repercutir\u00e1n directamente en <strong>gestores de flotas de autom\u00f3viles<\/strong>.<\/p>\n\n\n\n<h2 class=\"wp-block-heading\"><strong>Normas fiscales restrictivas para la movilidad empresarial<\/strong><\/h2>\n\n\n\n<p>Las reformas fiscales alterar\u00e1n radicalmente el modo en que las empresas tributan por el autom\u00f3vil. Aumentar\u00e1n los impuestos sobre los veh\u00edculos contaminantes y reducir\u00e1n el apoyo a la transici\u00f3n energ\u00e9tica. La supresi\u00f3n de la prima de reconversi\u00f3n y la reducci\u00f3n significativa de la prima ecol\u00f3gica dificultar\u00e1n la adopci\u00f3n de veh\u00edculos de \"bajas emisiones\". Para superar este dif\u00edcil periodo, las empresas necesitan herramientas, en particular para analizar c\u00f3mo se utiliza cada veh\u00edculo. Esto es lo que ofrece OPTIMUM, por ejemplo, con su <strong><a href=\"https:\/\/bu.optimum-automotive.com\/es\/lp-electrificacion-de-los-vehiculos-de-empresa\/\">estudio de electrificaci\u00f3n<\/a><\/strong> que identifica los veh\u00edculos \"electrificables\". Esto permite ecologizar los veh\u00edculos cuyo uso es compatible con un motor el\u00e9ctrico.<\/p>\n\n\n\n<h2 class=\"wp-block-heading\"><strong>Cambios en la TVU y los impuestos de matriculaci\u00f3n<\/strong><\/h2>\n\n\n\n<p>Impuesto sobre el uso de veh\u00edculos (<a href=\"https:\/\/entreprendre.service-public.fr\/vosdroits\/F22203\">TVU<\/a>) ha sufrido algunos cambios significativos. Desde el 1 de enero de 2025, se ha suprimido la exenci\u00f3n para los veh\u00edculos h\u00edbridos. Sin embargo, los veh\u00edculos que funcionan con etanol s\u00faper E85 se benefician de una desgravaci\u00f3n compensatoria de 40 % sobre las emisiones de CO2 (en determinadas condiciones).<\/p>\n\n\n\n<h2 class=\"wp-block-heading\"><strong>Un impuesto sobre la ecologizaci\u00f3n de las flotas de m\u00e1s de 100 veh\u00edculos<\/strong><\/h2>\n\n\n<div class=\"wp-block-image\">\n<figure class=\"alignleft size-full is-resized\"><img loading=\"lazy\" decoding=\"async\" width=\"562\" height=\"771\" src=\"https:\/\/bu.optimum-automotive.com\/wp-content\/uploads\/2025\/02\/carte-grise-1.jpg\" alt=\"\" class=\"wp-image-5597\" style=\"width:169px;height:auto\" srcset=\"https:\/\/bu.optimum-automotive.com\/wp-content\/uploads\/2025\/02\/carte-grise-1.jpg 562w, https:\/\/bu.optimum-automotive.com\/wp-content\/uploads\/2025\/02\/carte-grise-1-219x300.jpg 219w, https:\/\/bu.optimum-automotive.com\/wp-content\/uploads\/2025\/02\/carte-grise-1-9x12.jpg 9w\" sizes=\"auto, (max-width: 562px) 100vw, 562px\" \/><\/figure><\/div>\n\n\n<p class=\"has-text-align-left\">Al mismo tiempo, el impuesto de matriculaci\u00f3n regional ha aumentado en casi todas las regiones de Francia. Adem\u00e1s, se ha suprimido la exenci\u00f3n del impuesto de matriculaci\u00f3n para los veh\u00edculos \"limpios\", con la excepci\u00f3n de Hauts-de-France, que mantiene una reducci\u00f3n del 50 %.<\/p>\n\n\n\n<p>Adem\u00e1s, para acelerar la electrificaci\u00f3n del parque automovil\u00edstico, el Gobierno introduce un nuevo impuesto dirigido a las empresas con m\u00e1s de 100 veh\u00edculos. A partir del 1 de marzo de 2025, estas empresas tendr\u00e1n que pagar una multa de 2.000 euros por veh\u00edculo de bajas emisiones que falte. Este impuesto aumentar\u00e1 a 4.000 euros en 2026 y a 5.000 euros en 2027. Sin embargo, algunas categor\u00edas est\u00e1n exentas de esta medida: las flotas de alquiler, los veh\u00edculos agr\u00edcolas, el transporte p\u00fablico y las autoescuelas.<\/p>\n\n\n\n<h2 class=\"wp-block-heading\"><strong>Refuerzo de la sanci\u00f3n ecol\u00f3gica <\/strong><\/h2>\n\n\n\n<p>Uno de los cambios m\u00e1s significativos es el endurecimiento del<a href=\"https:\/\/www.economie.gouv.fr\/cedef\/malus-vehicules-polluants\"> malus ecol\u00f3gico<\/a>acompa\u00f1ada de una reducci\u00f3n significativa de la bonificaci\u00f3n. A partir del 1 de marzo de 2025 :<\/p>\n\n\n\n<ul class=\"wp-block-list\">\n<li>El umbral para activar la penalizaci\u00f3n por emisiones de CO2 se reducir\u00e1 de 118 g\/km a 113 g\/km.<\/li>\n\n\n\n<li>El l\u00edmite m\u00e1ximo de malus aumentar\u00e1 gradualmente de 70.000 euros en 2025 a 90.000 euros en 2027 (frente a los 60.000 euros actuales).<\/li>\n<\/ul>\n\n\n\n<p>Los veh\u00edculos h\u00edbridos perder\u00e1n gradualmente su franquicia de peso, y los veh\u00edculos el\u00e9ctricos tambi\u00e9n se ver\u00e1n afectados a partir del 1 de julio de 2026. No obstante, se aplicar\u00e1 una franquicia de 600 kg a su masa en orden de marcha.<\/p>\n\n\n\n<h2 class=\"wp-block-heading\"><strong>Reducci\u00f3n de la prima ecol\u00f3gica<\/strong><\/h2>\n\n\n\n<p>Al mismo tiempo, la prima ecol\u00f3gica se ver\u00e1 severamente restringida. Ahora excluida para las flotas, se limitar\u00e1 a un presupuesto de 690 millones de euros para los particulares en 2025. As\u00ed, en funci\u00f3n de la renta familiar, la ayuda oscilar\u00e1 entre 2.000 y 4.000 euros. Seg\u00fan el Gobierno, esta medida permitir\u00e1 adquirir unos 200.000 veh\u00edculos el\u00e9ctricos a lo largo del a\u00f1o. Sin embargo, las furgonetas el\u00e9ctricas o de hidr\u00f3geno ya no podr\u00e1n acogerse a este plan.<\/p>\n\n\n\n<h2 class=\"wp-block-heading\"><strong>Fomento del Paquete de Movilidad Sostenible (FMD) para una movilidad m\u00e1s ecol\u00f3gica<\/strong><\/h2>\n\n\n\n<figure class=\"wp-block-image size-full is-resized\"><img loading=\"lazy\" decoding=\"async\" width=\"1024\" height=\"644\" src=\"https:\/\/bu.optimum-automotive.com\/wp-content\/uploads\/2025\/02\/arton8515.jpg\" alt=\"\" class=\"wp-image-5598\" style=\"width:837px;height:auto\" srcset=\"https:\/\/bu.optimum-automotive.com\/wp-content\/uploads\/2025\/02\/arton8515.jpg 1024w, https:\/\/bu.optimum-automotive.com\/wp-content\/uploads\/2025\/02\/arton8515-300x189.jpg 300w, https:\/\/bu.optimum-automotive.com\/wp-content\/uploads\/2025\/02\/arton8515-768x483.jpg 768w, https:\/\/bu.optimum-automotive.com\/wp-content\/uploads\/2025\/02\/arton8515-18x12.jpg 18w\" sizes=\"auto, (max-width: 1024px) 100vw, 1024px\" \/><\/figure>\n\n\n\n<p class=\"has-text-align-left\">Le <a href=\"https:\/\/www.ecologie.gouv.fr\/politiques-publiques\/faq-forfait-mobilites-durables-fmd\">FIEBRE AFTOSA<\/a> es una soluci\u00f3n clave para fomentar el uso de medios de transporte alternativos. Permite a los empresarios pagar los gastos de viaje de sus empleados cuando optan por un transporte m\u00e1s respetuoso con el medio ambiente para ir y volver del trabajo. A partir del 1 de enero de 2025, la FMD incluye el uso compartido del coche, incluso con un miembro de la familia. Las cantidades abonadas seguir\u00e1n estando exentas de cotizaciones a la Seguridad Social y de la CSG-CRDS hasta un m\u00e1ximo de 600 EUR anuales.<\/p>\n\n\n\n<p class=\"has-text-align-left\">En lugar de limitarse a sustituir los veh\u00edculos de combusti\u00f3n interna por otros el\u00e9ctricos, la ecologizaci\u00f3n de las flotas incluye ahora soluciones sostenibles como el uso compartido de veh\u00edculos. Adoptar el FMD significa invertir en una movilidad m\u00e1s responsable y optimizada para las empresas y sus empleados.<\/p>\n\n\n\n<h2 class=\"wp-block-heading\"><strong>Conclusi\u00f3n: una fiscalidad m\u00e1s restrictiva, un reto para las empresas<\/strong><\/h2>\n\n\n\n<p>Las nuevas medidas fiscales para 2025 transformar\u00e1n la gesti\u00f3n del parque automovil\u00edstico. Aumentan los impuestos y reducen las ayudas a la electrificaci\u00f3n. Tambi\u00e9n imponen sanciones a las empresas que se queden atr\u00e1s.<\/p>\n\n\n\n<p>Las empresas deben gestionar sus flotas como una cuesti\u00f3n estrat\u00e9gica. Deben anticiparse a estos cambios y adaptar su pol\u00edtica de movilidad. Esto les permitir\u00e1 seguir siendo competitivas y cumplir la normativa.<\/p>\n\n\n\n<p>La transici\u00f3n energ\u00e9tica en la industria del autom\u00f3vil contin\u00faa, pero los incentivos financieros disminuyen. Las empresas tienen que optimizar su elecci\u00f3n de veh\u00edculos para limitar el impacto fiscal. Tambi\u00e9n necesitan mantener una movilidad sostenible.<\/p>\n\n\n\n<p><\/p>","protected":false},"excerpt":{"rendered":"<p>Las nuevas reformas fiscales cambiar\u00e1n radicalmente la forma en que las empresas pagar\u00e1n el impuesto de matriculaci\u00f3n a partir de 2025. Los veh\u00edculos considerados contaminantes estar\u00e1n m\u00e1s gravados, al tiempo que se reducir\u00e1n las ayudas a la transici\u00f3n energ\u00e9tica.<\/p>","protected":false},"author":2,"featured_media":5603,"comment_status":"closed","ping_status":"closed","sticky":false,"template":"","format":"standard","meta":{"_coblocks_attr":"","_coblocks_dimensions":"","_coblocks_responsive_height":"","_coblocks_accordion_ie_support":"","_uag_custom_page_level_css":"","footnotes":""},"categories":[13],"tags":[],"class_list":["post-5583","post","type-post","status-publish","format-standard","has-post-thumbnail","hentry","category-gestion-de-flotte"],"uagb_featured_image_src":{"full":["https:\/\/bu.optimum-automotive.com\/wp-content\/uploads\/2025\/02\/pour-article-FRANCK.jpg",800,374,false],"thumbnail":["https:\/\/bu.optimum-automotive.com\/wp-content\/uploads\/2025\/02\/pour-article-FRANCK-150x150.jpg",150,150,true],"medium":["https:\/\/bu.optimum-automotive.com\/wp-content\/uploads\/2025\/02\/pour-article-FRANCK-300x140.jpg",300,140,true],"medium_large":["https:\/\/bu.optimum-automotive.com\/wp-content\/uploads\/2025\/02\/pour-article-FRANCK-768x359.jpg",768,359,true],"large":["https:\/\/bu.optimum-automotive.com\/wp-content\/uploads\/2025\/02\/pour-article-FRANCK.jpg",800,374,false],"1536x1536":["https:\/\/bu.optimum-automotive.com\/wp-content\/uploads\/2025\/02\/pour-article-FRANCK.jpg",800,374,false],"2048x2048":["https:\/\/bu.optimum-automotive.com\/wp-content\/uploads\/2025\/02\/pour-article-FRANCK.jpg",800,374,false],"trp-custom-language-flag":["https:\/\/bu.optimum-automotive.com\/wp-content\/uploads\/2025\/02\/pour-article-FRANCK-18x8.jpg",18,8,true]},"uagb_author_info":{"display_name":"f.gaultier@optimum-automotive.com","author_link":"https:\/\/bu.optimum-automotive.com\/es\/author\/f-gaultieroptimum-automotive-com\/"},"uagb_comment_info":0,"uagb_excerpt":"Les nouvelles r\u00e9formes fiscales vont modifier en profondeur la fiscalit\u00e9 automobile des entreprises d\u00e8s 2025. Les v\u00e9hicules jug\u00e9s polluants seront davantage tax\u00e9s, tandis que les aides \u00e0 la transition \u00e9nerg\u00e9tique seront r\u00e9duites.","_links":{"self":[{"href":"https:\/\/bu.optimum-automotive.com\/es\/wp-json\/wp\/v2\/posts\/5583","targetHints":{"allow":["GET"]}}],"collection":[{"href":"https:\/\/bu.optimum-automotive.com\/es\/wp-json\/wp\/v2\/posts"}],"about":[{"href":"https:\/\/bu.optimum-automotive.com\/es\/wp-json\/wp\/v2\/types\/post"}],"author":[{"embeddable":true,"href":"https:\/\/bu.optimum-automotive.com\/es\/wp-json\/wp\/v2\/users\/2"}],"replies":[{"embeddable":true,"href":"https:\/\/bu.optimum-automotive.com\/es\/wp-json\/wp\/v2\/comments?post=5583"}],"version-history":[{"count":21,"href":"https:\/\/bu.optimum-automotive.com\/es\/wp-json\/wp\/v2\/posts\/5583\/revisions"}],"predecessor-version":[{"id":5611,"href":"https:\/\/bu.optimum-automotive.com\/es\/wp-json\/wp\/v2\/posts\/5583\/revisions\/5611"}],"wp:featuredmedia":[{"embeddable":true,"href":"https:\/\/bu.optimum-automotive.com\/es\/wp-json\/wp\/v2\/media\/5603"}],"wp:attachment":[{"href":"https:\/\/bu.optimum-automotive.com\/es\/wp-json\/wp\/v2\/media?parent=5583"}],"wp:term":[{"taxonomy":"category","embeddable":true,"href":"https:\/\/bu.optimum-automotive.com\/es\/wp-json\/wp\/v2\/categories?post=5583"},{"taxonomy":"post_tag","embeddable":true,"href":"https:\/\/bu.optimum-automotive.com\/es\/wp-json\/wp\/v2\/tags?post=5583"}],"curies":[{"name":"wp","href":"https:\/\/api.w.org\/{rel}","templated":true}]}}