{"id":5645,"date":"2025-03-03T11:33:40","date_gmt":"2025-03-03T10:33:40","guid":{"rendered":"https:\/\/www.optimum-automotive.com\/?p=5645"},"modified":"2025-03-05T12:06:53","modified_gmt":"2025-03-05T11:06:53","slug":"avantages-en-nature-vehicules-de-fonction-2025","status":"publish","type":"post","link":"https:\/\/bu.optimum-automotive.com\/es\/prestaciones-en-especie-coches-de-empresa-2025\/","title":{"rendered":"Reforma de las prestaciones en especie para veh\u00edculos: aplicaci\u00f3n retroactiva al 1 de febrero de 2025"},"content":{"rendered":"<div class=\"wp-block-uagb-image aligncenter uagb-block-8c9b07e9 wp-block-uagb-image--layout-default wp-block-uagb-image--effect-static wp-block-uagb-image--align-center\"><figure class=\"wp-block-uagb-image__figure\"><img decoding=\"async\" srcset=\"https:\/\/bu.optimum-automotive.com\/wp-content\/uploads\/2025\/03\/Journal_officiel.gif ,https:\/\/bu.optimum-automotive.com\/wp-content\/uploads\/2025\/03\/Journal_officiel.gif 780w, https:\/\/bu.optimum-automotive.com\/wp-content\/uploads\/2025\/03\/Journal_officiel.gif 360w\" sizes=\"auto, (max-width: 480px) 150px\" src=\"https:\/\/bu.optimum-automotive.com\/wp-content\/uploads\/2025\/03\/Journal_officiel.gif\" alt=\"\" class=\"uag-image-5650\" width=\"259\" height=\"103\" title=\"Diario_oficial\" loading=\"lazy\" role=\"img\"\/><\/figure><\/div>\n\n\n\n<p class=\"has-text-align-left\">Tras meses de anticipaciones y rumores, la reforma de las prestaciones en especie se public\u00f3 oficialmente en el Diario Oficial el 27 de febrero de 2025. Se aplica con car\u00e1cter retroactivo desde el 1 de febrero de 2025, en lugar del 1 de marzo previsto inicialmente. <br>Esta reforma afectar\u00e1 tanto a los veh\u00edculos de combusti\u00f3n interna como a los el\u00e9ctricos, aumentando los costes para las empresas y los trabajadores. Descifremos estas medidas y las soluciones para limitar su impacto.<\/p>\n\n\n\n<h2 class=\"wp-block-heading\"><strong>Aumento de las tasas para los veh\u00edculos de combusti\u00f3n interna<\/strong><\/h2>\n\n\n\n<p>A partir del 1 de febrero de 2025, aumentar\u00e1n los tipos impositivos a tanto alzado para los veh\u00edculos de combusti\u00f3n interna. Este aumento se basa en la presunci\u00f3n de un mayor uso privado de los veh\u00edculos de empresa. Estos cambios solo se aplican a los veh\u00edculos comercializados despu\u00e9s del 1 de febrero de 2025:<\/p>\n\n\n\n<ul class=\"wp-block-list\">\n<li><strong>Veh\u00edculo adquirido<\/strong> &gt; 5 a\u00f1os :\n<ul class=\"wp-block-list\">\n<li>10 % del precio de compra (frente a los 6 % actuales)<\/li>\n\n\n\n<li>15 % si se incluye el combustible (frente a los 9 % actuales)<\/li>\n<\/ul>\n<\/li>\n\n\n\n<li><strong>Veh\u00edculo adquirido<\/strong> &lt; 5 a\u00f1os :\n<ul class=\"wp-block-list\">\n<li>15 % del precio de compra (frente a los 9 % actuales)<\/li>\n\n\n\n<li>20 % si se incluye el combustible (frente a los 12 % actuales)<\/li>\n<\/ul>\n<\/li>\n\n\n\n<li><strong>Veh\u00edculo de alquiler<\/strong> :\n<ul class=\"wp-block-list\">\n<li>50 % del coste anual (frente a los 30 % actuales)<\/li>\n\n\n\n<li>67 % si se incluye el combustible (frente a los 40 % actuales)<\/li>\n<\/ul>\n<\/li>\n<\/ul>\n\n\n\n<p><br>Este aumento se basa en el supuesto de que el uso privado de veh\u00edculos representa <strong>50 a 60 % de tiempo<\/strong>. M\u00e1s adelante en este art\u00edculo veremos c\u00f3mo, gracias a soluciones como la que propone OPTIMUM, es posible cuestionar este supuesto puramente te\u00f3rico.<\/p>\n\n\n\n<h2 class=\"wp-block-heading\"><strong>Mayores desgravaciones fiscales para los veh\u00edculos el\u00e9ctricos<\/strong><\/h2>\n\n\n\n<p>Para promover la transici\u00f3n energ\u00e9tica, la desgravaci\u00f3n por prestaciones en especie para veh\u00edculos el\u00e9ctricos se ha incrementado de 50 % a 70 %. Su l\u00edmite m\u00e1ximo es de 4.582 euros anuales y estar\u00e1 vigente hasta el 31 de diciembre de 2027.<br>Esta desgravaci\u00f3n s\u00f3lo se aplica a los veh\u00edculos certificados <strong>Puntuaci\u00f3n ecol\u00f3gica Ademe<\/strong>. Como en el caso de los modelos de combusti\u00f3n, este cambio s\u00f3lo se aplica a los veh\u00edculos comercializados a partir del 1 de enero de 2010.<sup>er<\/sup>&nbsp;Febrero de 2025<\/p>\n\n\n\n<h2 class=\"wp-block-heading\"><strong>Puntos de recarga y exenci\u00f3n fiscal<\/strong><\/h2>\n\n\n\n<p class=\"has-text-align-left\">Hasta <strong>2027<\/strong>la instalaci\u00f3n y el uso de un <strong>punto de recarga en el lugar de trabajo<\/strong> seguir exentos de impuestos. <br>Si el empresario financia un terminal en el domicilio del trabajador, se aplica una exenci\u00f3n de las cotizaciones a la Seguridad Social hasta un l\u00edmite de :<\/p>\n\n\n\n<p class=\"has-text-align-left\"><strong>1.565,20 euros<\/strong> para un terminal de m\u00e1s de cinco a\u00f1os<\/p>\n\n\n\n<p><strong>1043,50 euros<\/strong> para un nuevo bolardo<\/p>\n\n\n\n<h2 class=\"wp-block-heading\"><strong>\u00bfC\u00f3mo puede optimizar su estrategia de gesti\u00f3n de flotas?<\/strong><\/h2>\n\n\n\n<p>Existen varias estrategias posibles para limitar el impacto de esta reforma:<\/p>\n\n\n\n<p><strong>Comparar compra y leasing<\/strong> El aumento de las tarifas planas obliga a reconsiderar el m\u00e9todo de adquisici\u00f3n.<\/p>\n\n\n\n<p><strong>Favorecer los veh\u00edculos el\u00e9ctricos con certificaci\u00f3n ecol\u00f3gica<\/strong> :<br>Para beneficiarse de la desgravaci\u00f3n de 70 % (hasta un m\u00e1ximo de 4.582 euros al a\u00f1o), las empresas deben replantearse su pol\u00edtica de veh\u00edculos. Para ello, deben dar preferencia a los veh\u00edculos con una buena puntuaci\u00f3n medioambiental, a partir de la lista elaborada por Ademe.<\/p>\n\n\n\n<p><strong>Anticipar los costes de los puntos de recarga<\/strong> y beneficiarse de exenciones fiscales antes de 2027.<\/p>\n\n\n\n<p><strong>Comparar compra y leasing<\/strong> El aumento de las tarifas planas obliga a reconsiderar el m\u00e9todo de adquisici\u00f3n.<\/p>\n\n\n\n<p><strong>Favorecer los veh\u00edculos el\u00e9ctricos con certificaci\u00f3n ecol\u00f3gica<\/strong> :<br>Para beneficiarse de la desgravaci\u00f3n de 70 % (hasta un m\u00e1ximo de 4.582 euros al a\u00f1o), las empresas deben replantearse su pol\u00edtica de veh\u00edculos. Para ello, deben dar preferencia a los veh\u00edculos con una buena puntuaci\u00f3n medioambiental, a partir de la lista elaborada por Ademe.<\/p>\n\n\n\n<p><strong>Anticipar los costes de los puntos de recarga<\/strong> y beneficiarse de exenciones fiscales antes de 2027.<\/p>\n\n\n\n<p><strong>Declarar las prestaciones en especie sobre una base real :<\/strong> pagar no en funci\u00f3n de una estimaci\u00f3n te\u00f3rica, sino del uso real.<br>La soluci\u00f3n de gesti\u00f3n de flotas OPTIMUM permite distinguir entre el kilometraje privado y el profesional.<br>\u00bfC\u00f3mo se hace? Creando plantillas (editables) que utilizan una casilla telem\u00e1tica para asignar los kil\u00f3metros recorridos a la casilla \"particular\" o a la casilla \"profesional\". <br>La plataforma OPTIMUM permite realizar simulaciones fiscales para ayudarle a elegir la opci\u00f3n m\u00e1s ventajosa entre la tributaci\u00f3n real y la tributaci\u00f3n a tanto alzado.<\/p>\n\n\n\n<h2 class=\"wp-block-heading\"><strong>Conclusi\u00f3n<\/strong><\/h2>\n\n\n\n<p>Esta reforma tendr\u00e1 importantes repercusiones en la fiscalidad de los veh\u00edculos de empresa. El aumento de las cargas sobre los veh\u00edculos de combusti\u00f3n interna y los incentivos para los veh\u00edculos el\u00e9ctricos influir\u00e1n en las decisiones de los gestores de flotas. Pero m\u00e1s all\u00e1 de las elecciones que haya que hacer en materia de pol\u00edtica automovil\u00edstica, existen soluciones para limitar el impacto de la fiscalidad de las prestaciones en especie.<\/p>\n\n\n\n<p class=\"has-text-align-left\"><\/p>\n\n\n\n<p><\/p>","protected":false},"excerpt":{"rendered":"<p>Las nuevas reformas fiscales cambiar\u00e1n radicalmente la forma en que las empresas pagar\u00e1n el impuesto de matriculaci\u00f3n a partir de 2025. Los veh\u00edculos considerados contaminantes estar\u00e1n m\u00e1s gravados, al tiempo que se reducir\u00e1n las ayudas a la transici\u00f3n energ\u00e9tica.<\/p>","protected":false},"author":2,"featured_media":5684,"comment_status":"closed","ping_status":"closed","sticky":false,"template":"","format":"standard","meta":{"_coblocks_attr":"","_coblocks_dimensions":"","_coblocks_responsive_height":"","_coblocks_accordion_ie_support":"","_uag_custom_page_level_css":"","footnotes":""},"categories":[13],"tags":[],"class_list":["post-5645","post","type-post","status-publish","format-standard","has-post-thumbnail","hentry","category-gestion-de-flotte"],"uagb_featured_image_src":{"full":["https:\/\/bu.optimum-automotive.com\/wp-content\/uploads\/2025\/03\/Taille-Vignette-article-site-oa.png",900,421,false],"thumbnail":["https:\/\/bu.optimum-automotive.com\/wp-content\/uploads\/2025\/03\/Taille-Vignette-article-site-oa-150x150.png",150,150,true],"medium":["https:\/\/bu.optimum-automotive.com\/wp-content\/uploads\/2025\/03\/Taille-Vignette-article-site-oa-300x140.png",300,140,true],"medium_large":["https:\/\/bu.optimum-automotive.com\/wp-content\/uploads\/2025\/03\/Taille-Vignette-article-site-oa-768x359.png",768,359,true],"large":["https:\/\/bu.optimum-automotive.com\/wp-content\/uploads\/2025\/03\/Taille-Vignette-article-site-oa.png",900,421,false],"1536x1536":["https:\/\/bu.optimum-automotive.com\/wp-content\/uploads\/2025\/03\/Taille-Vignette-article-site-oa.png",900,421,false],"2048x2048":["https:\/\/bu.optimum-automotive.com\/wp-content\/uploads\/2025\/03\/Taille-Vignette-article-site-oa.png",900,421,false],"trp-custom-language-flag":["https:\/\/bu.optimum-automotive.com\/wp-content\/uploads\/2025\/03\/Taille-Vignette-article-site-oa-18x8.png",18,8,true]},"uagb_author_info":{"display_name":"f.gaultier@optimum-automotive.com","author_link":"https:\/\/bu.optimum-automotive.com\/es\/author\/f-gaultieroptimum-automotive-com\/"},"uagb_comment_info":0,"uagb_excerpt":"Les nouvelles r\u00e9formes fiscales vont modifier en profondeur la fiscalit\u00e9 automobile des entreprises d\u00e8s 2025. Les v\u00e9hicules jug\u00e9s polluants seront davantage tax\u00e9s, tandis que les aides \u00e0 la transition \u00e9nerg\u00e9tique seront r\u00e9duites.","_links":{"self":[{"href":"https:\/\/bu.optimum-automotive.com\/es\/wp-json\/wp\/v2\/posts\/5645","targetHints":{"allow":["GET"]}}],"collection":[{"href":"https:\/\/bu.optimum-automotive.com\/es\/wp-json\/wp\/v2\/posts"}],"about":[{"href":"https:\/\/bu.optimum-automotive.com\/es\/wp-json\/wp\/v2\/types\/post"}],"author":[{"embeddable":true,"href":"https:\/\/bu.optimum-automotive.com\/es\/wp-json\/wp\/v2\/users\/2"}],"replies":[{"embeddable":true,"href":"https:\/\/bu.optimum-automotive.com\/es\/wp-json\/wp\/v2\/comments?post=5645"}],"version-history":[{"count":15,"href":"https:\/\/bu.optimum-automotive.com\/es\/wp-json\/wp\/v2\/posts\/5645\/revisions"}],"predecessor-version":[{"id":5698,"href":"https:\/\/bu.optimum-automotive.com\/es\/wp-json\/wp\/v2\/posts\/5645\/revisions\/5698"}],"wp:featuredmedia":[{"embeddable":true,"href":"https:\/\/bu.optimum-automotive.com\/es\/wp-json\/wp\/v2\/media\/5684"}],"wp:attachment":[{"href":"https:\/\/bu.optimum-automotive.com\/es\/wp-json\/wp\/v2\/media?parent=5645"}],"wp:term":[{"taxonomy":"category","embeddable":true,"href":"https:\/\/bu.optimum-automotive.com\/es\/wp-json\/wp\/v2\/categories?post=5645"},{"taxonomy":"post_tag","embeddable":true,"href":"https:\/\/bu.optimum-automotive.com\/es\/wp-json\/wp\/v2\/tags?post=5645"}],"curies":[{"name":"wp","href":"https:\/\/api.w.org\/{rel}","templated":true}]}}