{"id":5705,"date":"2025-03-19T12:24:45","date_gmt":"2025-03-19T11:24:45","guid":{"rendered":"https:\/\/www.optimum-automotive.com\/?p=5705"},"modified":"2025-03-19T17:39:56","modified_gmt":"2025-03-19T16:39:56","slug":"reforme-des-aen-2025-clarifications","status":"publish","type":"post","link":"https:\/\/bu.optimum-automotive.com\/es\/aen-2025-aclaraciones-sobre-la-reforma\/","title":{"rendered":"Reforma AEN 2025: \u00a1ya est\u00e1n aqu\u00ed las aclaraciones!\u00a0"},"content":{"rendered":"<p>La reforma de <strong>Prestaciones en especie<\/strong> (NEA), publicada en el Diario Oficial el 27 de febrero de 2025, fue aclarada el 12 de marzo de 2025. Su aplicaci\u00f3n retroactiva al 1<sup>er<\/sup> febrero de 2025, sorprendi\u00f3 a muchos gestores de flotas, suscitando una serie de preguntas y, en ocasiones, interpretaciones err\u00f3neas.&nbsp;<\/p>\n\n\n\n<p>No se hab\u00eda aclarado un punto crucial: \u00bfa qu\u00e9 se refiere la fecha del 1 de febrero: a la entrega del veh\u00edculo? a su matriculaci\u00f3n? a la cesi\u00f3n al conductor?\u00a0<\/p>\n\n\n\n<p>La actualizaci\u00f3n del 12 de marzo de 2025 del <a href=\"https:\/\/boss.gouv.fr\/portail\/accueil\/actualites-boss\/2025\/mars\/prise-en-compte-de-la-publicatio.html\" target=\"_blank\" rel=\"noreferrer noopener\">Bolet\u00edn Oficial de la Seguridad Social (BOSS)<\/a> aporta aclaraciones esenciales (y algunas nuevas sorpresas) para los gestores de flotas de autom\u00f3viles.&nbsp;<\/p>\n\n\n\n<h2 class=\"wp-block-heading\"><strong>Fechas a recordar para las nuevas normas NEA\u00a0<\/strong><\/h2>\n\n\n\n<p>En <strong>se aplican las nuevas normas NEA<\/strong> coches de empresa <strong>disponibles despu\u00e9s del 1 de febrero de 2025<\/strong>. Se trata de :&nbsp;<\/p>\n\n\n\n<ul class=\"wp-block-list\">\n<li><strong>Integrar un nuevo veh\u00edculo<\/strong> en la flota.\u00a0<\/li>\n<\/ul>\n\n\n\n<ul class=\"wp-block-list\">\n<li><strong>Reasignar un veh\u00edculo existente<\/strong> a otro empleado despu\u00e9s de esa fecha.\u00a0<\/li>\n<\/ul>\n\n\n\n<p>La administraci\u00f3n especifica que el <strong>fecha de concesi\u00f3n,<\/strong> <strong>entre la empresa y el trabajador, es la referencia para determinar el r\u00e9gimen aplicable.<\/strong>&nbsp;<\/p>\n\n\n\n<p>Para los veh\u00edculos asignados <strong>antes de<\/strong> el 1 de febrero de 2025, sigue en vigor el antiguo r\u00e9gimen fiscal (m\u00e1s favorable para empresas y trabajadores).&nbsp;&nbsp;<\/p>\n\n\n\n<h2 class=\"wp-block-heading\"><strong>Las nuevas tarifas NEA\u00a0\u00a0<\/strong><\/h2>\n\n\n\n<p>Las nuevas tarifas planas son ahora :&nbsp;<\/p>\n\n\n\n<ul class=\"wp-block-list\">\n<li><strong>Veh\u00edculos alquilados<\/strong> : <strong>50 %<\/strong> del coste del alquiler (frente al 30 % anterior). Con el reembolso del carburante, el porcentaje aumenta hasta el <strong>67 %<\/strong> (en comparaci\u00f3n con 40 %).\u00a0<\/li>\n<\/ul>\n\n\n\n<p><strong>Veh\u00edculos adquiridos<\/strong> : <strong>15 %<\/strong> del coste de compra (frente al 9 %). Para los veh\u00edculos de m\u00e1s de cinco a\u00f1os, el tipo aumentar\u00e1 del <strong>6 % a 10 %<\/strong>. En el caso del reembolso de combustible, las tasas alcanzan los 1.000 millones de euros. <strong>20 %<\/strong> o <strong>15 % para veh\u00edculos m\u00e1s antiguos<\/strong>.\u00a0<\/p>\n\n\n\n<figure class=\"wp-block-image size-full is-resized\"><img loading=\"lazy\" decoding=\"async\" width=\"3069\" height=\"1112\" src=\"https:\/\/bu.optimum-automotive.com\/wp-content\/uploads\/2025\/03\/Image4-1.png\" alt=\"\" class=\"wp-image-5713\" style=\"width:837px;height:auto\" srcset=\"https:\/\/bu.optimum-automotive.com\/wp-content\/uploads\/2025\/03\/Image4-1.png 3069w, https:\/\/bu.optimum-automotive.com\/wp-content\/uploads\/2025\/03\/Image4-1-300x109.png 300w, https:\/\/bu.optimum-automotive.com\/wp-content\/uploads\/2025\/03\/Image4-1-1024x371.png 1024w, https:\/\/bu.optimum-automotive.com\/wp-content\/uploads\/2025\/03\/Image4-1-768x278.png 768w, https:\/\/bu.optimum-automotive.com\/wp-content\/uploads\/2025\/03\/Image4-1-1536x557.png 1536w, https:\/\/bu.optimum-automotive.com\/wp-content\/uploads\/2025\/03\/Image4-1-2048x742.png 2048w, https:\/\/bu.optimum-automotive.com\/wp-content\/uploads\/2025\/03\/Image4-1-18x7.png 18w\" sizes=\"auto, (max-width: 3069px) 100vw, 3069px\" \/><\/figure>\n\n\n\n<h2 class=\"wp-block-heading\"><strong>Veh\u00edculos el\u00e9ctricos: desgravaci\u00f3n fiscal sujeta a condiciones<\/strong>&nbsp;<\/h2>\n\n\n\n<p class=\"has-text-align-left\">Los veh\u00edculos el\u00e9ctricos se benefician de un aumento de la<strong>indemnizaci\u00f3n (revalorizada a 70 %)<\/strong> hasta <strong>31 de diciembre de 2027<\/strong>. Sin embargo, esta reducci\u00f3n se reserva para <strong>modelos con puntuaci\u00f3n ecol\u00f3gica<\/strong>. S\u00f3lo los coches que cumplen los criterios medioambientales definidos por la Ademe pueden acogerse a este beneficio.&nbsp;<\/p>\n\n\n\n<ul class=\"wp-block-list\">\n<li><strong>Techo elevado<\/strong> la indemnizaci\u00f3n se limita ahora a <strong>4.582 al a\u00f1o<\/strong> (frente a los 2.000,30 euros anteriores).\u00a0<\/li>\n<\/ul>\n\n\n\n<p>En <strong>veh\u00edculos el\u00e9ctricos sin eco<\/strong>disponible despu\u00e9s del <strong>1 de febrero de 2025<\/strong>, <strong>ya no se benefician de esta desgravaci\u00f3n<\/strong>.\u00a0<\/p>\n\n\n\n<h2 class=\"wp-block-heading\"><strong>La recarga el\u00e9ctrica, financiada por la empresa, se mantiene<\/strong>&nbsp;<\/h2>\n\n\n\n<p>Los empresarios siempre pueden proporcionar <strong>estaciones de carga<\/strong> para empleados <strong>sin impacto en los AEN<\/strong>. Esta exenci\u00f3n se prorroga hasta el <strong>31 de diciembre de 2027<\/strong>.\u00a0<\/p>\n\n\n\n<h2 class=\"wp-block-heading\"><strong>\u00bfC\u00f3mo limitar el impacto de la reforma de la NEA?\u00a0<\/strong><\/h2>\n\n\n\n<p>Existen varias estrategias para optimizar la gesti\u00f3n de la flota a la luz de las nuevas normas:&nbsp;<\/p>\n\n\n\n<ul class=\"wp-block-list\">\n<li><strong>Comparar compra y leasing<\/strong> El aumento de las tarifas planas obliga a reevaluar el m\u00e9todo de adquisici\u00f3n para limitar los costes.\u00a0<\/li>\n<\/ul>\n\n\n\n<ul class=\"wp-block-list\">\n<li><strong>Favorecer los veh\u00edculos el\u00e9ctricos con certificaci\u00f3n ecol\u00f3gica<\/strong> Para poder optar al <strong>70 %<\/strong>es esencial adaptar la <strong>Pol\u00edtica de coches<\/strong> seleccionando veh\u00edculos que cumplan los criterios del<strong>Ademe<\/strong>.\u00a0<\/li>\n<\/ul>\n\n\n\n<ul class=\"wp-block-list\">\n<li><strong>Anticipar los costes de los puntos de recarga<\/strong> Aprovechar las exenciones fiscales vigentes antes del <strong>2027<\/strong> nos permite controlar mejor los costes asociados a la electrificaci\u00f3n de la flota.\u00a0<\/li>\n<\/ul>\n\n\n\n<ul class=\"wp-block-list\">\n<li><strong>Declarar NEA sobre una base real<\/strong> fiscalidad: en lugar de utilizar una estimaci\u00f3n te\u00f3rica, una declaraci\u00f3n basada en el uso real permite optimizar la fiscalidad.\u00a0<\/li>\n<\/ul>\n\n\n\n<p>La soluci\u00f3n de gesti\u00f3n de flotas <strong>OPTIMUM<\/strong> facilita este enfoque al diferenciar entre el kilometraje profesional y el privado. Gracias a un <strong>caja telem\u00e1tica<\/strong>Asigna autom\u00e1ticamente los trayectos a la categor\u00eda correcta y genera <strong>simulaciones fiscales<\/strong> elegir el m\u00e9todo m\u00e1s ventajoso entre <strong>a tanto alzado y real<\/strong>.&nbsp;<br><a href=\"https:\/\/bu.optimum-automotive.com\/es\/demo\/\" target=\"_blank\" rel=\"noreferrer noopener\">Hable con nosotros<\/a>&nbsp;<\/p>\n\n\n\n<figure class=\"wp-block-image size-full is-resized\"><img loading=\"lazy\" decoding=\"async\" width=\"2560\" height=\"936\" src=\"https:\/\/bu.optimum-automotive.com\/wp-content\/uploads\/2025\/03\/stylo-1-scaled.jpg\" alt=\"\" class=\"wp-image-5714\" style=\"width:837px;height:auto\" srcset=\"https:\/\/bu.optimum-automotive.com\/wp-content\/uploads\/2025\/03\/stylo-1-scaled.jpg 2560w, https:\/\/bu.optimum-automotive.com\/wp-content\/uploads\/2025\/03\/stylo-1-300x110.jpg 300w, https:\/\/bu.optimum-automotive.com\/wp-content\/uploads\/2025\/03\/stylo-1-1024x374.jpg 1024w, https:\/\/bu.optimum-automotive.com\/wp-content\/uploads\/2025\/03\/stylo-1-768x281.jpg 768w, https:\/\/bu.optimum-automotive.com\/wp-content\/uploads\/2025\/03\/stylo-1-1536x562.jpg 1536w, https:\/\/bu.optimum-automotive.com\/wp-content\/uploads\/2025\/03\/stylo-1-2048x749.jpg 2048w, https:\/\/bu.optimum-automotive.com\/wp-content\/uploads\/2025\/03\/stylo-1-18x7.jpg 18w\" sizes=\"auto, (max-width: 2560px) 100vw, 2560px\" \/><\/figure>\n\n\n\n<h2 class=\"wp-block-heading\"><strong>En conclusi\u00f3n<\/strong><\/h2>\n\n\n\n<p class=\"has-text-align-left\">Con esta reforma, es esencial controlar con precisi\u00f3n la <strong>fecha de asignaci\u00f3n del veh\u00edculo<\/strong>. Cualquier nueva asignaci\u00f3n o reasignaci\u00f3n despu\u00e9s de la <strong>1 de febrero de 2025<\/strong> dar\u00e1 lugar a la aplicaci\u00f3n de <strong>nuevas tarifas NEA<\/strong>.&nbsp;<\/p>\n\n\n\n<p class=\"has-text-align-left\"><strong>En ambos casos, el uso de un <\/strong><a href=\"https:\/\/bu.optimum-automotive.com\/es\/demo\/\" target=\"_blank\" rel=\"noreferrer noopener\"><strong>software de gesti\u00f3n de flotas<\/strong><\/a> se est\u00e1 convirtiendo en algo esencial para optimizar el seguimiento y la fiscalidad de los veh\u00edculos. Antic\u00edpese a estos cambios para evitar sorpresas desagradables.&nbsp;<\/p>\n\n\n\n<p><\/p>","protected":false},"excerpt":{"rendered":"<p>M\u00e1s informaci\u00f3n sobre la reforma de la NEA de 2025: normas, tarifas revisadas y estrategias para optimizar la gesti\u00f3n de flotas.<\/p>","protected":false},"author":4,"featured_media":5708,"comment_status":"closed","ping_status":"closed","sticky":false,"template":"","format":"standard","meta":{"_coblocks_attr":"","_coblocks_dimensions":"","_coblocks_responsive_height":"","_coblocks_accordion_ie_support":"","_uag_custom_page_level_css":"","footnotes":""},"categories":[17],"tags":[],"class_list":["post-5705","post","type-post","status-publish","format-standard","has-post-thumbnail","hentry","category-electrification-des-flottes"],"uagb_featured_image_src":{"full":["https:\/\/bu.optimum-automotive.com\/wp-content\/uploads\/2025\/03\/vignette-aen.png",900,421,false],"thumbnail":["https:\/\/bu.optimum-automotive.com\/wp-content\/uploads\/2025\/03\/vignette-aen-150x150.png",150,150,true],"medium":["https:\/\/bu.optimum-automotive.com\/wp-content\/uploads\/2025\/03\/vignette-aen-300x140.png",300,140,true],"medium_large":["https:\/\/bu.optimum-automotive.com\/wp-content\/uploads\/2025\/03\/vignette-aen-768x359.png",768,359,true],"large":["https:\/\/bu.optimum-automotive.com\/wp-content\/uploads\/2025\/03\/vignette-aen.png",900,421,false],"1536x1536":["https:\/\/bu.optimum-automotive.com\/wp-content\/uploads\/2025\/03\/vignette-aen.png",900,421,false],"2048x2048":["https:\/\/bu.optimum-automotive.com\/wp-content\/uploads\/2025\/03\/vignette-aen.png",900,421,false],"trp-custom-language-flag":["https:\/\/bu.optimum-automotive.com\/wp-content\/uploads\/2025\/03\/vignette-aen-18x8.png",18,8,true]},"uagb_author_info":{"display_name":"m.rochard@optimum-automotive.com","author_link":"https:\/\/bu.optimum-automotive.com\/es\/author\/m-rochardoptimum-automotive-com\/"},"uagb_comment_info":0,"uagb_excerpt":"D\u00e9couvrez les clarifications sur la r\u00e9forme des AEN 2025 : r\u00e8gles, taux r\u00e9vis\u00e9s, et strat\u00e9gies pour optimiser la gestion de flotte.","_links":{"self":[{"href":"https:\/\/bu.optimum-automotive.com\/es\/wp-json\/wp\/v2\/posts\/5705","targetHints":{"allow":["GET"]}}],"collection":[{"href":"https:\/\/bu.optimum-automotive.com\/es\/wp-json\/wp\/v2\/posts"}],"about":[{"href":"https:\/\/bu.optimum-automotive.com\/es\/wp-json\/wp\/v2\/types\/post"}],"author":[{"embeddable":true,"href":"https:\/\/bu.optimum-automotive.com\/es\/wp-json\/wp\/v2\/users\/4"}],"replies":[{"embeddable":true,"href":"https:\/\/bu.optimum-automotive.com\/es\/wp-json\/wp\/v2\/comments?post=5705"}],"version-history":[{"count":5,"href":"https:\/\/bu.optimum-automotive.com\/es\/wp-json\/wp\/v2\/posts\/5705\/revisions"}],"predecessor-version":[{"id":5719,"href":"https:\/\/bu.optimum-automotive.com\/es\/wp-json\/wp\/v2\/posts\/5705\/revisions\/5719"}],"wp:featuredmedia":[{"embeddable":true,"href":"https:\/\/bu.optimum-automotive.com\/es\/wp-json\/wp\/v2\/media\/5708"}],"wp:attachment":[{"href":"https:\/\/bu.optimum-automotive.com\/es\/wp-json\/wp\/v2\/media?parent=5705"}],"wp:term":[{"taxonomy":"category","embeddable":true,"href":"https:\/\/bu.optimum-automotive.com\/es\/wp-json\/wp\/v2\/categories?post=5705"},{"taxonomy":"post_tag","embeddable":true,"href":"https:\/\/bu.optimum-automotive.com\/es\/wp-json\/wp\/v2\/tags?post=5705"}],"curies":[{"name":"wp","href":"https:\/\/api.w.org\/{rel}","templated":true}]}}