{"id":684,"date":"2019-07-25T11:27:43","date_gmt":"2019-07-25T09:27:43","guid":{"rendered":"http:\/\/127.0.0.1\/GAimport\/2019\/07\/25\/connect-fleet-2019\/"},"modified":"2025-01-21T16:38:38","modified_gmt":"2025-01-21T15:38:38","slug":"connect-fleet-2019","status":"publish","type":"post","link":"https:\/\/bu.optimum-automotive.com\/es\/flota-connect-2019\/","title":{"rendered":"Optimum en Connect Fleet 2019"},"content":{"rendered":"<div class=\"wp-block-image\">\n<figure class=\"aligncenter size-full\"><img loading=\"lazy\" decoding=\"async\" width=\"500\" height=\"155\" src=\"https:\/\/bu.optimum-automotive.com\/wp-content\/uploads\/2024\/06\/01-3.jpg\" alt=\"\" class=\"wp-image-1773\" srcset=\"https:\/\/bu.optimum-automotive.com\/wp-content\/uploads\/2024\/06\/01-3.jpg 500w, https:\/\/bu.optimum-automotive.com\/wp-content\/uploads\/2024\/06\/01-3-300x93.jpg 300w\" sizes=\"auto, (max-width: 500px) 100vw, 500px\" \/><\/figure><\/div>\n\n\n<p>Optimum Automotive volver\u00e1 a estar presente en el congreso<\/p>\n\n\n\n<h2 class=\"wp-block-heading\">Connect Fleet 2019 los d\u00edas 28 y 29 de noviembre de 2019 en el hotel Barriere Royal Deauville.<\/h2>\n\n\n\n<p>En este evento, que re\u00fane a gestores de flotas, Optimum expondr\u00e1 sus soluciones conectadas para optimizar costes y contratos, hacer m\u00e1s ecol\u00f3gicas las elecciones de veh\u00edculos y los comportamientos de conducci\u00f3n, e introducir y fomentar la adopci\u00f3n de nuevas formas de movilidad.<\/p>\n\n\n\n<p><\/p>","protected":false},"excerpt":{"rendered":"<p>Optimum Automotive sera \u00e0 nouveau pr\u00e9sent sur le congr\u00e8s Connect Fleet 2019 les 28 et 29 novembre 2019 \u00e0 l\u2019h\u00f4tel Barriere Royal Deauville. Lors de cet \u00e9v\u00e8nement, r\u00e9unissant des gestionnaires de flottes, Optimum exposera ses solutions connect\u00e9es pour optimiser les co\u00fbts et les contrats, verdir les choix de v\u00e9hicules et les comportements routiers, introduire et [&hellip;]<\/p>","protected":false},"author":1,"featured_media":1774,"comment_status":"closed","ping_status":"open","sticky":false,"template":"","format":"standard","meta":{"_coblocks_attr":"","_coblocks_dimensions":"","_coblocks_responsive_height":"","_coblocks_accordion_ie_support":"","_uag_custom_page_level_css":"","footnotes":""},"categories":[4],"tags":[],"class_list":["post-684","post","type-post","status-publish","format-standard","has-post-thumbnail","hentry","category-actualites"],"uagb_featured_image_src":{"full":["https:\/\/bu.optimum-automotive.com\/wp-content\/uploads\/2019\/07\/01.jpg",450,250,false],"thumbnail":["https:\/\/bu.optimum-automotive.com\/wp-content\/uploads\/2019\/07\/01-150x150.jpg",150,150,true],"medium":["https:\/\/bu.optimum-automotive.com\/wp-content\/uploads\/2019\/07\/01-300x167.jpg",300,167,true],"medium_large":["https:\/\/bu.optimum-automotive.com\/wp-content\/uploads\/2019\/07\/01.jpg",450,250,false],"large":["https:\/\/bu.optimum-automotive.com\/wp-content\/uploads\/2019\/07\/01.jpg",450,250,false],"1536x1536":["https:\/\/bu.optimum-automotive.com\/wp-content\/uploads\/2019\/07\/01.jpg",450,250,false],"2048x2048":["https:\/\/bu.optimum-automotive.com\/wp-content\/uploads\/2019\/07\/01.jpg",450,250,false],"trp-custom-language-flag":["https:\/\/bu.optimum-automotive.com\/wp-content\/uploads\/2019\/07\/01.jpg",18,10,false]},"uagb_author_info":{"display_name":"camaleon","author_link":"https:\/\/bu.optimum-automotive.com\/es\/author\/camaleon\/"},"uagb_comment_info":0,"uagb_excerpt":"Optimum Automotive sera \u00e0 nouveau pr\u00e9sent sur le congr\u00e8s Connect Fleet 2019 les 28 et 29 novembre 2019 \u00e0 l\u2019h\u00f4tel Barriere Royal Deauville. Lors de cet \u00e9v\u00e8nement, r\u00e9unissant des gestionnaires de flottes, Optimum exposera ses solutions connect\u00e9es pour optimiser les co\u00fbts et les contrats, verdir les choix de v\u00e9hicules et les comportements routiers, introduire et&hellip;","_links":{"self":[{"href":"https:\/\/bu.optimum-automotive.com\/es\/wp-json\/wp\/v2\/posts\/684","targetHints":{"allow":["GET"]}}],"collection":[{"href":"https:\/\/bu.optimum-automotive.com\/es\/wp-json\/wp\/v2\/posts"}],"about":[{"href":"https:\/\/bu.optimum-automotive.com\/es\/wp-json\/wp\/v2\/types\/post"}],"author":[{"embeddable":true,"href":"https:\/\/bu.optimum-automotive.com\/es\/wp-json\/wp\/v2\/users\/1"}],"replies":[{"embeddable":true,"href":"https:\/\/bu.optimum-automotive.com\/es\/wp-json\/wp\/v2\/comments?post=684"}],"version-history":[{"count":2,"href":"https:\/\/bu.optimum-automotive.com\/es\/wp-json\/wp\/v2\/posts\/684\/revisions"}],"predecessor-version":[{"id":5433,"href":"https:\/\/bu.optimum-automotive.com\/es\/wp-json\/wp\/v2\/posts\/684\/revisions\/5433"}],"wp:featuredmedia":[{"embeddable":true,"href":"https:\/\/bu.optimum-automotive.com\/es\/wp-json\/wp\/v2\/media\/1774"}],"wp:attachment":[{"href":"https:\/\/bu.optimum-automotive.com\/es\/wp-json\/wp\/v2\/media?parent=684"}],"wp:term":[{"taxonomy":"category","embeddable":true,"href":"https:\/\/bu.optimum-automotive.com\/es\/wp-json\/wp\/v2\/categories?post=684"},{"taxonomy":"post_tag","embeddable":true,"href":"https:\/\/bu.optimum-automotive.com\/es\/wp-json\/wp\/v2\/tags?post=684"}],"curies":[{"name":"wp","href":"https:\/\/api.w.org\/{rel}","templated":true}]}}