{"id":686,"date":"2019-10-16T15:17:18","date_gmt":"2019-10-16T13:17:18","guid":{"rendered":"http:\/\/127.0.0.1\/GAimport\/2019\/10\/16\/bpi-inno-generation\/"},"modified":"2024-06-03T11:51:01","modified_gmt":"2024-06-03T09:51:01","slug":"bpi-inno-generation","status":"publish","type":"post","link":"https:\/\/bu.optimum-automotive.com\/es\/generacion-bpi-inno\/","title":{"rendered":"Optimum Automotive en BPI INNO GENERATION"},"content":{"rendered":"<p>OPTIMUM AUTOMOTIVE acept\u00f3 la invitaci\u00f3n de la Regi\u00f3n Sud Provence Alpes C\u00f4te d'Azur y risingSUD para participar en el 5\u00ba evento Bpi Inno G\u00e9n\u00e9ration (BIG) el 10 de octubre de 2019.<\/p>\n\n\n\n<p>El BIG es el mayor acontecimiento empresarial de Europa, con m\u00e1s de 52 000 asistentes, entre ellos un gran n\u00famero de directores de empresa, y m\u00e1s de 400 conferencias sobre los retos del ma\u00f1ana para las empresas de nueva creaci\u00f3n, las PYME y las ETI.<\/p>\n\n\n\n<p>La Burbuja dedicada a las Regiones acogi\u00f3 los testimonios de 4 empresas de la primera y segunda tandas del Acelerador SUD, entre ellas Daniel VASSALLUCCI, CEO y fundador de OPTIMUM AUTOMOTIVE.<\/p>\n\n\n\n<p>La jornada concluy\u00f3 con un discurso del Presidente de la Rep\u00fablica, Emmanuel MACRON, seguido de una sesi\u00f3n de preguntas y respuestas con altos ejecutivos.<\/p>\n\n\n\n<p><\/p>","protected":false},"excerpt":{"rendered":"<p>OPTIMUM AUTOMOTIVE acept\u00f3 la invitaci\u00f3n de la Regi\u00f3n Sud Provence Alpes C\u00f4te d'Azur y risingSUD para participar en el 5\u00ba evento Bpi Inno G\u00e9n\u00e9ration (BIG) el 10 de octubre de 2019. El BIG es el mayor encuentro empresarial de Europa, con m\u00e1s de 52.000 asistentes, entre ellos un gran n\u00famero de l\u00edderes empresariales y [...].<\/p>","protected":false},"author":1,"featured_media":1769,"comment_status":"closed","ping_status":"open","sticky":false,"template":"","format":"standard","meta":{"_coblocks_attr":"","_coblocks_dimensions":"","_coblocks_responsive_height":"","_coblocks_accordion_ie_support":"","_uag_custom_page_level_css":"","footnotes":""},"categories":[4],"tags":[],"class_list":["post-686","post","type-post","status-publish","format-standard","has-post-thumbnail","hentry","category-actualites"],"uagb_featured_image_src":{"full":["https:\/\/bu.optimum-automotive.com\/wp-content\/uploads\/2019\/10\/01.jpg",431,265,false],"thumbnail":["https:\/\/bu.optimum-automotive.com\/wp-content\/uploads\/2019\/10\/01-150x150.jpg",150,150,true],"medium":["https:\/\/bu.optimum-automotive.com\/wp-content\/uploads\/2019\/10\/01-300x184.jpg",300,184,true],"medium_large":["https:\/\/bu.optimum-automotive.com\/wp-content\/uploads\/2019\/10\/01.jpg",431,265,false],"large":["https:\/\/bu.optimum-automotive.com\/wp-content\/uploads\/2019\/10\/01.jpg",431,265,false],"1536x1536":["https:\/\/bu.optimum-automotive.com\/wp-content\/uploads\/2019\/10\/01.jpg",431,265,false],"2048x2048":["https:\/\/bu.optimum-automotive.com\/wp-content\/uploads\/2019\/10\/01.jpg",431,265,false],"trp-custom-language-flag":["https:\/\/bu.optimum-automotive.com\/wp-content\/uploads\/2019\/10\/01.jpg",18,12,false]},"uagb_author_info":{"display_name":"camaleon","author_link":"https:\/\/bu.optimum-automotive.com\/es\/author\/camaleon\/"},"uagb_comment_info":0,"uagb_excerpt":"OPTIMUM AUTOMOTIVE a r\u00e9pondu pr\u00e9sent \u00e0 l&rsquo;invitation de la R\u00e9gion Sud Provence Alpes C\u00f4te d\u2019Azur et risingSUD pour participer le 10 octobre 2019 dernier \u00e0 la 5\u00e8me \u00e9dition de l\u2019\u00e9v\u00e9nement Bpi Inno G\u00e9n\u00e9ration (BIG). Le BIG constitue plus grand rassemblement Business d\u2019Europe avec plus de 52 000 personnes dont de tr\u00e8s nombreux chefs d\u2019entreprise et&hellip;","_links":{"self":[{"href":"https:\/\/bu.optimum-automotive.com\/es\/wp-json\/wp\/v2\/posts\/686","targetHints":{"allow":["GET"]}}],"collection":[{"href":"https:\/\/bu.optimum-automotive.com\/es\/wp-json\/wp\/v2\/posts"}],"about":[{"href":"https:\/\/bu.optimum-automotive.com\/es\/wp-json\/wp\/v2\/types\/post"}],"author":[{"embeddable":true,"href":"https:\/\/bu.optimum-automotive.com\/es\/wp-json\/wp\/v2\/users\/1"}],"replies":[{"embeddable":true,"href":"https:\/\/bu.optimum-automotive.com\/es\/wp-json\/wp\/v2\/comments?post=686"}],"version-history":[{"count":4,"href":"https:\/\/bu.optimum-automotive.com\/es\/wp-json\/wp\/v2\/posts\/686\/revisions"}],"predecessor-version":[{"id":1771,"href":"https:\/\/bu.optimum-automotive.com\/es\/wp-json\/wp\/v2\/posts\/686\/revisions\/1771"}],"wp:featuredmedia":[{"embeddable":true,"href":"https:\/\/bu.optimum-automotive.com\/es\/wp-json\/wp\/v2\/media\/1769"}],"wp:attachment":[{"href":"https:\/\/bu.optimum-automotive.com\/es\/wp-json\/wp\/v2\/media?parent=686"}],"wp:term":[{"taxonomy":"category","embeddable":true,"href":"https:\/\/bu.optimum-automotive.com\/es\/wp-json\/wp\/v2\/categories?post=686"},{"taxonomy":"post_tag","embeddable":true,"href":"https:\/\/bu.optimum-automotive.com\/es\/wp-json\/wp\/v2\/tags?post=686"}],"curies":[{"name":"wp","href":"https:\/\/api.w.org\/{rel}","templated":true}]}}