{"id":695,"date":"2019-11-12T15:57:53","date_gmt":"2019-11-12T14:57:53","guid":{"rendered":"http:\/\/127.0.0.1\/GAimport\/2019\/11\/12\/leve-14-me\/"},"modified":"2025-01-22T12:13:41","modified_gmt":"2025-01-22T11:13:41","slug":"leve-14-me","status":"publish","type":"post","link":"https:\/\/bu.optimum-automotive.com\/es\/leve-14-me\/","title":{"rendered":"OPTIMUM recauda 14 millones de euros"},"content":{"rendered":"<div class=\"wp-block-image\">\n<figure class=\"aligncenter size-full\"><img loading=\"lazy\" decoding=\"async\" width=\"431\" height=\"252\" src=\"https:\/\/bu.optimum-automotive.com\/wp-content\/uploads\/2024\/06\/01-2.jpg\" alt=\"\" class=\"wp-image-1764\" srcset=\"https:\/\/bu.optimum-automotive.com\/wp-content\/uploads\/2024\/06\/01-2.jpg 431w, https:\/\/bu.optimum-automotive.com\/wp-content\/uploads\/2024\/06\/01-2-300x175.jpg 300w\" sizes=\"auto, (max-width: 431px) 100vw, 431px\" \/><\/figure><\/div>\n\n\n<p><strong>OPTIMUM RECAUDA 14 MILLONES DE EUROS DE PARIS FONDS VERT, AMUNDI PRIVATE EQUITY FUNDS Y ACCIONISTAS FINANCIEROS HIST\u00d3RICOS: REGION SUD INVESTISSEMENT, A+ FINANCE Y SCR PROVENCALE ET CORSE (BANQUE POPULAIRE MEDITERRANEE)<\/strong><\/p>\n\n\n\n<p><strong>OPTIMUM es una empresa l\u00edder en optimizaci\u00f3n de flotas mediante el procesamiento inteligente de datos conectados. Hoy ha anunciado que ha obtenido 14 millones de euros de nuevos fondos: <\/strong><\/p>\n\n\n\n<ul class=\"wp-block-list\">\n<li><strong>Fondo Verde de Par\u00eds, un fondo gestionado por Demeter y respaldado por el Ayuntamiento de Par\u00eds, <\/strong><\/li>\n\n\n\n<li><strong>Amundi Private Equity Funds, y nuevas inversiones de tres accionistas hist\u00f3ricos: el fondo de coinversi\u00f3n R\u00e9gion Sud Investissement, asesorado por el Grupo Turenne para la gesti\u00f3n de sus participaciones<\/strong><\/li>\n\n\n\n<li><strong>El fondo Cap D\u00e9veloppement gestionado por A+Finance y SCR Proven\u00e7ale et Corse, filial de Banque Populaire M\u00e9diterran\u00e9e.<\/strong>.<\/li>\n<\/ul>\n\n\n\n<h2 class=\"wp-block-heading\">L\u00edder en servicios para coches conectados<\/h2>\n\n\n\n<p>El desarrollo de servicios conectados est\u00e1 revolucionando la forma en que las empresas gestionan sus flotas de veh\u00edculos. Los gestores de flotas buscan servicios que puedan reducir de forma mensurable sus costes operativos. La transici\u00f3n hacia los veh\u00edculos el\u00e9ctricos se ha convertido en una prioridad. Las nuevas formas de movilidad, como el coche compartido, est\u00e1n en el centro de sus expectativas.<\/p>\n\n\n\n<p>Optimum fue creada por Daniel Vassallucci en Aix-en-Provence en 2006 para responder a estas necesidades. Ha creado una plataforma de recogida y gesti\u00f3n de datos que se actualiza constantemente. Est\u00e1 conectada con todos los actores del sector del autom\u00f3vil (fabricantes, proveedores de equipos, distribuidores, autoridades p\u00fablicas, proveedores de servicios de flotas, etc.). Sobre esta base, la empresa ha desarrollado una gama completa de servicios para los gestores de flotas. Esto incluye asistencia, gesti\u00f3n y optimizaci\u00f3n de flotas, geolocalizaci\u00f3n de veh\u00edculos, seguimiento del comportamiento del conductor y uso compartido de veh\u00edculos.<\/p>\n\n\n\n<p>Estos servicios se ofrecen mediante suscripci\u00f3n modular. Optimum ayuda a sus clientes a reducir su consumo de energ\u00eda y consumibles y su impacto ambiental. Les ayuda progresivamente a pasar a otras soluciones de transporte (coche compartido\/veh\u00edculos el\u00e9ctricos). Sus servicios permiten reducciones significativas: <\/p>\n\n\n\n<ul class=\"wp-block-list\">\n<li>Emisiones de GEI de las flotas operadas (2,7 toneladas eq CO2 \/veh\u00edculo\/a\u00f1o) <\/li>\n\n\n\n<li>consumo de energ\u00eda (8,5 MWh\/veh\u00edculo\/a\u00f1o). <\/li>\n<\/ul>\n\n\n\n<p>El Grupo, que opera en Francia y \u00c1frica, cuenta con m\u00e1s de 80.000 veh\u00edculos contratados, en propiedad o arrendados por un total de 4.000 empresas y colectividades locales de todos los tama\u00f1os. Alrededor de 30% de estas flotas se encuentran en la regi\u00f3n parisina. El Grupo emplea a 69 personas.<\/p>\n\n\n\n<h2 class=\"wp-block-heading\">Industrializar los servicios para gestores de flotas<\/h2>\n\n\n\n<p>Optimum ha anunciado hoy que ha obtenido 14 millones de euros de financiaci\u00f3n.Paris Fonds Vert, gestionado por Demeter y apoyado por el Ayuntamiento de Par\u00eds, aporta 8 millones de euros y act\u00faa como gestor principal de la operaci\u00f3n.Amundi Private Equity Funds aporta 2 millones de euros. Tambi\u00e9n participan los accionistas financieros hist\u00f3ricos:<\/p>\n\n\n\n<ul class=\"wp-block-list\">\n<li>SCR Proven\u00e7ale et Corse, filial de Banque Populaire M\u00e9diterran\u00e9e, con 0,5 millones de euros.<\/li>\n\n\n\n<li>R\u00e9gion Sud Investissement, asesorada por el Grupo Turenne, con 2 millones de euros<\/li>\n\n\n\n<li>Cap D\u00e9veloppement, gestionado por A+Finance, con 1,5 millones de euros.<\/li>\n\n\n\n<li><\/li>\n<\/ul>\n\n\n\n<p>Los fondos captados se destinan principalmente a la financiaci\u00f3n del Grupo y, en menor medida, a la liquidez de los business angels hist\u00f3ricos.<\/p>\n\n\n\n<p>Tras la transacci\u00f3n, Daniel Vassallucci conserva el control y la presidencia de la empresa.<\/p>\n\n\n\n<p>La ambici\u00f3n de la empresa es doble. Quiere seguir consolid\u00e1ndose en el mercado franc\u00e9s de los servicios de gesti\u00f3n de flotas conectadas, que est\u00e1 experimentando un r\u00e1pido crecimiento. La prioridad es equipar una proporci\u00f3n cada vez mayor de las flotas de veh\u00edculos de empresa existentes. Estas conexiones permitir\u00e1n a los veh\u00edculos acceder a la amplia gama de servicios de Optimum. Esto ayudar\u00e1 a optimizar la gesti\u00f3n de flotas.<\/p>\n\n\n\n<p>Optimum tambi\u00e9n se dirige a nuevos mercados europeos. El objetivo es adaptar los servicios a las necesidades espec\u00edficas de cada mercado. Esta expansi\u00f3n se lograr\u00e1 principalmente a trav\u00e9s del crecimiento externo. La empresa tambi\u00e9n quiere reforzar su presencia en \u00c1frica. Presente en el continente desde 2015, cuenta con filiales en Marruecos y Costa de Marfil.<\/p>\n\n\n\n<h2 class=\"wp-block-heading\">Daniel Vassallucci, Presidente y fundador de Optimum, ha declarado:<\/h2>\n\n\n\n<p>\"<em> Estoy encantado de ver a Optimum dar este siguiente paso. Esta captaci\u00f3n de fondos, realizada con inversores que comparten tanto nuestras ambiciones como nuestros valores, es sin duda el punto de partida para construir un grupo franc\u00e9s internacional en el \u00e1mbito de los servicios conectados para flotas de veh\u00edculos. Es, sin duda, el punto de partida para construir un grupo franc\u00e9s internacional en el \u00e1mbito de los servicios conectados para flotas de veh\u00edculos. Nuestras ambiciones de crecimiento se basan en dos pilares. En primer lugar, queremos ampliar nuestra flota en Francia y en el extranjero mediante adquisiciones, de modo que podamos alcanzar muy r\u00e1pidamente varios cientos de miles de veh\u00edculos en funcionamiento. En segundo lugar, estamos acelerando la aplicaci\u00f3n de nuestra estrategia de ofrecer servicios adicionales de valor a\u00f1adido a los gestores de flotas (consultor\u00eda, gesti\u00f3n externalizada, etc.), mediante asociaciones o adquisiciones. <\/em> \".<\/p>\n\n\n\n<h2 class=\"wp-block-heading\">Lionel Cormier, Socio Director de Demeter (Paris Fonds Vert) declara:<\/h2>\n\n\n\n<p>\" <em>Estamos encantados de apoyar a Optimum y a su direcci\u00f3n en su crecimiento en Francia y en el extranjero. Estamos convencidos de la calidad tecnol\u00f3gica de las soluciones de Optimum y de su adecuaci\u00f3n a las necesidades de los gestores profesionales de flotas de veh\u00edculos, cuya prioridad es controlar sus costes (TCO) y reducir su impacto medioambiental. A<\/em>En<em> Los servicios de Optimum act\u00faan como acelerador en la conversi\u00f3n de las flotas a la movilidad verde y, en particular, a los veh\u00edculos el\u00e9ctricos. A trav\u00e9s de esta inversi\u00f3n del Fondo Verde de Par\u00eds, Demeter aporta toda su experiencia y su red para contribuir al desarrollo de un campe\u00f3n internacional de la movilidad sostenible.<\/em> \".<\/p>\n\n\n\n<p>Inversores :<\/p>\n\n\n\n<ul class=\"wp-block-list\">\n<li>Dem\u00e9ter : Lionel Cormier, Eric Vincent<\/li>\n\n\n\n<li>Amundi Private Equity Funds: Julien Jaud, Fr\u00e9d\u00e9ric Labia<\/li>\n\n\n\n<li>R\u00e9gion Sud Investissement asesorada por el Grupo Turenne: Marie Desportes<\/li>\n\n\n\n<li>A+Finance : Jean-Michel Sibu\u00e9<\/li>\n\n\n\n<li>SCR Proven\u00e7ale &amp; Corse: Sauveur Cascone<\/li>\n<\/ul>\n\n\n\n<p>Consejos :<\/p>\n\n\n\n<ul class=\"wp-block-list\">\n<li>Asesor financiero corporativo: goetzpartners (Guillaume Piette, Antoine Leclere, Camille P\u00e9riss\u00e8re)<\/li>\n\n\n\n<li>Asistencia jur\u00eddica a empresas: Gabinete Lamartine (Clyve Monfredo, Jessica Bianchi)<\/li>\n\n\n\n<li>Asistencia jur\u00eddica al inversor: Latournerie Wolfrom (Christian Wolfrom, Justine Conrard),<\/li>\n\n\n\n<li>Asistencia jur\u00eddica a SCR Proven\u00e7ale et Corse: SCP Bollet &amp; Associ\u00e9s (Denis Periano, Jean-BaptisteDeprez)<\/li>\n\n\n\n<li>Revisi\u00f3n jur\u00eddica: Latournerie Wolfrom (Christian Wolfrom, Justine Conrard, Marie-H\u00e9l\u00e8ne Tonnellier,Etienne Guillou, Sarah-Jane Mirou, Claire Decoux Laroudie y Sophie Koenig)<\/li>\n\n\n\n<li>An\u00e1lisis financiero: ACA Nexia (Laurent Cazebonne, Samy Chiffour)<\/li>\n<\/ul>\n\n\n\n<h2 class=\"wp-block-heading\">Acerca de Optimum :<\/h2>\n\n\n\n<p>Optimum es una empresa Pass French Tech con acreditaci\u00f3n Bpi Excellence. La empresa cuenta con casi 70 empleados. Con m\u00e1s de 14 a\u00f1os de experiencia en el mercado de los veh\u00edculos conectados, dise\u00f1a, desarrolla y comercializa soluciones innovadoras. Estas soluciones se dirigen a las empresas y a las colectividades locales que disponen de flotas de veh\u00edculos. Tambi\u00e9n se dirigen a actores del sector del autom\u00f3vil, como empresas de leasing, distribuidores y aseguradoras. Presente en Francia y en el extranjero, Optimum gestiona m\u00e1s de 80.000 veh\u00edculos equipados. Estos veh\u00edculos pertenecen a una cartera de m\u00e1s de 4.000 clientes profesionales.<\/p>\n\n\n\n<p><br>https:\/\/bu.optimum-automotive.com<\/p>\n\n\n\n<p><strong>Contactos de prensa :<\/strong><br><br>Comunicaciones: Franck Gaultier \/ f.gaultier@optimum-automotive.com \/ 07 88 68 49 22<br><br>Agencia de prensa: Astrid Sergeant \/ asergeant@agence-sergeantpaper.fr \/ 07 77 70 71 73<\/p>\n\n\n\n<p><strong>Acerca de Demeter <\/strong><br><br>Demeter (www.demeter-im.com) es una de las principales empresas europeas de capital riesgo para la transici\u00f3n energ\u00e9tica y ecol\u00f3gica. Sus fondos invierten entre 1 y 30 millones de euros en empresas del sector. Apoyan a nuevas empresas innovadoras, PYME de r\u00e1pido crecimiento y ETI, as\u00ed como proyectos de infraestructuras.<\/p>\n\n\n\n<p>Demeter cuenta con un equipo de 35 personas con sede en Par\u00eds, Grenoble, Metz, Madrid y Munster. Demeter gestiona una cartera de 1.000 millones de euros y ha realizado 130 inversiones desde 2005. Paris Green Fund es un fondo de capital de crecimiento con impacto territorial. Se cre\u00f3 por iniciativa de la Ciudad de Par\u00eds. Su objetivo es acelerar la transici\u00f3n energ\u00e9tica y ecol\u00f3gica de las grandes ciudades.<\/p>\n\n\n\n<p>Contacto de prensa: Lionel Cormier, Socio Director \/ lionel.cormier@demeter-im.com \/ 01 43 12 53 40<\/p>\n\n\n\n<p><strong>Acerca de Amundi Private Equity Funds <\/strong><br><br>Con 7.500 millones de euros en activos bajo gesti\u00f3n (a 30 de junio de 2019), Amundi Private Equity Funds ofrece a sus clientes minoristas e institucionales una amplia gama de productos adaptados a sus necesidades. Los clientes pueden invertir en dos tipos de productos: fondos directos dedicados a adquirir participaciones directas en empresas no cotizadas (en las fases de desarrollo y transmisi\u00f3n) y fondos de fondos dedicados a invertir en fondos de capital riesgo, deuda privada e infraestructuras.<\/p>\n\n\n\n<p>Para m\u00e1s informaci\u00f3n: www.amundi-pef.com<\/p>\n\n\n\n<p><strong>Acerca de Amundi<\/strong><br><br>Amundi es el primer gestor de activos de Europa en t\u00e9rminos de activos gestionados y figura entre los 10 primeros del mundo. El Grupo gestiona 1,563 billones de euros y cuenta con seis plataformas principales de gesti\u00f3n. Amundi ofrece a sus clientes de Europa, Asia-Pac\u00edfico, Oriente Medio y Am\u00e9rica una amplia gama de conocimientos y soluciones de inversi\u00f3n en gesti\u00f3n activa y pasiva, as\u00ed como en activos reales y alternativos. Los clientes de Amundi tambi\u00e9n tienen acceso a una amplia gama de herramientas y servicios. Con sede en Par\u00eds, Amundi cotiza en bolsa desde noviembre de 2015.<\/p>\n\n\n\n<p>Gracias a su capacidad \u00fanica de investigaci\u00f3n y al talento de casi 4.500 empleados y expertos de mercado repartidos en 37 pa\u00edses, Amundi ofrece a sus clientes minoristas, institucionales y corporativos soluciones innovadoras de ahorro e inversi\u00f3n para satisfacer sus necesidades espec\u00edficas, objetivos de rentabilidad y perfiles de riesgo.<\/p>\n\n\n\n<p><strong>Amundi. La confianza hay que gan\u00e1rsela.<\/strong><br><br>Visite www.amundi.com para obtener m\u00e1s informaci\u00f3n o para encontrar un equipo Amundi cerca de usted.<br><strong>Contacto de prensa: <\/strong> Geetha Chandrasegaram - Tel: +33 1 76 37 02 73 - Geetha.chandrasegaram@amundi.com<\/p>\n\n\n\n<p><strong>Acerca de R\u00e9gion Sud Investissement<\/strong><br><br>R\u00e9gion Sud Investissement es el fondo regional de coinversi\u00f3n creado en 2010 por la Regi\u00f3n Sud Provence Alpes C\u00f4te d'Azur para apoyar la aparici\u00f3n y el desarrollo de empresas regionales en crecimiento. Este SAS de 80 millones de euros ha recibido 50% de su capital de la Uni\u00f3n Europea a trav\u00e9s del fondo FEDER. Desde julio de 2011, el fondo, asesorado por el Grupo Turenne para la gesti\u00f3n de sus inversiones, ha invertido ya en 87 empresas regionales por un total de 42,9 millones de euros.<\/p>\n\n\n\n<p>Para m\u00e1s informaci\u00f3n: www.regionsudinvestissement.com<\/p>\n\n\n\n<p><strong>Acerca del Grupo Turenne<\/strong><br><br>El Grupo Turenne, que asesora a R\u00e9gion Sud Investissement en la gesti\u00f3n de sus participaciones, es una de las principales sociedades de capital riesgo de Francia y lleva 20 a\u00f1os ayudando a empresarios en sus proyectos de innovaci\u00f3n y desarrollo y en la transmisi\u00f3n de sus empresas. Sociedad de gesti\u00f3n independiente aprobada por la AMF y propiedad de sus empleados, el Grupo Turenne contaba con m\u00e1s de 1.000 millones de euros bajo gesti\u00f3n a 30 de junio de 2019. Sus equipos de 61 profesionales, incluidos 46 inversores, con sede en Par\u00eds, Marsella, Lille (Nord Capital, en asociaci\u00f3n con Cr\u00e9dit Agricole Nord de France), Lyon y Metz, apoyan a m\u00e1s de 250 emprendedores en los sectores de la salud, la hosteler\u00eda, las nuevas tecnolog\u00edas, el comercio minorista y los servicios innovadores.<\/p>\n\n\n\n<p>Para m\u00e1s informaci\u00f3n: www.turennecapital.com<\/p>","protected":false},"excerpt":{"rendered":"<p>OPTIMUM LEVE 14 M\u20ac AUPRES DE PARIS FONDS VERT, D\u2019AMUNDI PRIVATE EQUITY FUNDS ET DES ACTIONNAIRES FINANCIERS HISTORIQUES : REGION SUD INVESTISSEMENT, A+ FINANCE ET SCR PROVENCALE ET CORSE (BANQUE POPULAIRE MEDITERRANEE) OPTIMUM est un acteur incontestable en Optimisation de flotte gr\u00e2ce au traitement intelligent des donn\u00e9es connect\u00e9es. Il annonce ce jour avoir proc\u00e9d\u00e9 \u00e0 [&hellip;]<\/p>","protected":false},"author":1,"featured_media":1764,"comment_status":"closed","ping_status":"open","sticky":false,"template":"","format":"standard","meta":{"_coblocks_attr":"","_coblocks_dimensions":"","_coblocks_responsive_height":"","_coblocks_accordion_ie_support":"","_uag_custom_page_level_css":"","footnotes":""},"categories":[4],"tags":[],"class_list":["post-695","post","type-post","status-publish","format-standard","has-post-thumbnail","hentry","category-actualites"],"uagb_featured_image_src":{"full":["https:\/\/bu.optimum-automotive.com\/wp-content\/uploads\/2024\/06\/01-2.jpg",431,252,false],"thumbnail":["https:\/\/bu.optimum-automotive.com\/wp-content\/uploads\/2024\/06\/01-2-150x150.jpg",150,150,true],"medium":["https:\/\/bu.optimum-automotive.com\/wp-content\/uploads\/2024\/06\/01-2-300x175.jpg",300,175,true],"medium_large":["https:\/\/bu.optimum-automotive.com\/wp-content\/uploads\/2024\/06\/01-2.jpg",431,252,false],"large":["https:\/\/bu.optimum-automotive.com\/wp-content\/uploads\/2024\/06\/01-2.jpg",431,252,false],"1536x1536":["https:\/\/bu.optimum-automotive.com\/wp-content\/uploads\/2024\/06\/01-2.jpg",431,252,false],"2048x2048":["https:\/\/bu.optimum-automotive.com\/wp-content\/uploads\/2024\/06\/01-2.jpg",431,252,false],"trp-custom-language-flag":["https:\/\/bu.optimum-automotive.com\/wp-content\/uploads\/2024\/06\/01-2.jpg",18,12,false]},"uagb_author_info":{"display_name":"camaleon","author_link":"https:\/\/bu.optimum-automotive.com\/es\/author\/camaleon\/"},"uagb_comment_info":0,"uagb_excerpt":"OPTIMUM LEVE 14 M\u20ac AUPRES DE PARIS FONDS VERT, D\u2019AMUNDI PRIVATE EQUITY FUNDS ET DES ACTIONNAIRES FINANCIERS HISTORIQUES : REGION SUD INVESTISSEMENT, A+ FINANCE ET SCR PROVENCALE ET CORSE (BANQUE POPULAIRE MEDITERRANEE) OPTIMUM est un acteur incontestable en Optimisation de flotte gr\u00e2ce au traitement intelligent des donn\u00e9es connect\u00e9es. Il annonce ce jour avoir proc\u00e9d\u00e9 \u00e0&hellip;","_links":{"self":[{"href":"https:\/\/bu.optimum-automotive.com\/es\/wp-json\/wp\/v2\/posts\/695","targetHints":{"allow":["GET"]}}],"collection":[{"href":"https:\/\/bu.optimum-automotive.com\/es\/wp-json\/wp\/v2\/posts"}],"about":[{"href":"https:\/\/bu.optimum-automotive.com\/es\/wp-json\/wp\/v2\/types\/post"}],"author":[{"embeddable":true,"href":"https:\/\/bu.optimum-automotive.com\/es\/wp-json\/wp\/v2\/users\/1"}],"replies":[{"embeddable":true,"href":"https:\/\/bu.optimum-automotive.com\/es\/wp-json\/wp\/v2\/comments?post=695"}],"version-history":[{"count":3,"href":"https:\/\/bu.optimum-automotive.com\/es\/wp-json\/wp\/v2\/posts\/695\/revisions"}],"predecessor-version":[{"id":5462,"href":"https:\/\/bu.optimum-automotive.com\/es\/wp-json\/wp\/v2\/posts\/695\/revisions\/5462"}],"wp:featuredmedia":[{"embeddable":true,"href":"https:\/\/bu.optimum-automotive.com\/es\/wp-json\/wp\/v2\/media\/1764"}],"wp:attachment":[{"href":"https:\/\/bu.optimum-automotive.com\/es\/wp-json\/wp\/v2\/media?parent=695"}],"wp:term":[{"taxonomy":"category","embeddable":true,"href":"https:\/\/bu.optimum-automotive.com\/es\/wp-json\/wp\/v2\/categories?post=695"},{"taxonomy":"post_tag","embeddable":true,"href":"https:\/\/bu.optimum-automotive.com\/es\/wp-json\/wp\/v2\/tags?post=695"}],"curies":[{"name":"wp","href":"https:\/\/api.w.org\/{rel}","templated":true}]}}