{"id":737,"date":"2020-06-30T07:28:37","date_gmt":"2020-06-30T05:28:37","guid":{"rendered":"http:\/\/127.0.0.1\/GAimport\/2020\/06\/30\/sur-les-universites-des-achats-le-08-09-20\/"},"modified":"2025-01-22T11:47:20","modified_gmt":"2025-01-22T10:47:20","slug":"sur-les-universites-des-achats-le-08-09-20","status":"publish","type":"post","link":"https:\/\/bu.optimum-automotive.com\/es\/sobre-la-compra-de-universidades-el-08-09-20\/","title":{"rendered":"OPTIMUM en las universidades compradoras"},"content":{"rendered":"<h2 class=\"wp-block-heading\">Optimum Automotive estar\u00e1 presente en la Universit\u00e9s des achats el 08\/09\/20.<\/h2>\n\n\n\n<p>Cada a\u00f1o, el CNA (Conseil National des Achats), la asociaci\u00f3n de referencia de la funci\u00f3n de compras, organiza un gran evento que incluye conferencias plenarias, talleres de debate y clases magistrales.<\/p>\n\n\n\n<p>Dado que las flotas de autom\u00f3viles representan a menudo el segundo mayor gasto de una empresa, Optimum Automotive ha confirmado su participaci\u00f3n en el evento y organizar\u00e1 un taller dedicado a la optimizaci\u00f3n 360\u00b0 de las flotas de autom\u00f3viles.<\/p>\n\n\n\n<h2 class=\"wp-block-heading\">\u00bfC\u00d3MO OPTIMIZAR EL IMPACTO FINANCIERO Y MEDIOAMBIENTAL DEL PARQUE AUTOMOVIL\u00cdSTICO?<\/h2>\n\n\n\n<p>En un momento de presi\u00f3n econ\u00f3mica, ecol\u00f3gica y fiscal, \u00bfcu\u00e1les son los retos y las herramientas necesarias para apoyar el cambio necesario en la movilidad profesional para :<\/p>\n\n\n\n<ul class=\"wp-block-list\">\n<li>Optimizaci\u00f3n de costes, mantenimiento y contratos<\/li>\n\n\n\n<li>Un parque automovil\u00edstico y un comportamiento vial m\u00e1s ecol\u00f3gicos<\/li>\n\n\n\n<li>Introducir y adoptar nuevas formas de movilidad<\/li>\n<\/ul>\n\n\n\n<p>Optimum Automotive, actor principal y precursor en el campo de los veh\u00edculos conectados, le ofrece una visi\u00f3n completa de soluciones innovadoras basadas en Big Data y herramientas de gesti\u00f3n de alto rendimiento.<\/p>","protected":false},"excerpt":{"rendered":"<p>Optimum Automotive estar\u00e1 presente en las Universidades de Compras los d\u00edas 08\/09\/20. Cada a\u00f1o, el CNA (Conseil National des Achats), la asociaci\u00f3n de referencia para la funci\u00f3n de compras, organiza un gran evento con conferencias plenarias, talleres de debate y clases magistrales. Dado que la flota de veh\u00edculos suele ser la segunda partida de gastos de una empresa, Optimum Automotive [...]<\/p>","protected":false},"author":1,"featured_media":1759,"comment_status":"closed","ping_status":"open","sticky":false,"template":"","format":"standard","meta":{"_coblocks_attr":"","_coblocks_dimensions":"","_coblocks_responsive_height":"","_coblocks_accordion_ie_support":"","_uag_custom_page_level_css":"","footnotes":""},"categories":[4],"tags":[],"class_list":["post-737","post","type-post","status-publish","format-standard","has-post-thumbnail","hentry","category-actualites"],"uagb_featured_image_src":{"full":["https:\/\/bu.optimum-automotive.com\/wp-content\/uploads\/2020\/06\/01.jpg",431,252,false],"thumbnail":["https:\/\/bu.optimum-automotive.com\/wp-content\/uploads\/2020\/06\/01-150x150.jpg",150,150,true],"medium":["https:\/\/bu.optimum-automotive.com\/wp-content\/uploads\/2020\/06\/01-300x175.jpg",300,175,true],"medium_large":["https:\/\/bu.optimum-automotive.com\/wp-content\/uploads\/2020\/06\/01.jpg",431,252,false],"large":["https:\/\/bu.optimum-automotive.com\/wp-content\/uploads\/2020\/06\/01.jpg",431,252,false],"1536x1536":["https:\/\/bu.optimum-automotive.com\/wp-content\/uploads\/2020\/06\/01.jpg",431,252,false],"2048x2048":["https:\/\/bu.optimum-automotive.com\/wp-content\/uploads\/2020\/06\/01.jpg",431,252,false],"trp-custom-language-flag":["https:\/\/bu.optimum-automotive.com\/wp-content\/uploads\/2020\/06\/01.jpg",18,12,false]},"uagb_author_info":{"display_name":"camaleon","author_link":"https:\/\/bu.optimum-automotive.com\/es\/author\/camaleon\/"},"uagb_comment_info":0,"uagb_excerpt":"Optimum Automotive sera pr\u00e9sent sur les Universit\u00e9s des achats le 08\/09\/20. Le CNA (Conseil National des Achats), association de r\u00e9f\u00e9rence de la \u00ab fonction achats \u00bb organise comme chaque ann\u00e9e une manifestation d\u2019envergure autour de conf\u00e9rences pl\u00e9ni\u00e8res, ateliers d\u00e9bats, masters classes. La flotte automobile repr\u00e9sentant fr\u00e9quemment le 2nd poste de charges d\u2019une entreprise, Optimum Automotive&hellip;","_links":{"self":[{"href":"https:\/\/bu.optimum-automotive.com\/es\/wp-json\/wp\/v2\/posts\/737","targetHints":{"allow":["GET"]}}],"collection":[{"href":"https:\/\/bu.optimum-automotive.com\/es\/wp-json\/wp\/v2\/posts"}],"about":[{"href":"https:\/\/bu.optimum-automotive.com\/es\/wp-json\/wp\/v2\/types\/post"}],"author":[{"embeddable":true,"href":"https:\/\/bu.optimum-automotive.com\/es\/wp-json\/wp\/v2\/users\/1"}],"replies":[{"embeddable":true,"href":"https:\/\/bu.optimum-automotive.com\/es\/wp-json\/wp\/v2\/comments?post=737"}],"version-history":[{"count":2,"href":"https:\/\/bu.optimum-automotive.com\/es\/wp-json\/wp\/v2\/posts\/737\/revisions"}],"predecessor-version":[{"id":5459,"href":"https:\/\/bu.optimum-automotive.com\/es\/wp-json\/wp\/v2\/posts\/737\/revisions\/5459"}],"wp:featuredmedia":[{"embeddable":true,"href":"https:\/\/bu.optimum-automotive.com\/es\/wp-json\/wp\/v2\/media\/1759"}],"wp:attachment":[{"href":"https:\/\/bu.optimum-automotive.com\/es\/wp-json\/wp\/v2\/media?parent=737"}],"wp:term":[{"taxonomy":"category","embeddable":true,"href":"https:\/\/bu.optimum-automotive.com\/es\/wp-json\/wp\/v2\/categories?post=737"},{"taxonomy":"post_tag","embeddable":true,"href":"https:\/\/bu.optimum-automotive.com\/es\/wp-json\/wp\/v2\/tags?post=737"}],"curies":[{"name":"wp","href":"https:\/\/api.w.org\/{rel}","templated":true}]}}