{"id":25,"count":1,"description":"<strong>Forfait Mobilit\u00e9s Durables :<\/strong> Favoriser les mobilit\u00e9s alternatives pour les trajets domicile-travail gr\u00e2ce au Forfait Mobilit\u00e9s Durables","link":"https:\/\/bu.optimum-automotive.com\/es\/etiqueta\/paquete-de-movilidad-sostenible\/","name":"Forfait mobilit\u00e9s durables","slug":"forfait-mobilites-durables","taxonomy":"post_tag","meta":[],"_links":{"self":[{"href":"https:\/\/bu.optimum-automotive.com\/es\/wp-json\/wp\/v2\/tags\/25","targetHints":{"allow":["GET"]}}],"collection":[{"href":"https:\/\/bu.optimum-automotive.com\/es\/wp-json\/wp\/v2\/tags"}],"about":[{"href":"https:\/\/bu.optimum-automotive.com\/es\/wp-json\/wp\/v2\/taxonomies\/post_tag"}],"wp:post_type":[{"href":"https:\/\/bu.optimum-automotive.com\/es\/wp-json\/wp\/v2\/posts?tags=25"}],"curies":[{"name":"wp","href":"https:\/\/api.w.org\/{rel}","templated":true}]}}