{"id":26,"count":1,"description":"<strong>Cr\u00e9dit Mobilit\u00e9 :<\/strong> R\u00e9duisez le nombre de v\u00e9hicules de fonction gr\u00e2ce au Cr\u00e9dit Mobilit\u00e9","link":"https:\/\/bu.optimum-automotive.com\/es\/etiqueta\/credito-a-la-movilidad\/","name":"Cr\u00e9dit mobilit\u00e9","slug":"credit-mobilite","taxonomy":"post_tag","meta":[],"_links":{"self":[{"href":"https:\/\/bu.optimum-automotive.com\/es\/wp-json\/wp\/v2\/tags\/26","targetHints":{"allow":["GET"]}}],"collection":[{"href":"https:\/\/bu.optimum-automotive.com\/es\/wp-json\/wp\/v2\/tags"}],"about":[{"href":"https:\/\/bu.optimum-automotive.com\/es\/wp-json\/wp\/v2\/taxonomies\/post_tag"}],"wp:post_type":[{"href":"https:\/\/bu.optimum-automotive.com\/es\/wp-json\/wp\/v2\/posts?tags=26"}],"curies":[{"name":"wp","href":"https:\/\/api.w.org\/{rel}","templated":true}]}}