{"id":1061,"date":"2023-11-16T14:45:48","date_gmt":"2023-11-16T13:45:48","guid":{"rendered":"http:\/\/127.0.0.1\/GAimport\/2023\/11\/16\/au-congres-connect-fleet-2023\/"},"modified":"2025-01-21T16:13:53","modified_gmt":"2025-01-21T15:13:53","slug":"au-congres-connect-fleet-2023","status":"publish","type":"post","link":"https:\/\/bu.optimum-automotive.com\/it\/al-congresso-connect-fleet-2023\/","title":{"rendered":"Optimum Automotive A CONNECT FLEET 2023"},"content":{"rendered":"<p>Anche quest'anno Optimum Automotive parteciper\u00e0 all'evento<strong>Edizione 2023 del Congresso CONNECT FLEET<\/strong>il <strong>29 e 30 novembre 2023 a Deauville<\/strong>.<\/p>\n\n\n<div class=\"wp-block-image\">\n<figure class=\"aligncenter size-full\"><img loading=\"lazy\" decoding=\"async\" width=\"250\" height=\"70\" src=\"https:\/\/bu.optimum-automotive.com\/wp-content\/uploads\/2024\/05\/connet_fleet-3db2a.jpg\" alt=\"\" class=\"wp-image-1103\"\/><\/figure><\/div>\n\n\n<p><\/p>\n\n\n\n<p>Questo evento, che riunisce i responsabili della gestione delle flotte di veicoli, ci dar\u00e0 l'opportunit\u00e0 di presentare la nostra esperienza nell'ottimizzazione finanziaria e ambientale delle flotte di veicoli e della mobilit\u00e0 professionale.<\/p>\n\n\n\n<p>In questa occasione, <strong>Daniel VASSALLUCCI condurr\u00e0 un workshop il 29\/11 alle 17.30: \"Gestione della flotta: ottimizzare i costi di gestione\".<\/strong><\/p>","protected":false},"excerpt":{"rendered":"<p>Anche quest'anno Optimum Automotive parteciper\u00e0 all'edizione 2023 del Congresso CONNECT FLEET, il 29 e 30 novembre 2023 a Deauville. Questo evento, che riunisce i responsabili della gestione delle flotte di veicoli, ci permetter\u00e0 di presentare la nostra esperienza nell'ottimizzazione finanziaria e ambientale delle flotte di veicoli e della mobilit\u00e0 professionale. In questa occasione, [...]<\/p>","protected":false},"author":1,"featured_media":1102,"comment_status":"closed","ping_status":"open","sticky":false,"template":"","format":"standard","meta":{"_coblocks_attr":"","_coblocks_dimensions":"","_coblocks_responsive_height":"","_coblocks_accordion_ie_support":"","_uag_custom_page_level_css":"","footnotes":""},"categories":[4],"tags":[],"class_list":["post-1061","post","type-post","status-publish","format-standard","has-post-thumbnail","hentry","category-actualites"],"uagb_featured_image_src":{"full":["https:\/\/bu.optimum-automotive.com\/wp-content\/uploads\/2023\/11\/arton427.jpg",431,252,false],"thumbnail":["https:\/\/bu.optimum-automotive.com\/wp-content\/uploads\/2023\/11\/arton427-150x150.jpg",150,150,true],"medium":["https:\/\/bu.optimum-automotive.com\/wp-content\/uploads\/2023\/11\/arton427-300x175.jpg",300,175,true],"medium_large":["https:\/\/bu.optimum-automotive.com\/wp-content\/uploads\/2023\/11\/arton427.jpg",431,252,false],"large":["https:\/\/bu.optimum-automotive.com\/wp-content\/uploads\/2023\/11\/arton427.jpg",431,252,false],"1536x1536":["https:\/\/bu.optimum-automotive.com\/wp-content\/uploads\/2023\/11\/arton427.jpg",431,252,false],"2048x2048":["https:\/\/bu.optimum-automotive.com\/wp-content\/uploads\/2023\/11\/arton427.jpg",431,252,false],"trp-custom-language-flag":["https:\/\/bu.optimum-automotive.com\/wp-content\/uploads\/2023\/11\/arton427.jpg",18,12,false]},"uagb_author_info":{"display_name":"camaleon","author_link":"https:\/\/bu.optimum-automotive.com\/it\/author\/camaleon\/"},"uagb_comment_info":0,"uagb_excerpt":"Cette ann\u00e9e encore Optimum Automotive participera \u00e0 l\u2019\u00e9dition 2023 du Congr\u00e8s CONNECT FLEET, les 29 et 30 novembre 2023 \u00e0 Deauville. Cet \u00e9v\u00e8nement qui r\u00e9unit les d\u00e9cideurs de la gestion de flotte automobile, nous permettra d\u2019exposer nos savoir-faire en mati\u00e8re d\u2019optimisation financi\u00e8re et environnementale des flottes automobiles et de la mobilit\u00e9 professionnelle. A cette occasion,&hellip;","_links":{"self":[{"href":"https:\/\/bu.optimum-automotive.com\/it\/wp-json\/wp\/v2\/posts\/1061","targetHints":{"allow":["GET"]}}],"collection":[{"href":"https:\/\/bu.optimum-automotive.com\/it\/wp-json\/wp\/v2\/posts"}],"about":[{"href":"https:\/\/bu.optimum-automotive.com\/it\/wp-json\/wp\/v2\/types\/post"}],"author":[{"embeddable":true,"href":"https:\/\/bu.optimum-automotive.com\/it\/wp-json\/wp\/v2\/users\/1"}],"replies":[{"embeddable":true,"href":"https:\/\/bu.optimum-automotive.com\/it\/wp-json\/wp\/v2\/comments?post=1061"}],"version-history":[{"count":5,"href":"https:\/\/bu.optimum-automotive.com\/it\/wp-json\/wp\/v2\/posts\/1061\/revisions"}],"predecessor-version":[{"id":5414,"href":"https:\/\/bu.optimum-automotive.com\/it\/wp-json\/wp\/v2\/posts\/1061\/revisions\/5414"}],"wp:featuredmedia":[{"embeddable":true,"href":"https:\/\/bu.optimum-automotive.com\/it\/wp-json\/wp\/v2\/media\/1102"}],"wp:attachment":[{"href":"https:\/\/bu.optimum-automotive.com\/it\/wp-json\/wp\/v2\/media?parent=1061"}],"wp:term":[{"taxonomy":"category","embeddable":true,"href":"https:\/\/bu.optimum-automotive.com\/it\/wp-json\/wp\/v2\/categories?post=1061"},{"taxonomy":"post_tag","embeddable":true,"href":"https:\/\/bu.optimum-automotive.com\/it\/wp-json\/wp\/v2\/tags?post=1061"}],"curies":[{"name":"wp","href":"https:\/\/api.w.org\/{rel}","templated":true}]}}