{"id":4903,"date":"2021-11-19T16:16:47","date_gmt":"2021-11-19T15:16:47","guid":{"rendered":"https:\/\/blog.optimum-automotive.com\/?p=1735"},"modified":"2025-01-21T15:44:29","modified_gmt":"2025-01-21T14:44:29","slug":"reduction-de-lempreinte-carbone-de-levidence-a-lexigence","status":"publish","type":"post","link":"https:\/\/bu.optimum-automotive.com\/it\/ridurre-limpronta-di-carbonio-del-requisito-di-levidenza\/","title":{"rendered":"Quali sono le alternative alle auto aziendali e alle indennit\u00e0 chilometriche?"},"content":{"rendered":"<h2 class=\"wp-block-heading\"><strong>Ridurre la nostra impronta di carbonio: da ovvio a essenziale!<\/strong><\/h2>\n\n\n\n<p>Lo vediamo ogni giorno di pi\u00f9: il cambiamento climatico sta avvenendo. Questa consapevolezza non \u00e8 una novit\u00e0: da decenni siamo tutti individualmente consapevoli dell'urgente necessit\u00e0 di ridurre la nostra produzione di emissioni inquinanti. La novit\u00e0 degli ultimi anni \u00e8 che questa evidenza sta gradualmente diventando un'esigenza.<\/p>\n\n\n<div class=\"wp-block-image\">\n<figure class=\"alignleft size-full is-resized\"><img decoding=\"async\" src=\"https:\/\/blog.optimum-automotive.com\/wp-content\/uploads\/2021\/11\/01-2.jpg\" alt=\"\" class=\"wp-image-1747\" style=\"width:260px;height:114px\"\/><\/figure><\/div>\n\n\n<p>La LOM (Loi d'Orientation des Mobilit\u00e9s) introdurr\u00e0 progressivamente (dal 1\u00b0 gennaio 2010) una serie di nuove misure.<sup>er<\/sup> gennaio 2022), obbligando le aziende e le autorit\u00e0 pubbliche a svolgere un ruolo attivo nella riduzione della nostra impronta di carbonio. Tra le aree prioritarie c'\u00e8 naturalmente la transizione energetica delle flotte di automobili, con un uso crescente di veicoli elettrici e ibridi, ove possibile condivisi con altri.<\/p>\n\n\n\n<p>Ma quando si parla di mobilit\u00e0 dei dipendenti, non dobbiamo perdere di vista il fatto che il veicolo non \u00e8 l'unica opzione. Sebbene sia essenziale in alcune situazioni, il veicolo pu\u00f2 lasciare il suo posto o essere combinato con altri mezzi di trasporto pi\u00f9 ecologici.<\/p>\n\n\n\n<p>Come possono le aziende promuovere una mobilit\u00e0 sostenibile riducendo al contempo il costo complessivo della mobilit\u00e0? Fortunatamente, le soluzioni di mobilit\u00e0 professionale 2.0 esistono!<\/p>\n\n\n\n<h2 class=\"wp-block-heading\"><strong>Focus sulla mobilit\u00e0 multimodale e sostenibile<\/strong><\/h2>\n\n\n\n<p>Il riflesso \"auto\" non c'\u00e8 pi\u00f9... o non dovrebbe esserci pi\u00f9! S\u00ec, stiamo parlando di un vero e proprio cambiamento di mentalit\u00e0 che deve essere continuato e intensificato.<br>Per aiutare i mobility manager ad affrontare questa nuova sfida, gli specialisti della mobilit\u00e0 aziendale sono in costante innovazione per offrire soluzioni efficienti e rispettose dell'ambiente.<\/p>\n\n\n<div class=\"wp-block-image\">\n<figure class=\"alignleft size-large\"><a class=\"cta\" href=\"https:\/\/mobility-pack.com\/\" target=\"_blank\" rel=\"autopartage devis noopener\"><img decoding=\"async\" src=\"https:\/\/bu.optimum-automotive.com\/wp-content\/uploads\/2021\/07\/audit_gratuit.jpg\" alt=\"\" class=\"wp-image-1194\"\/><\/a><\/figure><\/div>\n\n\n<p>Optimum Automotive, lo specialista europeo dei veicoli connessi, ha progettato una soluzione di mobilit\u00e0 innovativa chiamata \"Optimum Mobility\".<\/p>\n\n\n\n<p>Optimum Mobility si basa su un approccio unico e tripartito alla mobilit\u00e0 dei dipendenti:<\/p>\n\n\n\n<p><strong>#1. Una piattaforma di gestione:<\/strong><br>Come centro nevralgico della mobilit\u00e0 professionale, la piattaforma di gestione consente ai manager di monitorare, analizzare e ottimizzare la mobilit\u00e0 dei dipendenti.<\/p>\n\n\n\n<ul class=\"wp-block-list\">\n<li>Gestione degli operatori della mobilit\u00e0<\/li>\n\n\n\n<li>Gestione e monitoraggio della spesa<\/li>\n\n\n\n<li>Strumenti di analisi e reporting (TCM\u00b3, CSR\u2074, carbon footprint, pacchetto mobilit\u00e0 sostenibile, credito di mobilit\u00e0)<\/li>\n\n\n\n<li>Strumenti di sfida e motivazione per aiutare a ridurre l'impronta di carbonio e i costi<\/li>\n<\/ul>\n\n\n<div class=\"wp-block-image\">\n<figure class=\"alignright size-full\"><img decoding=\"async\" src=\"https:\/\/blog.optimum-automotive.com\/wp-content\/uploads\/2022\/05\/11.jpg\" alt=\"\" class=\"wp-image-1994\"\/><\/figure><\/div>\n\n\n<p><strong>#2. Un'applicazione mobile<br><\/strong>L'applicazione mobile \u00e8 a disposizione dei dipendenti e consente loro di selezionare i servizi di trasporto nelle vicinanze: treno, autobus, taxi, VTC, noleggio auto, scooter, biciclette, ecc.<br>L'applicazione mobile consente inoltre ai dipendenti di accedere al proprio cruscotto: riepilogo delle spese e dei viaggi, categorizzazione delle spese, impronta di carbonio individuale, ecc.<br><br><strong>#3. Una carta di pagamento<br>Fisica e non cartacea, la carta di pagamento pu\u00f2 essere utilizzata per pagare i viaggi. <\/strong>professionisti. Tutte le transazioni con carta di pagamento vengono archiviate automaticamente sulla piattaforma di gestione.<\/p>\n\n\n\n<h2 class=\"wp-block-heading\"><strong>Sostegno finanziario per promuovere la mobilit\u00e0 sostenibile<\/strong>s<strong>&nbsp;!<\/strong><\/h2>\n\n\n\n<p>Sono stati istituiti diversi programmi per incoraggiare le persone ad adottare la mobilit\u00e0 sostenibile:<\/p>\n\n\n<div class=\"wp-block-image\">\n<figure class=\"alignright size-large is-resized\"><img decoding=\"async\" src=\"https:\/\/bu.optimum-automotive.com\/wp-content\/uploads\/2021\/11\/Fotolia_84440389_M-1024x683.jpg\" alt=\"\" class=\"wp-image-1750\" style=\"width:388px;height:259px\"\/><\/figure><\/div>\n\n\n<p><strong>#1. Pacchetto mobilit\u00e0 sostenibile :<\/strong><br>Il Pacchetto Mobilit\u00e0 Sostenibile offre alle aziende la possibilit\u00e0 di fornire ai dipendenti una <strong>budget esente da imposte di 500 euro\/anno\/dipendente<\/strong> (o 600 euro, inclusa l'indennit\u00e0 di trasporto) per gli spostamenti da e verso il luogo di lavoro.<\/p>\n\n\n\n<p>Il pacchetto mobilit\u00e0 sostenibile si applica alle seguenti modalit\u00e0 di trasporto:<\/p>\n\n\n\n<ul class=\"wp-block-list\">\n<li>\u00a0Biciclette e biciclette a pedalata assistita (acquisto di biciclette e accessori, manutenzione, IKV)<\/li>\n\n\n\n<li>\u00a0Carpooling<\/li>\n\n\n\n<li>\u00a0Noleggio condiviso di biciclette, scooter e monopattini elettrici<\/li>\n\n\n\n<li>\u00a0Car-sharing con veicoli elettrici, ibridi plug-in o a idrogeno<\/li>\n\n\n\n<li>\u00a0Trasporto pubblico (biglietti, abbonamenti sono finanziati dall'indennit\u00e0 di trasporto)<\/li>\n<\/ul>\n\n\n\n<div class=\"wp-block-image\"><figure class=\"alignright size-large\"><a class=\"cta\" href=\"https:\/\/mobility-pack.com\/contact\/\" target=\"_blank\" rel=\"\u00e9co-conduite noopener\"><img decoding=\"async\" src=\"https:\/\/bu.optimum-automotive.com\/wp-content\/uploads\/2021\/07\/eco_conduite.jpg\" alt=\"\" class=\"wp-image-1157\"><\/a><\/figure><\/div>\n\n\n\n<p><strong>#2. Credito di mobilit\u00e0 :<\/strong><br>Il credito per la mobilit\u00e0 \u00e8 un beneficio in natura per i dipendenti che <strong>sostituisce in tutto o in parte l'auto aziendale<\/strong>Una somma di denaro (tra i 1.200 e i 10.200 euro) compensa il dipendente per la rinuncia all'auto aziendale (o per l'adozione di un'auto aziendale pi\u00f9 piccola ed elettrica) e gli consente di finanziare viaggi personali.<\/p>\n\n\n\n<h2 class=\"wp-block-heading\"><strong>\u00c8 tempo di agire!<\/strong><\/h2>\n\n\n\n<p>Dopo un lungo periodo di riflessione, \u00e8 arrivato il momento di agire!<\/p>\n\n\n\n<p>Per sostenere le aziende in questo profondo cambiamento della mobilit\u00e0 professionale, le autorit\u00e0 pubbliche hanno ideato una serie di incentivi. Da parte loro, le aziende specializzate nella mobilit\u00e0 professionale, come ad esempio<a href=\"https:\/\/bu.optimum-automotive.com\/it\/?optimum-mobility\" target=\"_blank\" rel=\"noreferrer noopener\">Mobilit\u00e0 ottimale<\/a>hanno progettato soluzioni innovative volte a introdurre e promuovere una mobilit\u00e0 sostenibile ed eco-responsabile.<\/p>\n\n\n\n<h2 class=\"wp-block-heading\"><br><strong>Ora \u00e8 il momento di iniziare l'azione!<\/strong><br><br><\/h2>\n\n\n\n<p><\/p>","protected":false},"excerpt":{"rendered":"<h4>Mobilit\u00e0 dei dipendenti : <\/h4>\n<p> Focus sulla mobilit\u00e0 multimodale e sostenibile<\/p>","protected":false},"author":1,"featured_media":5210,"comment_status":"closed","ping_status":"closed","sticky":false,"template":"","format":"standard","meta":{"_coblocks_attr":"","_coblocks_dimensions":"","_coblocks_responsive_height":"","_coblocks_accordion_ie_support":"","_uag_custom_page_level_css":"","footnotes":""},"categories":[23],"tags":[22],"class_list":["post-4903","post","type-post","status-publish","format-standard","has-post-thumbnail","hentry","category-mobilite-des-collaborateurs","tag-empreinte-carbone"],"uagb_featured_image_src":{"full":["https:\/\/bu.optimum-automotive.com\/wp-content\/uploads\/2021\/11\/alternatives-aux-vehicules-de-fonction-1.jpg",900,421,false],"thumbnail":["https:\/\/bu.optimum-automotive.com\/wp-content\/uploads\/2021\/11\/alternatives-aux-vehicules-de-fonction-1-150x150.jpg",150,150,true],"medium":["https:\/\/bu.optimum-automotive.com\/wp-content\/uploads\/2021\/11\/alternatives-aux-vehicules-de-fonction-1-300x140.jpg",300,140,true],"medium_large":["https:\/\/bu.optimum-automotive.com\/wp-content\/uploads\/2021\/11\/alternatives-aux-vehicules-de-fonction-1-768x359.jpg",768,359,true],"large":["https:\/\/bu.optimum-automotive.com\/wp-content\/uploads\/2021\/11\/alternatives-aux-vehicules-de-fonction-1.jpg",900,421,false],"1536x1536":["https:\/\/bu.optimum-automotive.com\/wp-content\/uploads\/2021\/11\/alternatives-aux-vehicules-de-fonction-1.jpg",900,421,false],"2048x2048":["https:\/\/bu.optimum-automotive.com\/wp-content\/uploads\/2021\/11\/alternatives-aux-vehicules-de-fonction-1.jpg",900,421,false],"trp-custom-language-flag":["https:\/\/bu.optimum-automotive.com\/wp-content\/uploads\/2021\/11\/alternatives-aux-vehicules-de-fonction-1-18x8.jpg",18,8,true]},"uagb_author_info":{"display_name":"camaleon","author_link":"https:\/\/bu.optimum-automotive.com\/it\/author\/camaleon\/"},"uagb_comment_info":0,"uagb_excerpt":"Mobilit\u00e9 des collaborateurs : Cap sur la mobilit\u00e9 multimodale et durable","_links":{"self":[{"href":"https:\/\/bu.optimum-automotive.com\/it\/wp-json\/wp\/v2\/posts\/4903","targetHints":{"allow":["GET"]}}],"collection":[{"href":"https:\/\/bu.optimum-automotive.com\/it\/wp-json\/wp\/v2\/posts"}],"about":[{"href":"https:\/\/bu.optimum-automotive.com\/it\/wp-json\/wp\/v2\/types\/post"}],"author":[{"embeddable":true,"href":"https:\/\/bu.optimum-automotive.com\/it\/wp-json\/wp\/v2\/users\/1"}],"replies":[{"embeddable":true,"href":"https:\/\/bu.optimum-automotive.com\/it\/wp-json\/wp\/v2\/comments?post=4903"}],"version-history":[{"count":5,"href":"https:\/\/bu.optimum-automotive.com\/it\/wp-json\/wp\/v2\/posts\/4903\/revisions"}],"predecessor-version":[{"id":5391,"href":"https:\/\/bu.optimum-automotive.com\/it\/wp-json\/wp\/v2\/posts\/4903\/revisions\/5391"}],"wp:featuredmedia":[{"embeddable":true,"href":"https:\/\/bu.optimum-automotive.com\/it\/wp-json\/wp\/v2\/media\/5210"}],"wp:attachment":[{"href":"https:\/\/bu.optimum-automotive.com\/it\/wp-json\/wp\/v2\/media?parent=4903"}],"wp:term":[{"taxonomy":"category","embeddable":true,"href":"https:\/\/bu.optimum-automotive.com\/it\/wp-json\/wp\/v2\/categories?post=4903"},{"taxonomy":"post_tag","embeddable":true,"href":"https:\/\/bu.optimum-automotive.com\/it\/wp-json\/wp\/v2\/tags?post=4903"}],"curies":[{"name":"wp","href":"https:\/\/api.w.org\/{rel}","templated":true}]}}