{"id":5583,"date":"2025-02-24T11:45:35","date_gmt":"2025-02-24T10:45:35","guid":{"rendered":"https:\/\/www.optimum-automotive.com\/?p=5583"},"modified":"2025-02-24T11:54:17","modified_gmt":"2025-02-24T10:54:17","slug":"fiscalite-flottes-automobiles-2025-reformes-taxes-bonus-malus","status":"publish","type":"post","link":"https:\/\/bu.optimum-automotive.com\/it\/tassazione-flotte-auto-2025-riforma-fiscale-bonus-malus\/","title":{"rendered":"Tassazione delle flotte di auto nel 2025: un grande sconvolgimento per le imprese"},"content":{"rendered":"<div class=\"wp-block-image\">\n<figure class=\"alignright size-full is-resized\"><img loading=\"lazy\" decoding=\"async\" width=\"600\" height=\"600\" src=\"https:\/\/bu.optimum-automotive.com\/wp-content\/uploads\/2025\/02\/plf2025-adobestock_796751625-10-10-24.jpeg\" alt=\"\" class=\"wp-image-5595\" style=\"width:203px;height:auto\" srcset=\"https:\/\/bu.optimum-automotive.com\/wp-content\/uploads\/2025\/02\/plf2025-adobestock_796751625-10-10-24.jpeg 600w, https:\/\/bu.optimum-automotive.com\/wp-content\/uploads\/2025\/02\/plf2025-adobestock_796751625-10-10-24-300x300.jpeg 300w, https:\/\/bu.optimum-automotive.com\/wp-content\/uploads\/2025\/02\/plf2025-adobestock_796751625-10-10-24-150x150.jpeg 150w, https:\/\/bu.optimum-automotive.com\/wp-content\/uploads\/2025\/02\/plf2025-adobestock_796751625-10-10-24-12x12.jpeg 12w\" sizes=\"auto, (max-width: 600px) 100vw, 600px\" \/><\/figure><\/div>\n\n\n<p>Il 6 febbraio sono state approvate la legge finanziaria (PLF) e la legge sul finanziamento della sicurezza sociale (PLFSS) 2025. La loro imminente pubblicazione sul Journal Officiel render\u00e0 ufficiale la nuova tassazione delle flotte di autoveicoli nel 2025, con importanti cambiamenti che avranno un impatto diretto su <strong>gestori di parchi auto<\/strong>.<\/p>\n\n\n\n<h2 class=\"wp-block-heading\"><strong>Norme fiscali restrittive per la mobilit\u00e0 delle imprese<\/strong><\/h2>\n\n\n\n<p>Le riforme fiscali modificheranno radicalmente il modo in cui le aziende sono tassate sui veicoli. Aumenteranno le tasse sui veicoli inquinanti e ridurranno il sostegno alla transizione energetica. L'abolizione del bonus di conversione e la significativa riduzione del bonus ecologico renderanno pi\u00f9 difficile l'adozione di veicoli \"a basse emissioni\". Per superare questo periodo difficile, le aziende hanno bisogno di strumenti, in particolare per analizzare l'utilizzo di ciascun veicolo. Questo \u00e8 ci\u00f2 che OPTIMUM offre, per esempio, con il suo <strong><a href=\"https:\/\/bu.optimum-automotive.com\/it\/lp-elettrificazione-dei-veicoli-aziendali\/\">studio sull'elettrificazione<\/a><\/strong> che identifica i veicoli \"elettrificabili\". In questo modo \u00e8 possibile rendere ecologici i veicoli il cui utilizzo \u00e8 compatibile con un motore elettrico.<\/p>\n\n\n\n<h2 class=\"wp-block-heading\"><strong>Modifiche al TVU e alle imposte di registro<\/strong><\/h2>\n\n\n\n<p>Tassa sull'uso dei veicoli (<a href=\"https:\/\/entreprendre.service-public.fr\/vosdroits\/F22203\">TVU<\/a>) ha subito alcune modifiche significative. Dal 1\u00b0 gennaio 2025, l'esenzione per i veicoli ibridi \u00e8 stata abolita. Tuttavia, i veicoli alimentati con super-etanolo E85 beneficiano di un'indennit\u00e0 compensativa di 40 % sulle emissioni di CO2 (a determinate condizioni).<\/p>\n\n\n\n<h2 class=\"wp-block-heading\"><strong>Una tassa sull'ecologizzazione delle flotte di oltre 100 veicoli<\/strong><\/h2>\n\n\n<div class=\"wp-block-image\">\n<figure class=\"alignleft size-full is-resized\"><img loading=\"lazy\" decoding=\"async\" width=\"562\" height=\"771\" src=\"https:\/\/bu.optimum-automotive.com\/wp-content\/uploads\/2025\/02\/carte-grise-1.jpg\" alt=\"\" class=\"wp-image-5597\" style=\"width:169px;height:auto\" srcset=\"https:\/\/bu.optimum-automotive.com\/wp-content\/uploads\/2025\/02\/carte-grise-1.jpg 562w, https:\/\/bu.optimum-automotive.com\/wp-content\/uploads\/2025\/02\/carte-grise-1-219x300.jpg 219w, https:\/\/bu.optimum-automotive.com\/wp-content\/uploads\/2025\/02\/carte-grise-1-9x12.jpg 9w\" sizes=\"auto, (max-width: 562px) 100vw, 562px\" \/><\/figure><\/div>\n\n\n<p class=\"has-text-align-left\">Allo stesso tempo, la tassa di immatricolazione regionale \u00e8 aumentata in quasi tutte le regioni francesi. Inoltre, \u00e8 stata abolita l'esenzione dalla tassa di immatricolazione per i veicoli \"puliti\", con l'eccezione di Hauts-de-France, che mantiene una riduzione del 50 %.<\/p>\n\n\n\n<p>Inoltre, per accelerare l'elettrificazione delle flotte di auto, il governo sta introducendo una nuova tassa per le aziende con pi\u00f9 di 100 veicoli. Dal 1\u00b0 marzo 2025, queste aziende dovranno pagare una multa di 2.000 euro per ogni veicolo a basse emissioni mancante. Questa tassa salir\u00e0 a 4.000 euro nel 2026 e a 5.000 euro nel 2027. Tuttavia, alcune categorie sono esenti da questa misura: flotte di noleggio, veicoli agricoli, trasporto pubblico e scuole guida.<\/p>\n\n\n\n<h2 class=\"wp-block-heading\"><strong>Rafforzamento della sanzione ecologica <\/strong><\/h2>\n\n\n\n<p>Uno dei cambiamenti pi\u00f9 significativi riguarda l'inasprimento delle norme di<a href=\"https:\/\/www.economie.gouv.fr\/cedef\/malus-vehicules-polluants\"> malus ecologico<\/a>accompagnata da una significativa riduzione del bonus. Dal 1\u00b0 marzo 2025 :<\/p>\n\n\n\n<ul class=\"wp-block-list\">\n<li>La soglia per far scattare la sanzione per le emissioni di CO2 sar\u00e0 abbassata da 118 g\/km a 113 g\/km.<\/li>\n\n\n\n<li>Il massimale del malus aumenter\u00e0 gradualmente da 70.000 euro nel 2025 a 90.000 euro nel 2027 (rispetto agli attuali 60.000 euro).<\/li>\n<\/ul>\n\n\n\n<p>I veicoli ibridi perderanno gradualmente la franchigia sul peso e anche i veicoli elettrici saranno interessati dal 1\u00b0 luglio 2026. Tuttavia, alla loro massa in ordine di marcia sar\u00e0 applicata una franchigia di 600 kg.<\/p>\n\n\n\n<h2 class=\"wp-block-heading\"><strong>Riduzione del bonus ecologico<\/strong><\/h2>\n\n\n\n<p>Allo stesso tempo, il bonus ecologico sar\u00e0 fortemente limitato. Ora escluso per le flotte, sar\u00e0 limitato a un budget di 690 milioni di euro per i privati nel 2025. Di conseguenza, a seconda del reddito familiare, l'assistenza varier\u00e0 tra i 2.000 e i 4.000 euro. Secondo il governo, questa misura consentir\u00e0 di acquistare circa 200.000 veicoli elettrici nel corso dell'anno. Tuttavia, i furgoni elettrici o a idrogeno non sono pi\u00f9 ammissibili a questo programma.<\/p>\n\n\n\n<h2 class=\"wp-block-heading\"><strong>Promuovere il Pacchetto Mobilit\u00e0 Sostenibile (FMD) per una mobilit\u00e0 pi\u00f9 verde<\/strong><\/h2>\n\n\n\n<figure class=\"wp-block-image size-full is-resized\"><img loading=\"lazy\" decoding=\"async\" width=\"1024\" height=\"644\" src=\"https:\/\/bu.optimum-automotive.com\/wp-content\/uploads\/2025\/02\/arton8515.jpg\" alt=\"\" class=\"wp-image-5598\" style=\"width:837px;height:auto\" srcset=\"https:\/\/bu.optimum-automotive.com\/wp-content\/uploads\/2025\/02\/arton8515.jpg 1024w, https:\/\/bu.optimum-automotive.com\/wp-content\/uploads\/2025\/02\/arton8515-300x189.jpg 300w, https:\/\/bu.optimum-automotive.com\/wp-content\/uploads\/2025\/02\/arton8515-768x483.jpg 768w, https:\/\/bu.optimum-automotive.com\/wp-content\/uploads\/2025\/02\/arton8515-18x12.jpg 18w\" sizes=\"auto, (max-width: 1024px) 100vw, 1024px\" \/><\/figure>\n\n\n\n<p class=\"has-text-align-left\">Le <a href=\"https:\/\/www.ecologie.gouv.fr\/politiques-publiques\/faq-forfait-mobilites-durables-fmd\">FMD<\/a> \u00e8 una soluzione chiave per incoraggiare l'uso di modalit\u00e0 di trasporto alternative. Consente ai datori di lavoro di pagare le spese di viaggio dei dipendenti che scelgono un mezzo di trasporto pi\u00f9 ecologico per recarsi al lavoro. Dal 1\u00b0 gennaio 2025, il FMD include ora il car-pooling, anche con un familiare. Le somme versate restano esenti da contributi sociali e CSG-CRDS fino a 600 euro\/anno.<\/p>\n\n\n\n<p class=\"has-text-align-left\">Anzich\u00e9 limitarsi a sostituire i veicoli a combustione interna con quelli elettrici, l'ecologizzazione delle flotte include ora soluzioni sostenibili come il car-sharing. Adottare la FMD significa investire in una mobilit\u00e0 pi\u00f9 responsabile e ottimizzata per le aziende e i loro dipendenti.<\/p>\n\n\n\n<h2 class=\"wp-block-heading\"><strong>Conclusione: una tassazione pi\u00f9 restrittiva, una sfida per le imprese<\/strong><\/h2>\n\n\n\n<p>Le nuove misure fiscali per il 2025 trasformeranno il modo in cui vengono gestiti i parchi auto. Aumentano le tasse e riducono il sostegno all'elettrificazione. Inoltre, impongono sanzioni alle aziende che rimangono indietro.<\/p>\n\n\n\n<p>Le aziende devono gestire le loro flotte come una questione strategica. Devono anticipare questi cambiamenti e adattare la loro politica di mobilit\u00e0. In questo modo potranno rimanere competitive e conformi alle normative.<\/p>\n\n\n\n<p>La transizione energetica nell'industria automobilistica continua, ma gli incentivi finanziari stanno diminuendo. Le aziende devono ottimizzare la scelta dei veicoli per limitare l'impatto fiscale. Inoltre, devono mantenere una mobilit\u00e0 sostenibile.<\/p>\n\n\n\n<p><\/p>","protected":false},"excerpt":{"rendered":"<p>Le nuove riforme fiscali cambieranno radicalmente il modo in cui le aziende pagheranno le tasse automobilistiche a partire dal 2025. I veicoli considerati inquinanti saranno tassati pi\u00f9 pesantemente, mentre il sostegno alla transizione energetica sar\u00e0 ridotto.<\/p>","protected":false},"author":2,"featured_media":5603,"comment_status":"closed","ping_status":"closed","sticky":false,"template":"","format":"standard","meta":{"_coblocks_attr":"","_coblocks_dimensions":"","_coblocks_responsive_height":"","_coblocks_accordion_ie_support":"","_uag_custom_page_level_css":"","footnotes":""},"categories":[13],"tags":[],"class_list":["post-5583","post","type-post","status-publish","format-standard","has-post-thumbnail","hentry","category-gestion-de-flotte"],"uagb_featured_image_src":{"full":["https:\/\/bu.optimum-automotive.com\/wp-content\/uploads\/2025\/02\/pour-article-FRANCK.jpg",800,374,false],"thumbnail":["https:\/\/bu.optimum-automotive.com\/wp-content\/uploads\/2025\/02\/pour-article-FRANCK-150x150.jpg",150,150,true],"medium":["https:\/\/bu.optimum-automotive.com\/wp-content\/uploads\/2025\/02\/pour-article-FRANCK-300x140.jpg",300,140,true],"medium_large":["https:\/\/bu.optimum-automotive.com\/wp-content\/uploads\/2025\/02\/pour-article-FRANCK-768x359.jpg",768,359,true],"large":["https:\/\/bu.optimum-automotive.com\/wp-content\/uploads\/2025\/02\/pour-article-FRANCK.jpg",800,374,false],"1536x1536":["https:\/\/bu.optimum-automotive.com\/wp-content\/uploads\/2025\/02\/pour-article-FRANCK.jpg",800,374,false],"2048x2048":["https:\/\/bu.optimum-automotive.com\/wp-content\/uploads\/2025\/02\/pour-article-FRANCK.jpg",800,374,false],"trp-custom-language-flag":["https:\/\/bu.optimum-automotive.com\/wp-content\/uploads\/2025\/02\/pour-article-FRANCK-18x8.jpg",18,8,true]},"uagb_author_info":{"display_name":"f.gaultier@optimum-automotive.com","author_link":"https:\/\/bu.optimum-automotive.com\/it\/author\/f-gaultieroptimum-automotive-com\/"},"uagb_comment_info":0,"uagb_excerpt":"Les nouvelles r\u00e9formes fiscales vont modifier en profondeur la fiscalit\u00e9 automobile des entreprises d\u00e8s 2025. Les v\u00e9hicules jug\u00e9s polluants seront davantage tax\u00e9s, tandis que les aides \u00e0 la transition \u00e9nerg\u00e9tique seront r\u00e9duites.","_links":{"self":[{"href":"https:\/\/bu.optimum-automotive.com\/it\/wp-json\/wp\/v2\/posts\/5583","targetHints":{"allow":["GET"]}}],"collection":[{"href":"https:\/\/bu.optimum-automotive.com\/it\/wp-json\/wp\/v2\/posts"}],"about":[{"href":"https:\/\/bu.optimum-automotive.com\/it\/wp-json\/wp\/v2\/types\/post"}],"author":[{"embeddable":true,"href":"https:\/\/bu.optimum-automotive.com\/it\/wp-json\/wp\/v2\/users\/2"}],"replies":[{"embeddable":true,"href":"https:\/\/bu.optimum-automotive.com\/it\/wp-json\/wp\/v2\/comments?post=5583"}],"version-history":[{"count":21,"href":"https:\/\/bu.optimum-automotive.com\/it\/wp-json\/wp\/v2\/posts\/5583\/revisions"}],"predecessor-version":[{"id":5611,"href":"https:\/\/bu.optimum-automotive.com\/it\/wp-json\/wp\/v2\/posts\/5583\/revisions\/5611"}],"wp:featuredmedia":[{"embeddable":true,"href":"https:\/\/bu.optimum-automotive.com\/it\/wp-json\/wp\/v2\/media\/5603"}],"wp:attachment":[{"href":"https:\/\/bu.optimum-automotive.com\/it\/wp-json\/wp\/v2\/media?parent=5583"}],"wp:term":[{"taxonomy":"category","embeddable":true,"href":"https:\/\/bu.optimum-automotive.com\/it\/wp-json\/wp\/v2\/categories?post=5583"},{"taxonomy":"post_tag","embeddable":true,"href":"https:\/\/bu.optimum-automotive.com\/it\/wp-json\/wp\/v2\/tags?post=5583"}],"curies":[{"name":"wp","href":"https:\/\/api.w.org\/{rel}","templated":true}]}}