{"id":5645,"date":"2025-03-03T11:33:40","date_gmt":"2025-03-03T10:33:40","guid":{"rendered":"https:\/\/www.optimum-automotive.com\/?p=5645"},"modified":"2025-03-05T12:06:53","modified_gmt":"2025-03-05T11:06:53","slug":"avantages-en-nature-vehicules-de-fonction-2025","status":"publish","type":"post","link":"https:\/\/bu.optimum-automotive.com\/it\/benefit-in-natura-auto-aziendali-2025\/","title":{"rendered":"Riforma delle prestazioni in natura per i veicoli: applicazione retroattiva al 1\u00b0 febbraio 2025"},"content":{"rendered":"<div class=\"wp-block-uagb-image aligncenter uagb-block-8c9b07e9 wp-block-uagb-image--layout-default wp-block-uagb-image--effect-static wp-block-uagb-image--align-center\"><figure class=\"wp-block-uagb-image__figure\"><img decoding=\"async\" srcset=\"https:\/\/bu.optimum-automotive.com\/wp-content\/uploads\/2025\/03\/Journal_officiel.gif ,https:\/\/bu.optimum-automotive.com\/wp-content\/uploads\/2025\/03\/Journal_officiel.gif 780w, https:\/\/bu.optimum-automotive.com\/wp-content\/uploads\/2025\/03\/Journal_officiel.gif 360w\" sizes=\"auto, (max-width: 480px) 150px\" src=\"https:\/\/bu.optimum-automotive.com\/wp-content\/uploads\/2025\/03\/Journal_officiel.gif\" alt=\"\" class=\"uag-image-5650\" width=\"259\" height=\"103\" title=\"Giornale_ufficiale\" loading=\"lazy\" role=\"img\"\/><\/figure><\/div>\n\n\n\n<p class=\"has-text-align-left\">Dopo mesi di anticipazioni e indiscrezioni, la riforma delle prestazioni in natura \u00e8 stata ufficialmente pubblicata nel Journal Officiel il 27 febbraio 2025. Si applica retroattivamente dal 1\u00b0 febbraio 2025, anzich\u00e9 dal 1\u00b0 marzo come inizialmente previsto. <br>Questa riforma avr\u00e0 un impatto sia sui veicoli a combustione interna che su quelli elettrici, aumentando i costi per le aziende e i dipendenti. Decifriamo queste misure e le soluzioni per limitarne l'impatto.<\/p>\n\n\n\n<h2 class=\"wp-block-heading\"><strong>Aumento delle tariffe per i veicoli a combustione interna<\/strong><\/h2>\n\n\n\n<p>A partire dal 1\u00b0 febbraio 2025, le aliquote fiscali forfettarie per i veicoli a combustione interna aumenteranno. Questo aumento si basa sulla presunzione di un aumento dell'uso privato delle auto aziendali. Queste modifiche si applicano solo ai veicoli messi a disposizione dopo il 1\u00b0 febbraio 2025:<\/p>\n\n\n\n<ul class=\"wp-block-list\">\n<li><strong>Veicolo acquistato<\/strong> &gt; 5 anni :\n<ul class=\"wp-block-list\">\n<li>10 % del prezzo di acquisto (rispetto agli attuali 6 %)<\/li>\n\n\n\n<li>15 % se si include il carburante (rispetto ai 9 % di oggi)<\/li>\n<\/ul>\n<\/li>\n\n\n\n<li><strong>Veicolo acquistato<\/strong> &lt; 5 anni :\n<ul class=\"wp-block-list\">\n<li>15 % del prezzo di acquisto (rispetto agli attuali 9 %)<\/li>\n\n\n\n<li>20 % se si include il carburante (rispetto ai 12 % di oggi)<\/li>\n<\/ul>\n<\/li>\n\n\n\n<li><strong>Veicolo a noleggio<\/strong> :\n<ul class=\"wp-block-list\">\n<li>50 % del costo annuale (rispetto agli attuali 30 %)<\/li>\n\n\n\n<li>67 % se si include il carburante (rispetto ai 40 % di oggi)<\/li>\n<\/ul>\n<\/li>\n<\/ul>\n\n\n\n<p><br>Questo aumento si basa sul presupposto che l'uso privato dei veicoli rappresenti <strong>Da 50 a 60 % di tempo<\/strong>. Pi\u00f9 avanti in questo articolo vedremo come, grazie a soluzioni come quella proposta da OPTIMUM, sia possibile mettere in discussione questo assunto puramente teorico.<\/p>\n\n\n\n<h2 class=\"wp-block-heading\"><strong>Maggiori sgravi fiscali per i veicoli elettrici<\/strong><\/h2>\n\n\n\n<p>Per promuovere la transizione energetica, l'indennit\u00e0 sui benefici in natura per i veicoli elettrici \u00e8 stata aumentata da 50 % a 70 %. Il limite massimo \u00e8 di 4.582 euro all'anno e rimane valido fino al 31 dicembre 2027.<br>Questa franchigia si applica solo ai veicoli certificati <strong>Ademe eco-score<\/strong>. Come per i modelli a combustione, questa modifica si applica solo ai veicoli disponibili dal 1\u00b0 gennaio 2010.<sup>er<\/sup>&nbsp;Febbraio 2025<\/p>\n\n\n\n<h2 class=\"wp-block-heading\"><strong>Punti di ricarica ed esenzione fiscale<\/strong><\/h2>\n\n\n\n<p class=\"has-text-align-left\">Fino a quando <strong>2027<\/strong>l'installazione e l'utilizzo di un <strong>punto di ricarica sul posto di lavoro<\/strong> rimanere esenti da imposte. <br>Se il datore di lavoro finanzia un terminale nell'abitazione del dipendente, si applica un'esenzione dai contributi previdenziali fino a un limite di :<\/p>\n\n\n\n<p class=\"has-text-align-left\"><strong>1.565,20 euro<\/strong> per un terminale di oltre cinque anni<\/p>\n\n\n\n<p><strong>1043,50 euro<\/strong> per un nuovo dissuasore<\/p>\n\n\n\n<h2 class=\"wp-block-heading\"><strong>Come ottimizzare la strategia di gestione della flotta?<\/strong><\/h2>\n\n\n\n<p>Esistono diverse strategie possibili per limitare l'impatto di questa riforma:<\/p>\n\n\n\n<p><strong>Confronto tra acquisto e leasing<\/strong> L'aumento dei tassi forfettari comporta la necessit\u00e0 di riconsiderare il metodo di acquisizione.<\/p>\n\n\n\n<p><strong>Favorire i veicoli elettrici eco-certificati<\/strong> :<br>Per beneficiare della detrazione 70 % (fino a un massimo di 4.582 euro all'anno), le aziende devono ripensare la loro Car Policy. Per farlo, devono privilegiare i veicoli con un buon punteggio ambientale, scegliendoli dall'elenco stilato da Ademe.<\/p>\n\n\n\n<p><strong>Anticipare i costi dei punti di ricarica<\/strong> e beneficiare di esenzioni fiscali prima del 2027.<\/p>\n\n\n\n<p><strong>Confronto tra acquisto e leasing<\/strong> L'aumento dei tassi forfettari comporta la necessit\u00e0 di riconsiderare il metodo di acquisizione.<\/p>\n\n\n\n<p><strong>Favorire i veicoli elettrici eco-certificati<\/strong> :<br>Per beneficiare della detrazione 70 % (fino a un massimo di 4.582 euro all'anno), le aziende devono ripensare la loro Car Policy. Per farlo, devono privilegiare i veicoli con un buon punteggio ambientale, scegliendoli dall'elenco stilato da Ademe.<\/p>\n\n\n\n<p><strong>Anticipare i costi dei punti di ricarica<\/strong> e beneficiare di esenzioni fiscali prima del 2027.<\/p>\n\n\n\n<p><strong>Dichiarare le prestazioni in natura su base effettiva :<\/strong> pagare non sulla base di una stima teorica, ma sull'utilizzo effettivo.<br>La soluzione di gestione del parco veicoli OPTIMUM permette di distinguere tra chilometraggio privato e aziendale!<br>Come si fa? Creando dei modelli (modificabili) che possono essere utilizzati, tramite una casella telematica, per assegnare i chilometri percorsi alla casella \"privato\" o alla casella \"professionista\". <br>La piattaforma OPTIMUM pu\u00f2 essere utilizzata per eseguire simulazioni fiscali e aiutarvi a scegliere l'opzione pi\u00f9 vantaggiosa tra la tassazione effettiva e quella forfettaria.<\/p>\n\n\n\n<h2 class=\"wp-block-heading\"><strong>Conclusione<\/strong><\/h2>\n\n\n\n<p>Questa riforma avr\u00e0 un forte impatto sulla tassazione delle auto aziendali. L'aumento degli oneri sui veicoli a combustione interna e gli incentivi per i veicoli elettrici influenzeranno le decisioni dei gestori di flotte. Ma al di l\u00e0 delle scelte da fare in termini di Car Policy, esistono soluzioni per limitare l'impatto della tassazione dei benefit in natura.<\/p>\n\n\n\n<p class=\"has-text-align-left\"><\/p>\n\n\n\n<p><\/p>","protected":false},"excerpt":{"rendered":"<p>Le nuove riforme fiscali cambieranno radicalmente il modo in cui le aziende pagheranno le tasse automobilistiche a partire dal 2025. I veicoli considerati inquinanti saranno tassati pi\u00f9 pesantemente, mentre il sostegno alla transizione energetica sar\u00e0 ridotto.<\/p>","protected":false},"author":2,"featured_media":5684,"comment_status":"closed","ping_status":"closed","sticky":false,"template":"","format":"standard","meta":{"_coblocks_attr":"","_coblocks_dimensions":"","_coblocks_responsive_height":"","_coblocks_accordion_ie_support":"","_uag_custom_page_level_css":"","footnotes":""},"categories":[13],"tags":[],"class_list":["post-5645","post","type-post","status-publish","format-standard","has-post-thumbnail","hentry","category-gestion-de-flotte"],"uagb_featured_image_src":{"full":["https:\/\/bu.optimum-automotive.com\/wp-content\/uploads\/2025\/03\/Taille-Vignette-article-site-oa.png",900,421,false],"thumbnail":["https:\/\/bu.optimum-automotive.com\/wp-content\/uploads\/2025\/03\/Taille-Vignette-article-site-oa-150x150.png",150,150,true],"medium":["https:\/\/bu.optimum-automotive.com\/wp-content\/uploads\/2025\/03\/Taille-Vignette-article-site-oa-300x140.png",300,140,true],"medium_large":["https:\/\/bu.optimum-automotive.com\/wp-content\/uploads\/2025\/03\/Taille-Vignette-article-site-oa-768x359.png",768,359,true],"large":["https:\/\/bu.optimum-automotive.com\/wp-content\/uploads\/2025\/03\/Taille-Vignette-article-site-oa.png",900,421,false],"1536x1536":["https:\/\/bu.optimum-automotive.com\/wp-content\/uploads\/2025\/03\/Taille-Vignette-article-site-oa.png",900,421,false],"2048x2048":["https:\/\/bu.optimum-automotive.com\/wp-content\/uploads\/2025\/03\/Taille-Vignette-article-site-oa.png",900,421,false],"trp-custom-language-flag":["https:\/\/bu.optimum-automotive.com\/wp-content\/uploads\/2025\/03\/Taille-Vignette-article-site-oa-18x8.png",18,8,true]},"uagb_author_info":{"display_name":"f.gaultier@optimum-automotive.com","author_link":"https:\/\/bu.optimum-automotive.com\/it\/author\/f-gaultieroptimum-automotive-com\/"},"uagb_comment_info":0,"uagb_excerpt":"Les nouvelles r\u00e9formes fiscales vont modifier en profondeur la fiscalit\u00e9 automobile des entreprises d\u00e8s 2025. Les v\u00e9hicules jug\u00e9s polluants seront davantage tax\u00e9s, tandis que les aides \u00e0 la transition \u00e9nerg\u00e9tique seront r\u00e9duites.","_links":{"self":[{"href":"https:\/\/bu.optimum-automotive.com\/it\/wp-json\/wp\/v2\/posts\/5645","targetHints":{"allow":["GET"]}}],"collection":[{"href":"https:\/\/bu.optimum-automotive.com\/it\/wp-json\/wp\/v2\/posts"}],"about":[{"href":"https:\/\/bu.optimum-automotive.com\/it\/wp-json\/wp\/v2\/types\/post"}],"author":[{"embeddable":true,"href":"https:\/\/bu.optimum-automotive.com\/it\/wp-json\/wp\/v2\/users\/2"}],"replies":[{"embeddable":true,"href":"https:\/\/bu.optimum-automotive.com\/it\/wp-json\/wp\/v2\/comments?post=5645"}],"version-history":[{"count":15,"href":"https:\/\/bu.optimum-automotive.com\/it\/wp-json\/wp\/v2\/posts\/5645\/revisions"}],"predecessor-version":[{"id":5698,"href":"https:\/\/bu.optimum-automotive.com\/it\/wp-json\/wp\/v2\/posts\/5645\/revisions\/5698"}],"wp:featuredmedia":[{"embeddable":true,"href":"https:\/\/bu.optimum-automotive.com\/it\/wp-json\/wp\/v2\/media\/5684"}],"wp:attachment":[{"href":"https:\/\/bu.optimum-automotive.com\/it\/wp-json\/wp\/v2\/media?parent=5645"}],"wp:term":[{"taxonomy":"category","embeddable":true,"href":"https:\/\/bu.optimum-automotive.com\/it\/wp-json\/wp\/v2\/categories?post=5645"},{"taxonomy":"post_tag","embeddable":true,"href":"https:\/\/bu.optimum-automotive.com\/it\/wp-json\/wp\/v2\/tags?post=5645"}],"curies":[{"name":"wp","href":"https:\/\/api.w.org\/{rel}","templated":true}]}}