{"id":5705,"date":"2025-03-19T12:24:45","date_gmt":"2025-03-19T11:24:45","guid":{"rendered":"https:\/\/www.optimum-automotive.com\/?p=5705"},"modified":"2025-03-19T17:39:56","modified_gmt":"2025-03-19T16:39:56","slug":"reforme-des-aen-2025-clarifications","status":"publish","type":"post","link":"https:\/\/bu.optimum-automotive.com\/it\/chiarimenti-sulla-riforma-dellaen-2025\/","title":{"rendered":"Riforma AEN 2025: ecco i chiarimenti!\u00a0"},"content":{"rendered":"<p>La riforma di <strong>Prestazioni in natura<\/strong> (NEA), pubblicato nel Journal Officiel il 27 febbraio 2025, \u00e8 stato chiarito il 12 marzo 2025. La sua applicazione retroattiva al 1<sup>er<\/sup> febbraio 2025, \u00e8 stata una sorpresa per molti gestori di flotte, sollevando una serie di domande e talvolta interpretazioni errate.&nbsp;<\/p>\n\n\n\n<p>Un punto cruciale non era stato chiarito: a cosa si riferisce la data del 1\u00b0 febbraio: alla consegna del veicolo? Alla sua immatricolazione? All'assegnazione al conducente?\u00a0<\/p>\n\n\n\n<p>L'aggiornamento del 12 marzo 2025 del <a href=\"https:\/\/boss.gouv.fr\/portail\/accueil\/actualites-boss\/2025\/mars\/prise-en-compte-de-la-publicatio.html\" target=\"_blank\" rel=\"noreferrer noopener\">Bollettino ufficiale della sicurezza sociale (BOSS)<\/a> fornisce chiarimenti essenziali (e qualche nuova sorpresa) per i gestori di parchi auto.&nbsp;<\/p>\n\n\n\n<h2 class=\"wp-block-heading\"><strong>Date da ricordare per le nuove regole NEA\u00a0<\/strong><\/h2>\n\n\n\n<p>Il <strong>si applicano le nuove regole NEA<\/strong> auto aziendali <strong>resi disponibili dopo il 1\u00b0 febbraio 2025<\/strong>. Questo riguarda :&nbsp;<\/p>\n\n\n\n<ul class=\"wp-block-list\">\n<li><strong>Integrazione di un nuovo veicolo<\/strong> nella flotta.\u00a0<\/li>\n<\/ul>\n\n\n\n<ul class=\"wp-block-list\">\n<li><strong>Riassegnare un veicolo esistente<\/strong> ad un altro dipendente dopo tale data.\u00a0<\/li>\n<\/ul>\n\n\n\n<p>L'amministrazione specifica che il <strong>data di concessione,<\/strong> <strong>tra l'azienda e il dipendente, \u00e8 il riferimento per determinare il regime applicabile.<\/strong>&nbsp;<\/p>\n\n\n\n<p>Per i veicoli assegnati <strong>prima<\/strong> il 1\u00b0 febbraio 2025, rimane in vigore il vecchio regime fiscale (pi\u00f9 favorevole alle aziende e ai dipendenti).&nbsp;&nbsp;<\/p>\n\n\n\n<h2 class=\"wp-block-heading\"><strong>Le nuove tariffe NEA\u00a0\u00a0<\/strong><\/h2>\n\n\n\n<p>I nuovi tassi forfettari sono ora :&nbsp;<\/p>\n\n\n\n<ul class=\"wp-block-list\">\n<li><strong>Veicoli in leasing<\/strong> : <strong>50 %<\/strong> del costo dell'affitto (rispetto al 30 % precedente). Con il rimborso del carburante, il tasso sale a <strong>67 %<\/strong> (rispetto a 40 %).\u00a0<\/li>\n<\/ul>\n\n\n\n<p><strong>Veicoli acquistati<\/strong> : <strong>15 %<\/strong> del costo di acquisto (rispetto al 9 %). Per i veicoli con pi\u00f9 di cinque anni, l'aliquota passer\u00e0 da <strong>Da 6 % a 10 %<\/strong>. Nel caso del rimborso del carburante, le tariffe raggiungono <strong>20 %<\/strong> o <strong>15 % per veicoli pi\u00f9 vecchi<\/strong>.\u00a0<\/p>\n\n\n\n<figure class=\"wp-block-image size-full is-resized\"><img loading=\"lazy\" decoding=\"async\" width=\"3069\" height=\"1112\" src=\"https:\/\/bu.optimum-automotive.com\/wp-content\/uploads\/2025\/03\/Image4-1.png\" alt=\"\" class=\"wp-image-5713\" style=\"width:837px;height:auto\" srcset=\"https:\/\/bu.optimum-automotive.com\/wp-content\/uploads\/2025\/03\/Image4-1.png 3069w, https:\/\/bu.optimum-automotive.com\/wp-content\/uploads\/2025\/03\/Image4-1-300x109.png 300w, https:\/\/bu.optimum-automotive.com\/wp-content\/uploads\/2025\/03\/Image4-1-1024x371.png 1024w, https:\/\/bu.optimum-automotive.com\/wp-content\/uploads\/2025\/03\/Image4-1-768x278.png 768w, https:\/\/bu.optimum-automotive.com\/wp-content\/uploads\/2025\/03\/Image4-1-1536x557.png 1536w, https:\/\/bu.optimum-automotive.com\/wp-content\/uploads\/2025\/03\/Image4-1-2048x742.png 2048w, https:\/\/bu.optimum-automotive.com\/wp-content\/uploads\/2025\/03\/Image4-1-18x7.png 18w\" sizes=\"auto, (max-width: 3069px) 100vw, 3069px\" \/><\/figure>\n\n\n\n<h2 class=\"wp-block-heading\"><strong>Veicoli elettrici: sgravi fiscali soggetti a condizioni<\/strong>&nbsp;<\/h2>\n\n\n\n<p class=\"has-text-align-left\">I veicoli elettrici stanno beneficiando di un aumento della<strong>indennit\u00e0 (rivalutata a 70 %)<\/strong> fino a quando <strong>31 dicembre 2027<\/strong>. Tuttavia, questa riduzione \u00e8 riservata a <strong>modelli eco-segnalati<\/strong>. Solo le auto che soddisfano i criteri ambientali definiti da Ademe possono beneficiare di questo vantaggio.&nbsp;<\/p>\n\n\n\n<ul class=\"wp-block-list\">\n<li><strong>Soffitto rialzato<\/strong> l'indennit\u00e0 \u00e8 ora limitata a <strong>4.582 all'anno<\/strong> (rispetto ai precedenti 2.000,30 euro).\u00a0<\/li>\n<\/ul>\n\n\n\n<p>Il <strong>veicoli elettrici non ecologici<\/strong>reso disponibile dopo la <strong>1\u00b0 febbraio 2025<\/strong>, <strong>non beneficiano pi\u00f9 di questa indennit\u00e0<\/strong>.\u00a0<\/p>\n\n\n\n<h2 class=\"wp-block-heading\"><strong>La ricarica elettrica, finanziata dall'azienda, viene mantenuta<\/strong>&nbsp;<\/h2>\n\n\n\n<p>I datori di lavoro possono sempre fornire <strong>stazioni di ricarica<\/strong> per i dipendenti <strong>nessun impatto sui NEA<\/strong>. L'esenzione \u00e8 prorogata fino al <strong>31 dicembre 2027<\/strong>.\u00a0<\/p>\n\n\n\n<h2 class=\"wp-block-heading\"><strong>Come possiamo limitare l'impatto della riforma della NEA?\u00a0<\/strong><\/h2>\n\n\n\n<p>Esistono diverse strategie per ottimizzare la gestione della flotta alla luce delle nuove norme:&nbsp;<\/p>\n\n\n\n<ul class=\"wp-block-list\">\n<li><strong>Confronto tra acquisto e leasing<\/strong> L'aumento delle tariffe forfettarie comporta la necessit\u00e0 di rivalutare il metodo di acquisizione per limitare i costi.\u00a0<\/li>\n<\/ul>\n\n\n\n<ul class=\"wp-block-list\">\n<li><strong>Favorire i veicoli elettrici eco-certificati<\/strong> Per qualificarsi per il <strong>70 %<\/strong>\u00e8 essenziale adattare il <strong>Polizza auto<\/strong> selezionando i veicoli che soddisfano i criteri del<strong>Ademe<\/strong>.\u00a0<\/li>\n<\/ul>\n\n\n\n<ul class=\"wp-block-list\">\n<li><strong>Anticipare i costi dei punti di ricarica<\/strong> : usufruire delle esenzioni fiscali in vigore prima di <strong>2027<\/strong> ci permette di controllare meglio i costi associati all'elettrificazione della flotta.\u00a0<\/li>\n<\/ul>\n\n\n\n<ul class=\"wp-block-list\">\n<li><strong>Dichiarare i NEA su base effettiva<\/strong> tasse: anzich\u00e9 utilizzare una stima teorica, una dichiarazione basata sull'uso effettivo consente di ottimizzare la tassazione.\u00a0<\/li>\n<\/ul>\n\n\n\n<p>La soluzione di gestione della flotta <strong>OPTIMUM<\/strong> facilita questo approccio distinguendo tra chilometraggio aziendale e privato. Grazie a un <strong>scatola telematica<\/strong>Assegna automaticamente i viaggi alla categoria corretta e genera <strong>simulazioni fiscali<\/strong> scegliere il metodo pi\u00f9 vantaggioso tra <strong>forfettario e reale<\/strong>.&nbsp;<br><a href=\"https:\/\/bu.optimum-automotive.com\/it\/demo\/\" target=\"_blank\" rel=\"noreferrer noopener\">Parlate con noi!<\/a>&nbsp;<\/p>\n\n\n\n<figure class=\"wp-block-image size-full is-resized\"><img loading=\"lazy\" decoding=\"async\" width=\"2560\" height=\"936\" src=\"https:\/\/bu.optimum-automotive.com\/wp-content\/uploads\/2025\/03\/stylo-1-scaled.jpg\" alt=\"\" class=\"wp-image-5714\" style=\"width:837px;height:auto\" srcset=\"https:\/\/bu.optimum-automotive.com\/wp-content\/uploads\/2025\/03\/stylo-1-scaled.jpg 2560w, https:\/\/bu.optimum-automotive.com\/wp-content\/uploads\/2025\/03\/stylo-1-300x110.jpg 300w, https:\/\/bu.optimum-automotive.com\/wp-content\/uploads\/2025\/03\/stylo-1-1024x374.jpg 1024w, https:\/\/bu.optimum-automotive.com\/wp-content\/uploads\/2025\/03\/stylo-1-768x281.jpg 768w, https:\/\/bu.optimum-automotive.com\/wp-content\/uploads\/2025\/03\/stylo-1-1536x562.jpg 1536w, https:\/\/bu.optimum-automotive.com\/wp-content\/uploads\/2025\/03\/stylo-1-2048x749.jpg 2048w, https:\/\/bu.optimum-automotive.com\/wp-content\/uploads\/2025\/03\/stylo-1-18x7.jpg 18w\" sizes=\"auto, (max-width: 2560px) 100vw, 2560px\" \/><\/figure>\n\n\n\n<h2 class=\"wp-block-heading\"><strong>In conclusione<\/strong><\/h2>\n\n\n\n<p class=\"has-text-align-left\">Con questa riforma, \u00e8 essenziale monitorare accuratamente la <strong>data di assegnazione del veicolo<\/strong>. Qualsiasi nuova assegnazione o riassegnazione dopo il <strong>1\u00b0 febbraio 2025<\/strong> risulter\u00e0 nell'applicazione di <strong>nuove tariffe NEA<\/strong>.&nbsp;<\/p>\n\n\n\n<p class=\"has-text-align-left\"><strong>In entrambi i casi, l'uso di un <\/strong><a href=\"https:\/\/bu.optimum-automotive.com\/it\/demo\/\" target=\"_blank\" rel=\"noreferrer noopener\"><strong>software di gestione della flotta<\/strong><\/a> sta diventando essenziale per ottimizzare la tracciabilit\u00e0 e la tassazione dei veicoli. Anticipate subito questi cambiamenti per evitare brutte sorprese!&nbsp;<\/p>\n\n\n\n<p><\/p>","protected":false},"excerpt":{"rendered":"<p>Per saperne di pi\u00f9 sulla riforma della NEA 2025: regole, tariffe riviste e strategie per ottimizzare la gestione della flotta.<\/p>","protected":false},"author":4,"featured_media":5708,"comment_status":"closed","ping_status":"closed","sticky":false,"template":"","format":"standard","meta":{"_coblocks_attr":"","_coblocks_dimensions":"","_coblocks_responsive_height":"","_coblocks_accordion_ie_support":"","_uag_custom_page_level_css":"","footnotes":""},"categories":[17],"tags":[],"class_list":["post-5705","post","type-post","status-publish","format-standard","has-post-thumbnail","hentry","category-electrification-des-flottes"],"uagb_featured_image_src":{"full":["https:\/\/bu.optimum-automotive.com\/wp-content\/uploads\/2025\/03\/vignette-aen.png",900,421,false],"thumbnail":["https:\/\/bu.optimum-automotive.com\/wp-content\/uploads\/2025\/03\/vignette-aen-150x150.png",150,150,true],"medium":["https:\/\/bu.optimum-automotive.com\/wp-content\/uploads\/2025\/03\/vignette-aen-300x140.png",300,140,true],"medium_large":["https:\/\/bu.optimum-automotive.com\/wp-content\/uploads\/2025\/03\/vignette-aen-768x359.png",768,359,true],"large":["https:\/\/bu.optimum-automotive.com\/wp-content\/uploads\/2025\/03\/vignette-aen.png",900,421,false],"1536x1536":["https:\/\/bu.optimum-automotive.com\/wp-content\/uploads\/2025\/03\/vignette-aen.png",900,421,false],"2048x2048":["https:\/\/bu.optimum-automotive.com\/wp-content\/uploads\/2025\/03\/vignette-aen.png",900,421,false],"trp-custom-language-flag":["https:\/\/bu.optimum-automotive.com\/wp-content\/uploads\/2025\/03\/vignette-aen-18x8.png",18,8,true]},"uagb_author_info":{"display_name":"m.rochard@optimum-automotive.com","author_link":"https:\/\/bu.optimum-automotive.com\/it\/author\/m-rochardoptimum-automotive-com\/"},"uagb_comment_info":0,"uagb_excerpt":"D\u00e9couvrez les clarifications sur la r\u00e9forme des AEN 2025 : r\u00e8gles, taux r\u00e9vis\u00e9s, et strat\u00e9gies pour optimiser la gestion de flotte.","_links":{"self":[{"href":"https:\/\/bu.optimum-automotive.com\/it\/wp-json\/wp\/v2\/posts\/5705","targetHints":{"allow":["GET"]}}],"collection":[{"href":"https:\/\/bu.optimum-automotive.com\/it\/wp-json\/wp\/v2\/posts"}],"about":[{"href":"https:\/\/bu.optimum-automotive.com\/it\/wp-json\/wp\/v2\/types\/post"}],"author":[{"embeddable":true,"href":"https:\/\/bu.optimum-automotive.com\/it\/wp-json\/wp\/v2\/users\/4"}],"replies":[{"embeddable":true,"href":"https:\/\/bu.optimum-automotive.com\/it\/wp-json\/wp\/v2\/comments?post=5705"}],"version-history":[{"count":5,"href":"https:\/\/bu.optimum-automotive.com\/it\/wp-json\/wp\/v2\/posts\/5705\/revisions"}],"predecessor-version":[{"id":5719,"href":"https:\/\/bu.optimum-automotive.com\/it\/wp-json\/wp\/v2\/posts\/5705\/revisions\/5719"}],"wp:featuredmedia":[{"embeddable":true,"href":"https:\/\/bu.optimum-automotive.com\/it\/wp-json\/wp\/v2\/media\/5708"}],"wp:attachment":[{"href":"https:\/\/bu.optimum-automotive.com\/it\/wp-json\/wp\/v2\/media?parent=5705"}],"wp:term":[{"taxonomy":"category","embeddable":true,"href":"https:\/\/bu.optimum-automotive.com\/it\/wp-json\/wp\/v2\/categories?post=5705"},{"taxonomy":"post_tag","embeddable":true,"href":"https:\/\/bu.optimum-automotive.com\/it\/wp-json\/wp\/v2\/tags?post=5705"}],"curies":[{"name":"wp","href":"https:\/\/api.w.org\/{rel}","templated":true}]}}