{"id":721,"date":"2020-01-22T09:43:07","date_gmt":"2020-01-22T08:43:07","guid":{"rendered":"http:\/\/127.0.0.1\/GAimport\/2020\/01\/22\/sur-flotauto-le-06-02-20\/"},"modified":"2025-01-21T16:36:26","modified_gmt":"2025-01-21T15:36:26","slug":"sur-flotauto-le-06-02-20","status":"publish","type":"post","link":"https:\/\/bu.optimum-automotive.com\/it\/su-flotauto-il-06-02-20\/","title":{"rendered":"Optimum Automotive espone su Flotauto, 06\/02\/20"},"content":{"rendered":"<p>Optimum Automotive sar\u00e0 presente al 9<sup>th<\/sup> edizione del salone Flotauto, che si terr\u00e0 il 06\/02\/20 presso la Grande Halle de la Villette.<\/p>\n\n\n\n<p><strong>Venite a trovarci al nostro stand C24\/C26\/C28<\/strong> per scoprire le nostre soluzioni di gestione della flotta a 360\u00b0 per<\/p>\n\n\n\n<ul class=\"wp-block-list\">\n<li>ottimizzare i costi, i contratti e la manutenzione<\/li>\n\n\n\n<li>Motorizzazione della flotta ecologica e comportamento stradale<\/li>\n\n\n\n<li>Introdurre e facilitare l'adozione di nuove forme di mobilit\u00e0<\/li>\n<\/ul>\n\n\n\n<p>Optimum Automotive ospiter\u00e0 2 conferenze in questa occasione:<\/p>\n\n\n\n<h2 class=\"wp-block-heading\">Conferenza: \"Telematica di bordo: costruire un cruscotto\".<\/h2>\n\n\n\n<p><strong>Gioved\u00ec 6 febbraio 2020 dalle 9.15 alle 10.00, Sala D.<\/strong><\/p>\n\n\n\n<h2 class=\"wp-block-heading\">Workshop di soluzioni: \"Le nuove sfide della gestione della flotta<\/h2>\n\n\n\n<p><strong>Gioved\u00ec 6 febbraio 2020 dalle 12.00 alle 12.45, Sala A.<\/strong><\/p>\n\n\n<div class=\"wp-block-image\">\n<figure class=\"aligncenter\"><img decoding=\"async\" src=\"https:\/\/bu.optimum-automotive.com\/local\/cache-vignettes\/L500xH152\/001-1d73f.jpg?1717407497\" alt=\"https:\/\/bu.optimum-automotive.com\/local\/cache-vignettes\/L500xH152\/001-1d73f.jpg?1717407497\"\/><\/figure><\/div>","protected":false},"excerpt":{"rendered":"<p>Optimum Automotive sar\u00e0 presente alla 9\u00b0 edizione della fiera Flotauto che si terr\u00e0 il 06\/02\/20 presso la Grande Halle de la Villette. Venite a trovarci al nostro stand C24\/C26\/C28 per scoprire le nostre soluzioni di gestione della flotta a 360\u00b0 per l'industria automobilistica. In questa occasione, Optimum Automotive ospiter\u00e0 2 conferenze: Conferenza: \"Telematica di bordo: costruire un sistema integrato [...]<\/p>","protected":false},"author":1,"featured_media":1762,"comment_status":"closed","ping_status":"open","sticky":false,"template":"","format":"standard","meta":{"_coblocks_attr":"","_coblocks_dimensions":"","_coblocks_responsive_height":"","_coblocks_accordion_ie_support":"","_uag_custom_page_level_css":"","footnotes":""},"categories":[4],"tags":[],"class_list":["post-721","post","type-post","status-publish","format-standard","has-post-thumbnail","hentry","category-actualites"],"uagb_featured_image_src":{"full":["https:\/\/bu.optimum-automotive.com\/wp-content\/uploads\/2020\/01\/01.jpg",431,252,false],"thumbnail":["https:\/\/bu.optimum-automotive.com\/wp-content\/uploads\/2020\/01\/01-150x150.jpg",150,150,true],"medium":["https:\/\/bu.optimum-automotive.com\/wp-content\/uploads\/2020\/01\/01-300x175.jpg",300,175,true],"medium_large":["https:\/\/bu.optimum-automotive.com\/wp-content\/uploads\/2020\/01\/01.jpg",431,252,false],"large":["https:\/\/bu.optimum-automotive.com\/wp-content\/uploads\/2020\/01\/01.jpg",431,252,false],"1536x1536":["https:\/\/bu.optimum-automotive.com\/wp-content\/uploads\/2020\/01\/01.jpg",431,252,false],"2048x2048":["https:\/\/bu.optimum-automotive.com\/wp-content\/uploads\/2020\/01\/01.jpg",431,252,false],"trp-custom-language-flag":["https:\/\/bu.optimum-automotive.com\/wp-content\/uploads\/2020\/01\/01.jpg",18,12,false]},"uagb_author_info":{"display_name":"camaleon","author_link":"https:\/\/bu.optimum-automotive.com\/it\/author\/camaleon\/"},"uagb_comment_info":0,"uagb_excerpt":"Optimum Automotive sera pr\u00e9sent sur la 9\u00e8me \u00e9dition du salon Flotauto qui se d\u00e9roulera le 06\/02\/20 \u00e0 la Grande Halle de la Villette. Retrouvez-nous sur notre stand C24\/C26\/C28 pour d\u00e9couvrir nos solutions de gestion de flotte 360\u00b0 pour \u00c0 cette occasion Optimum Automotive animera 2 conf\u00e9rences : Conf\u00e9rence : \u00ab T\u00e9l\u00e9matique embarqu\u00e9e : construire un&hellip;","_links":{"self":[{"href":"https:\/\/bu.optimum-automotive.com\/it\/wp-json\/wp\/v2\/posts\/721","targetHints":{"allow":["GET"]}}],"collection":[{"href":"https:\/\/bu.optimum-automotive.com\/it\/wp-json\/wp\/v2\/posts"}],"about":[{"href":"https:\/\/bu.optimum-automotive.com\/it\/wp-json\/wp\/v2\/types\/post"}],"author":[{"embeddable":true,"href":"https:\/\/bu.optimum-automotive.com\/it\/wp-json\/wp\/v2\/users\/1"}],"replies":[{"embeddable":true,"href":"https:\/\/bu.optimum-automotive.com\/it\/wp-json\/wp\/v2\/comments?post=721"}],"version-history":[{"count":2,"href":"https:\/\/bu.optimum-automotive.com\/it\/wp-json\/wp\/v2\/posts\/721\/revisions"}],"predecessor-version":[{"id":1766,"href":"https:\/\/bu.optimum-automotive.com\/it\/wp-json\/wp\/v2\/posts\/721\/revisions\/1766"}],"wp:featuredmedia":[{"embeddable":true,"href":"https:\/\/bu.optimum-automotive.com\/it\/wp-json\/wp\/v2\/media\/1762"}],"wp:attachment":[{"href":"https:\/\/bu.optimum-automotive.com\/it\/wp-json\/wp\/v2\/media?parent=721"}],"wp:term":[{"taxonomy":"category","embeddable":true,"href":"https:\/\/bu.optimum-automotive.com\/it\/wp-json\/wp\/v2\/categories?post=721"},{"taxonomy":"post_tag","embeddable":true,"href":"https:\/\/bu.optimum-automotive.com\/it\/wp-json\/wp\/v2\/tags?post=721"}],"curies":[{"name":"wp","href":"https:\/\/api.w.org\/{rel}","templated":true}]}}