{"id":737,"date":"2020-06-30T07:28:37","date_gmt":"2020-06-30T05:28:37","guid":{"rendered":"http:\/\/127.0.0.1\/GAimport\/2020\/06\/30\/sur-les-universites-des-achats-le-08-09-20\/"},"modified":"2025-01-22T11:47:20","modified_gmt":"2025-01-22T10:47:20","slug":"sur-les-universites-des-achats-le-08-09-20","status":"publish","type":"post","link":"https:\/\/bu.optimum-automotive.com\/it\/sullacquisto-di-universita-il-08-09-20\/","title":{"rendered":"OPTIMUM alle Universit\u00e0 acquirenti"},"content":{"rendered":"<h2 class=\"wp-block-heading\">Optimum Automotive sar\u00e0 presente all'Universit\u00e9s des achats l'08\/09\/20.<\/h2>\n\n\n\n<p>Ogni anno il CNA (Conseil National des Achats), l'associazione di riferimento per la funzione acquisti, organizza un grande evento con conferenze plenarie, dibattiti e masterclass.<\/p>\n\n\n\n<p>Poich\u00e9 le flotte di auto rappresentano spesso la seconda voce di spesa di un'azienda, Optimum Automotive ha confermato la propria partecipazione all'evento e ospiter\u00e0 un workshop dedicato all'ottimizzazione a 360\u00b0 delle flotte di auto.<\/p>\n\n\n\n<h2 class=\"wp-block-heading\">COME OTTIMIZZARE L'IMPATTO FINANZIARIO E AMBIENTALE DELLE FLOTTE AUTO?<\/h2>\n\n\n\n<p>In un momento di pressione economica, ecologica e fiscale, quali sono le sfide e gli strumenti necessari per sostenere il cambiamento necessario nella mobilit\u00e0 professionale per :<\/p>\n\n\n\n<ul class=\"wp-block-list\">\n<li>Ottimizzazione di costi, manutenzione e contratti<\/li>\n\n\n\n<li>Flotte di auto e comportamenti stradali pi\u00f9 ecologici<\/li>\n\n\n\n<li>Introduzione e adozione di nuove forme di mobilit\u00e0<\/li>\n<\/ul>\n\n\n\n<p>Optimum Automotive, uno dei principali attori e precursori nel campo dei veicoli connessi, vi offre una panoramica completa di soluzioni innovative basate su Big Data e strumenti di gestione ad alte prestazioni.<\/p>","protected":false},"excerpt":{"rendered":"<p>Optimum Automotive sar\u00e0 presente alla Purchasing Universities l'08\/09\/20. Ogni anno, il CNA (Conseil National des Achats), l'associazione di riferimento per la funzione acquisti, organizza un grande evento con conferenze plenarie, dibattiti e masterclass. Poich\u00e9 il parco veicoli \u00e8 spesso la seconda voce di spesa di un'azienda, Optimum Automotive [...]<\/p>","protected":false},"author":1,"featured_media":1759,"comment_status":"closed","ping_status":"open","sticky":false,"template":"","format":"standard","meta":{"_coblocks_attr":"","_coblocks_dimensions":"","_coblocks_responsive_height":"","_coblocks_accordion_ie_support":"","_uag_custom_page_level_css":"","footnotes":""},"categories":[4],"tags":[],"class_list":["post-737","post","type-post","status-publish","format-standard","has-post-thumbnail","hentry","category-actualites"],"uagb_featured_image_src":{"full":["https:\/\/bu.optimum-automotive.com\/wp-content\/uploads\/2020\/06\/01.jpg",431,252,false],"thumbnail":["https:\/\/bu.optimum-automotive.com\/wp-content\/uploads\/2020\/06\/01-150x150.jpg",150,150,true],"medium":["https:\/\/bu.optimum-automotive.com\/wp-content\/uploads\/2020\/06\/01-300x175.jpg",300,175,true],"medium_large":["https:\/\/bu.optimum-automotive.com\/wp-content\/uploads\/2020\/06\/01.jpg",431,252,false],"large":["https:\/\/bu.optimum-automotive.com\/wp-content\/uploads\/2020\/06\/01.jpg",431,252,false],"1536x1536":["https:\/\/bu.optimum-automotive.com\/wp-content\/uploads\/2020\/06\/01.jpg",431,252,false],"2048x2048":["https:\/\/bu.optimum-automotive.com\/wp-content\/uploads\/2020\/06\/01.jpg",431,252,false],"trp-custom-language-flag":["https:\/\/bu.optimum-automotive.com\/wp-content\/uploads\/2020\/06\/01.jpg",18,12,false]},"uagb_author_info":{"display_name":"camaleon","author_link":"https:\/\/bu.optimum-automotive.com\/it\/author\/camaleon\/"},"uagb_comment_info":0,"uagb_excerpt":"Optimum Automotive sera pr\u00e9sent sur les Universit\u00e9s des achats le 08\/09\/20. Le CNA (Conseil National des Achats), association de r\u00e9f\u00e9rence de la \u00ab fonction achats \u00bb organise comme chaque ann\u00e9e une manifestation d\u2019envergure autour de conf\u00e9rences pl\u00e9ni\u00e8res, ateliers d\u00e9bats, masters classes. La flotte automobile repr\u00e9sentant fr\u00e9quemment le 2nd poste de charges d\u2019une entreprise, Optimum Automotive&hellip;","_links":{"self":[{"href":"https:\/\/bu.optimum-automotive.com\/it\/wp-json\/wp\/v2\/posts\/737","targetHints":{"allow":["GET"]}}],"collection":[{"href":"https:\/\/bu.optimum-automotive.com\/it\/wp-json\/wp\/v2\/posts"}],"about":[{"href":"https:\/\/bu.optimum-automotive.com\/it\/wp-json\/wp\/v2\/types\/post"}],"author":[{"embeddable":true,"href":"https:\/\/bu.optimum-automotive.com\/it\/wp-json\/wp\/v2\/users\/1"}],"replies":[{"embeddable":true,"href":"https:\/\/bu.optimum-automotive.com\/it\/wp-json\/wp\/v2\/comments?post=737"}],"version-history":[{"count":2,"href":"https:\/\/bu.optimum-automotive.com\/it\/wp-json\/wp\/v2\/posts\/737\/revisions"}],"predecessor-version":[{"id":5459,"href":"https:\/\/bu.optimum-automotive.com\/it\/wp-json\/wp\/v2\/posts\/737\/revisions\/5459"}],"wp:featuredmedia":[{"embeddable":true,"href":"https:\/\/bu.optimum-automotive.com\/it\/wp-json\/wp\/v2\/media\/1759"}],"wp:attachment":[{"href":"https:\/\/bu.optimum-automotive.com\/it\/wp-json\/wp\/v2\/media?parent=737"}],"wp:term":[{"taxonomy":"category","embeddable":true,"href":"https:\/\/bu.optimum-automotive.com\/it\/wp-json\/wp\/v2\/categories?post=737"},{"taxonomy":"post_tag","embeddable":true,"href":"https:\/\/bu.optimum-automotive.com\/it\/wp-json\/wp\/v2\/tags?post=737"}],"curies":[{"name":"wp","href":"https:\/\/api.w.org\/{rel}","templated":true}]}}