{"id":2752,"date":"2024-11-04T14:42:55","date_gmt":"2024-11-04T13:42:55","guid":{"rendered":"https:\/\/blog.optimum-automotive.com\/?p=2752"},"modified":"2025-01-21T15:01:48","modified_gmt":"2025-01-21T14:01:48","slug":"fiscalite-des-avantages-en-nature-une-nouvelle-menace-plane-pour-entreprises-et-salaries","status":"publish","type":"post","link":"https:\/\/bu.optimum-automotive.com\/pt\/imposto-sobre-as-prestacoes-em-especie-uma-nova-ameaca-para-as-empresas-e-os-trabalhadores\/","title":{"rendered":"Tributa\u00e7\u00e3o das presta\u00e7\u00f5es em esp\u00e9cie: uma amea\u00e7a para as empresas e os trabalhadores"},"content":{"rendered":"<div class=\"wp-block-image\">\n<figure class=\"alignright size-full\"><img loading=\"lazy\" decoding=\"async\" width=\"261\" height=\"261\" src=\"https:\/\/blog.optimum-automotive.com\/wp-content\/uploads\/2024\/11\/01.png\" alt=\"\" class=\"wp-image-2756\" srcset=\"https:\/\/bu.optimum-automotive.com\/wp-content\/uploads\/2024\/11\/01.png 261w, https:\/\/bu.optimum-automotive.com\/wp-content\/uploads\/2024\/11\/01-150x150.png 150w, https:\/\/bu.optimum-automotive.com\/wp-content\/uploads\/2024\/11\/01-12x12.png 12w\" sizes=\"auto, (max-width: 261px) 100vw, 261px\" \/><\/figure><\/div>\n\n\n<p>O Governo est\u00e1 a considerar a possibilidade de rever a tributa\u00e7\u00e3o das presta\u00e7\u00f5es em esp\u00e9cie (BIN) para os ve\u00edculos das empresas, a fim de aumentar as receitas fiscais. Esta abordagem mais rigorosa poder\u00e1 aumentar os encargos para as empresas e reduzir o poder de compra dos trabalhadores. Em que consiste esta reforma e como podemos antecipar os seus efeitos?<\/p>\n\n\n\n<p><\/p>\n\n\n\n<p><strong>Neste artigo, descubra tudo o que os trabalhadores e as empresas precisam de saber para se anteciparem a estas altera\u00e7\u00f5es e optimizarem a tributa\u00e7\u00e3o dos ve\u00edculos da empresa.<\/strong>.<\/p>\n\n\n\n<h3 class=\"wp-block-heading\"><strong>Reforma da tributa\u00e7\u00e3o das presta\u00e7\u00f5es em esp\u00e9cie dos ve\u00edculos das empresas: quest\u00f5es e impactos<\/strong><\/h3>\n\n\n<div class=\"wp-block-image\">\n<figure class=\"alignleft size-full is-resized\"><img loading=\"lazy\" decoding=\"async\" width=\"846\" height=\"567\" src=\"https:\/\/bu.optimum-automotive.com\/wp-content\/uploads\/2024\/11\/Fotolia_85133296_S.jpg\" alt=\"\" class=\"wp-image-2758\" style=\"width:323px;height:215px\" srcset=\"https:\/\/bu.optimum-automotive.com\/wp-content\/uploads\/2024\/11\/Fotolia_85133296_S.jpg 846w, https:\/\/bu.optimum-automotive.com\/wp-content\/uploads\/2024\/11\/Fotolia_85133296_S-300x201.jpg 300w, https:\/\/bu.optimum-automotive.com\/wp-content\/uploads\/2024\/11\/Fotolia_85133296_S-768x515.jpg 768w, https:\/\/bu.optimum-automotive.com\/wp-content\/uploads\/2024\/11\/Fotolia_85133296_S-18x12.jpg 18w\" sizes=\"auto, (max-width: 846px) 100vw, 846px\" \/><\/figure><\/div>\n\n\n<p>O projeto em an\u00e1lise visa aumentar a tributa\u00e7\u00e3o das presta\u00e7\u00f5es em esp\u00e9cie, com base numa revis\u00e3o das taxas aplicadas aos ve\u00edculos das empresas. Assim, para al\u00e9m das ambi\u00e7\u00f5es financeiras, o Governo considera que a taxa de utiliza\u00e7\u00e3o privada de ve\u00edculos de empresa \u00e9 largamente subestimada. Este facto \u00e9, sem d\u00favida, ainda mais verdadeiro com o desenvolvimento do teletrabalho.<\/p>\n\n\n\n<p>Esta reforma afectar\u00e1 todos os tipos de ve\u00edculos de empresa, sejam eles de combust\u00e3o interna ou el\u00e9ctricos. De acordo com as primeiras informa\u00e7\u00f5es, os ve\u00edculos de combust\u00e3o ser\u00e3o os mais afectados. Nomeadamente, quando os custos de combust\u00edvel s\u00e3o suportados pela empresa. Os ve\u00edculos el\u00e9ctricos, em contrapartida, seriam provavelmente menos afectados por esta proposta de reforma fiscal.<\/p>\n\n\n\n<h3 class=\"wp-block-heading\"><strong>Consequ\u00eancias para as empresas e os trabalhadores<\/strong><\/h3>\n\n\n\n<ol class=\"wp-block-list\">\n<li><strong>Para as empresas<\/strong> Um aumento das contribui\u00e7\u00f5es para a seguran\u00e7a social associadas \u00e0s AEN poder\u00e1 levar as empresas a rever os seus pacotes de benef\u00edcios ou as suas pol\u00edticas de mobilidade. O custo global da gest\u00e3o das frotas de ve\u00edculos poder\u00e1 aumentar. Tal tornaria necess\u00e1ria uma maior otimiza\u00e7\u00e3o das despesas. <\/li>\n\n\n\n<li><strong>Para os trabalhadores<\/strong> Os ve\u00edculos da empresa fazem frequentemente parte integrante dos pacotes de remunera\u00e7\u00e3o dos gestores. Por conseguinte, \u00e9 inscrita uma rubrica \"Presta\u00e7\u00f5es em esp\u00e9cie ve\u00edculo\" no sal\u00e1rio bruto da sua folha de vencimento. Tal como o sal\u00e1rio bruto, esta rubrica or\u00e7amental est\u00e1 sujeita a contribui\u00e7\u00f5es para a seguran\u00e7a social e para a entidade patronal.<br>Com uma tributa\u00e7\u00e3o mais elevada, os montantes deduzidos dos seus recibos de vencimento poder\u00e3o aumentar, reduzindo o seu poder de compra.<\/li>\n<\/ol>\n\n\n\n<h3 class=\"wp-block-heading\">As solu\u00e7\u00f5es da Optimum Automotive para antecipar e otimizar a reforma da NEA<\/h3>\n\n\n<div class=\"wp-block-image\">\n<figure class=\"alignleft size-full\"><a class=\"cta\" href=\"https:\/\/bu.optimum-automotive.com\/pt\/demonstracao\/\" target=\"_blank\" rel=\"noopener\"><img decoding=\"async\" src=\"https:\/\/bu.optimum-automotive.com\/wp-content\/uploads\/2021\/07\/solution_gestion_de_flotte.jpg\" alt=\"\" class=\"wp-image-1298\"\/><\/a><\/figure><\/div>\n\n\n<p>A Optimum Automotive, especialista em gest\u00e3o de frotas desde 2006, oferece v\u00e1rias solu\u00e7\u00f5es para reduzir os custos associados \u00e0s presta\u00e7\u00f5es em esp\u00e9cie. Apresentamos aqui duas estrat\u00e9gias fundamentais para as empresas que pretendem otimizar a sua situa\u00e7\u00e3o fiscal:<\/p>\n\n\n<div class=\"wp-block-image\">\n<figure class=\"alignright size-large is-resized\"><img loading=\"lazy\" decoding=\"async\" width=\"1024\" height=\"948\" src=\"https:\/\/bu.optimum-automotive.com\/wp-content\/uploads\/2024\/11\/ecran_etat_AEN-1024x948.png\" alt=\"\" class=\"wp-image-2761\" style=\"width:293px;height:270px\" srcset=\"https:\/\/bu.optimum-automotive.com\/wp-content\/uploads\/2024\/11\/ecran_etat_AEN-1024x948.png 1024w, https:\/\/bu.optimum-automotive.com\/wp-content\/uploads\/2024\/11\/ecran_etat_AEN-300x278.png 300w, https:\/\/bu.optimum-automotive.com\/wp-content\/uploads\/2024\/11\/ecran_etat_AEN-768x711.png 768w, https:\/\/bu.optimum-automotive.com\/wp-content\/uploads\/2024\/11\/ecran_etat_AEN-13x12.png 13w, https:\/\/bu.optimum-automotive.com\/wp-content\/uploads\/2024\/11\/ecran_etat_AEN.png 1400w\" sizes=\"auto, (max-width: 1024px) 100vw, 1024px\" \/><\/figure><\/div>\n\n\n<p><strong>1. Rendimento efetivo da tributa\u00e7\u00e3o optimizada<\/strong><\/p>\n\n\n\n<p>Reduzir o impacto fiscal das AEN, <strong>a declara\u00e7\u00e3o efectiva<\/strong> permite distinguir entre quilometragem privada e profissional. Isto permite ajustar os montantes tribut\u00e1veis de acordo com a utiliza\u00e7\u00e3o efectiva do ve\u00edculo. A Optimum oferece um servi\u00e7o automatizado denominado \"Utiliza\u00e7\u00e3o e tributa\u00e7\u00e3o\". Este servi\u00e7o facilita o controlo da utiliza\u00e7\u00e3o profissional e privada, optimizando simultaneamente os custos fiscais. O servi\u00e7o baseia-se em modelos normalizados que indicam os dias e as horas em que o ve\u00edculo \u00e9 utilizado para fins profissionais e privados. Gra\u00e7as a uma caixa telem\u00e1tica, os quil\u00f3metros percorridos podem ent\u00e3o ser atribu\u00eddos a uma categoria \"profissional\" ou \"privada\".<\/p>\n\n\n\n<p>O servi\u00e7o \"Utiliza\u00e7\u00e3o e tributa\u00e7\u00e3o\" da Optimum fornece uma imagem exacta da utiliza\u00e7\u00e3o de cada empregado. Um simulador de impostos tamb\u00e9m pode ser utilizado para estabelecer uma proje\u00e7\u00e3o de impostos para determinar o m\u00e9todo de declara\u00e7\u00e3o mais vantajoso (taxa real ou fixa).<br><br><\/p>\n\n\n\n<p><strong>2. Transi\u00e7\u00e3o para ve\u00edculos el\u00e9ctricos<\/strong><\/p>\n\n\n<div class=\"wp-block-image\">\n<figure class=\"alignleft size-full is-resized\"><img decoding=\"async\" src=\"https:\/\/blog.optimum-automotive.com\/wp-content\/uploads\/2024\/11\/01.jpg\" alt=\"\" class=\"wp-image-2766\" style=\"width:266px;height:215px\"\/><\/figure><\/div>\n\n\n<p>Sob press\u00e3o ambiental e governamental (LOM, ZFE, etc.), as frotas de autom\u00f3veis est\u00e3o a migrar gradualmente para ve\u00edculos el\u00e9ctricos. Trata-se de um meio de transporte mais econ\u00f3mico e respeitador do ambiente. Com a perspetiva de um tratamento fiscal mais favor\u00e1vel para os ve\u00edculos el\u00e9ctricos, a migra\u00e7\u00e3o el\u00e9ctrica dos ve\u00edculos das empresas poder\u00e1 acelerar.<\/p>\n\n\n\n<p>A Optimum oferece um \"estudo de eletrifica\u00e7\u00e3o\" para orientar os gestores de frotas neste caminho. O servi\u00e7o baseia-se num estudo aprofundado da utiliza\u00e7\u00e3o de cada ve\u00edculo durante um per\u00edodo significativo. Inclui: o n\u00famero de quil\u00f3metros percorridos por dia, o n\u00famero e a dura\u00e7\u00e3o das paragens, os locais de estacionamento habituais, etc. Todos estes par\u00e2metros permitem obter um retrato preciso das utiliza\u00e7\u00f5es de cada ve\u00edculo e antecipar as etapas da transi\u00e7\u00e3o energ\u00e9tica. A otimiza\u00e7\u00e3o pode ser obtida gra\u00e7as a : <\/p>\n\n\n\n<ul class=\"wp-block-list\">\n<li>identificar os ve\u00edculos \"electrific\u00e1veis\",<\/li>\n\n\n\n<li>a escolha de ve\u00edculos de substitui\u00e7\u00e3o<\/li>\n\n\n\n<li>calibra\u00e7\u00e3o e instala\u00e7\u00e3o de postos de carregamento<\/li>\n\n\n\n<li>antecipar o impacto no TCO (Total Cost of Ownership)<\/li>\n\n\n\n<li>pegada de carbono<\/li>\n<\/ul>\n\n\n\n<p>Este estudo fornece aos gestores de frotas um roteiro genu\u00edno e pronto a utilizar.<\/p>\n\n\n<div class=\"wp-block-image\">\n<figure class=\"alignright size-medium is-resized\"><img loading=\"lazy\" decoding=\"async\" width=\"300\" height=\"200\" src=\"https:\/\/bu.optimum-automotive.com\/wp-content\/uploads\/2024\/11\/Fotolia_85133294_M-300x200.jpg\" alt=\"\" class=\"wp-image-2772\" style=\"width:324px;height:216px\" srcset=\"https:\/\/bu.optimum-automotive.com\/wp-content\/uploads\/2024\/11\/Fotolia_85133294_M-300x200.jpg 300w, https:\/\/bu.optimum-automotive.com\/wp-content\/uploads\/2024\/11\/Fotolia_85133294_M-1024x683.jpg 1024w, https:\/\/bu.optimum-automotive.com\/wp-content\/uploads\/2024\/11\/Fotolia_85133294_M-768x513.jpg 768w, https:\/\/bu.optimum-automotive.com\/wp-content\/uploads\/2024\/11\/Fotolia_85133294_M-1536x1025.jpg 1536w, https:\/\/bu.optimum-automotive.com\/wp-content\/uploads\/2024\/11\/Fotolia_85133294_M-18x12.jpg 18w, https:\/\/bu.optimum-automotive.com\/wp-content\/uploads\/2024\/11\/Fotolia_85133294_M.jpg 1687w\" sizes=\"auto, (max-width: 300px) 100vw, 300px\" \/><\/figure><\/div>\n\n\n<h3 class=\"wp-block-heading\"><strong>Preparar o futuro para reduzir os custos fiscais<\/strong><\/h3>\n\n\n\n<p>Em suma, independentemente de a reforma da tributa\u00e7\u00e3o dos ve\u00edculos das empresas se tornar ou n\u00e3o uma realidade, h\u00e1 formas de otimizar a tributa\u00e7\u00e3o dos ve\u00edculos das empresas. O aumento da tributa\u00e7\u00e3o dos ve\u00edculos das empresas pode ter um impacto duradouro nas finan\u00e7as das empresas e dos seus trabalhadores. Ao adaptarem-se agora, as empresas podem n\u00e3o s\u00f3 controlar os custos, mas tamb\u00e9m antecipar proactivamente os desafios fiscais futuros.<\/p>\n\n\n\n<p><\/p>","protected":false},"excerpt":{"rendered":"<h4>Tributa\u00e7\u00e3o das NEAs :<\/h4>\n<p> uma amea\u00e7a para os trabalhadores e para as empresas!\u00a0<\/p>","protected":false},"author":1,"featured_media":5177,"comment_status":"closed","ping_status":"closed","sticky":false,"template":"","format":"standard","meta":{"_coblocks_attr":"","_coblocks_dimensions":"","_coblocks_responsive_height":"","_coblocks_accordion_ie_support":"","_uag_custom_page_level_css":"","footnotes":""},"categories":[13],"tags":[32],"class_list":["post-2752","post","type-post","status-publish","format-standard","has-post-thumbnail","hentry","category-gestion-de-flotte","tag-aen"],"uagb_featured_image_src":{"full":["https:\/\/bu.optimum-automotive.com\/wp-content\/uploads\/2024\/11\/Fiscalite-des-Avantages-en-Nature.jpg",900,421,false],"thumbnail":["https:\/\/bu.optimum-automotive.com\/wp-content\/uploads\/2024\/11\/Fiscalite-des-Avantages-en-Nature-150x150.jpg",150,150,true],"medium":["https:\/\/bu.optimum-automotive.com\/wp-content\/uploads\/2024\/11\/Fiscalite-des-Avantages-en-Nature-300x140.jpg",300,140,true],"medium_large":["https:\/\/bu.optimum-automotive.com\/wp-content\/uploads\/2024\/11\/Fiscalite-des-Avantages-en-Nature-768x359.jpg",768,359,true],"large":["https:\/\/bu.optimum-automotive.com\/wp-content\/uploads\/2024\/11\/Fiscalite-des-Avantages-en-Nature.jpg",900,421,false],"1536x1536":["https:\/\/bu.optimum-automotive.com\/wp-content\/uploads\/2024\/11\/Fiscalite-des-Avantages-en-Nature.jpg",900,421,false],"2048x2048":["https:\/\/bu.optimum-automotive.com\/wp-content\/uploads\/2024\/11\/Fiscalite-des-Avantages-en-Nature.jpg",900,421,false],"trp-custom-language-flag":["https:\/\/bu.optimum-automotive.com\/wp-content\/uploads\/2024\/11\/Fiscalite-des-Avantages-en-Nature-18x8.jpg",18,8,true]},"uagb_author_info":{"display_name":"camaleon","author_link":"https:\/\/bu.optimum-automotive.com\/pt\/author\/camaleon\/"},"uagb_comment_info":0,"uagb_excerpt":"Fiscalit\u00e9 sur les AEN : une menace pour les salari\u00e9s et entreprises\u00a0!\u00a0","_links":{"self":[{"href":"https:\/\/bu.optimum-automotive.com\/pt\/wp-json\/wp\/v2\/posts\/2752","targetHints":{"allow":["GET"]}}],"collection":[{"href":"https:\/\/bu.optimum-automotive.com\/pt\/wp-json\/wp\/v2\/posts"}],"about":[{"href":"https:\/\/bu.optimum-automotive.com\/pt\/wp-json\/wp\/v2\/types\/post"}],"author":[{"embeddable":true,"href":"https:\/\/bu.optimum-automotive.com\/pt\/wp-json\/wp\/v2\/users\/1"}],"replies":[{"embeddable":true,"href":"https:\/\/bu.optimum-automotive.com\/pt\/wp-json\/wp\/v2\/comments?post=2752"}],"version-history":[{"count":8,"href":"https:\/\/bu.optimum-automotive.com\/pt\/wp-json\/wp\/v2\/posts\/2752\/revisions"}],"predecessor-version":[{"id":5380,"href":"https:\/\/bu.optimum-automotive.com\/pt\/wp-json\/wp\/v2\/posts\/2752\/revisions\/5380"}],"wp:featuredmedia":[{"embeddable":true,"href":"https:\/\/bu.optimum-automotive.com\/pt\/wp-json\/wp\/v2\/media\/5177"}],"wp:attachment":[{"href":"https:\/\/bu.optimum-automotive.com\/pt\/wp-json\/wp\/v2\/media?parent=2752"}],"wp:term":[{"taxonomy":"category","embeddable":true,"href":"https:\/\/bu.optimum-automotive.com\/pt\/wp-json\/wp\/v2\/categories?post=2752"},{"taxonomy":"post_tag","embeddable":true,"href":"https:\/\/bu.optimum-automotive.com\/pt\/wp-json\/wp\/v2\/tags?post=2752"}],"curies":[{"name":"wp","href":"https:\/\/api.w.org\/{rel}","templated":true}]}}