{"id":423,"date":"2019-04-01T17:09:04","date_gmt":"2019-04-01T15:09:04","guid":{"rendered":"http:\/\/127.0.0.1\/GAimport\/2019\/04\/01\/dans-votre-auto-la-minute-verte-sur-rmc\/"},"modified":"2024-06-03T12:04:15","modified_gmt":"2024-06-03T10:04:15","slug":"dans-votre-auto-la-minute-verte-sur-rmc","status":"publish","type":"post","link":"https:\/\/bu.optimum-automotive.com\/pt\/no-seu-carro-la-minute-verte-na-rmc\/","title":{"rendered":"Daniel VASSALLUCCI na r\u00e1dio em \"Votre Auto \/ La minute Verte\" na RMC"},"content":{"rendered":"<div class=\"wp-block-image\">\n<figure class=\"aligncenter size-full\"><img loading=\"lazy\" decoding=\"async\" width=\"500\" height=\"209\" src=\"https:\/\/bu.optimum-automotive.com\/wp-content\/uploads\/2019\/04\/01.png\" alt=\"\" class=\"wp-image-1792\" srcset=\"https:\/\/bu.optimum-automotive.com\/wp-content\/uploads\/2019\/04\/01.png 500w, https:\/\/bu.optimum-automotive.com\/wp-content\/uploads\/2019\/04\/01-300x125.png 300w\" sizes=\"auto, (max-width: 500px) 100vw, 500px\" \/><\/figure><\/div>\n\n\n<p>Daniel Vassallucci, CEO da Drive &amp; City, foi convidado do programa \"Votre Auto \/ La minute Verte\" da RMC.<\/p>\n\n\n\n<figure class=\"wp-block-audio\"><audio controls src=\"https:\/\/bu.optimum-automotive.com\/wp-content\/uploads\/2024\/06\/inetrview_auto_10-2018.mp3\"><\/audio><\/figure>","protected":false},"excerpt":{"rendered":"<p>Daniel Vassallucci, CEO da Drive &amp; City, foi convidado do programa \"Votre Auto \/ La minute Verte\" da RMC.<\/p>","protected":false},"author":1,"featured_media":1796,"comment_status":"closed","ping_status":"open","sticky":false,"template":"","format":"standard","meta":{"_coblocks_attr":"","_coblocks_dimensions":"","_coblocks_responsive_height":"","_coblocks_accordion_ie_support":"","_uag_custom_page_level_css":"","footnotes":""},"categories":[4],"tags":[],"class_list":["post-423","post","type-post","status-publish","format-standard","has-post-thumbnail","hentry","category-actualites"],"uagb_featured_image_src":{"full":["https:\/\/bu.optimum-automotive.com\/wp-content\/uploads\/2019\/04\/01-2.jpg",475,283,false],"thumbnail":["https:\/\/bu.optimum-automotive.com\/wp-content\/uploads\/2019\/04\/01-2-150x150.jpg",150,150,true],"medium":["https:\/\/bu.optimum-automotive.com\/wp-content\/uploads\/2019\/04\/01-2-300x179.jpg",300,179,true],"medium_large":["https:\/\/bu.optimum-automotive.com\/wp-content\/uploads\/2019\/04\/01-2.jpg",475,283,false],"large":["https:\/\/bu.optimum-automotive.com\/wp-content\/uploads\/2019\/04\/01-2.jpg",475,283,false],"1536x1536":["https:\/\/bu.optimum-automotive.com\/wp-content\/uploads\/2019\/04\/01-2.jpg",475,283,false],"2048x2048":["https:\/\/bu.optimum-automotive.com\/wp-content\/uploads\/2019\/04\/01-2.jpg",475,283,false],"trp-custom-language-flag":["https:\/\/bu.optimum-automotive.com\/wp-content\/uploads\/2019\/04\/01-2.jpg",18,12,false]},"uagb_author_info":{"display_name":"camaleon","author_link":"https:\/\/bu.optimum-automotive.com\/pt\/author\/camaleon\/"},"uagb_comment_info":0,"uagb_excerpt":"Daniel Vassallucci, CEO de Drive &amp; City a \u00e9t\u00e9 l&rsquo;invit\u00e9 de l&rsquo;\u00e9mission \u00ab\u00a0Votre Auto \/ La minute Verte\u00a0\u00bb sur RMC","_links":{"self":[{"href":"https:\/\/bu.optimum-automotive.com\/pt\/wp-json\/wp\/v2\/posts\/423","targetHints":{"allow":["GET"]}}],"collection":[{"href":"https:\/\/bu.optimum-automotive.com\/pt\/wp-json\/wp\/v2\/posts"}],"about":[{"href":"https:\/\/bu.optimum-automotive.com\/pt\/wp-json\/wp\/v2\/types\/post"}],"author":[{"embeddable":true,"href":"https:\/\/bu.optimum-automotive.com\/pt\/wp-json\/wp\/v2\/users\/1"}],"replies":[{"embeddable":true,"href":"https:\/\/bu.optimum-automotive.com\/pt\/wp-json\/wp\/v2\/comments?post=423"}],"version-history":[{"count":2,"href":"https:\/\/bu.optimum-automotive.com\/pt\/wp-json\/wp\/v2\/posts\/423\/revisions"}],"predecessor-version":[{"id":1795,"href":"https:\/\/bu.optimum-automotive.com\/pt\/wp-json\/wp\/v2\/posts\/423\/revisions\/1795"}],"wp:featuredmedia":[{"embeddable":true,"href":"https:\/\/bu.optimum-automotive.com\/pt\/wp-json\/wp\/v2\/media\/1796"}],"wp:attachment":[{"href":"https:\/\/bu.optimum-automotive.com\/pt\/wp-json\/wp\/v2\/media?parent=423"}],"wp:term":[{"taxonomy":"category","embeddable":true,"href":"https:\/\/bu.optimum-automotive.com\/pt\/wp-json\/wp\/v2\/categories?post=423"},{"taxonomy":"post_tag","embeddable":true,"href":"https:\/\/bu.optimum-automotive.com\/pt\/wp-json\/wp\/v2\/tags?post=423"}],"curies":[{"name":"wp","href":"https:\/\/api.w.org\/{rel}","templated":true}]}}