{"id":424,"date":"2019-04-01T17:11:15","date_gmt":"2019-04-01T15:11:15","guid":{"rendered":"http:\/\/127.0.0.1\/GAimport\/2019\/04\/01\/retenu-par-la-haute-savoie\/"},"modified":"2024-06-03T12:01:19","modified_gmt":"2024-06-03T10:01:19","slug":"retenu-par-la-haute-savoie","status":"publish","type":"post","link":"https:\/\/bu.optimum-automotive.com\/pt\/selecionado-por-haute-savoie\/","title":{"rendered":"Optimum Automotive selecionada pela Haute-Savoie"},"content":{"rendered":"<p>O fornecedor de solu\u00e7\u00f5es de gest\u00e3o de frotas acaba de assinar um importante contrato com o Conselho Departamental da Haute-Savoie. A primeira vaga envolver\u00e1 1.000 ve\u00edculos.<\/p>\n\n\n\n<p>As autarquias locais s\u00e3o um dos mercados-alvo da Optimum Automotive, como demonstra um dos \u00faltimos contratos que assinou. De acordo com o Journal de l'Automobile, o fornecedor de solu\u00e7\u00f5es de gest\u00e3o de frotas ganhou um concurso do Conselho Geral de Haute-Savoie. O projeto prev\u00ea a instala\u00e7\u00e3o de 1000 ve\u00edculos, entre ve\u00edculos ligeiros e m\u00e9dios.<\/p>\n\n\n\n<p>O prestador de servi\u00e7os dispor\u00e1 de seis meses para instalar o equipamento na frota. Segundo fontes pr\u00f3ximas, o Conselho Geral da Haute-Savoie pretende otimizar a sua frota atrav\u00e9s da introdu\u00e7\u00e3o de servi\u00e7os de partilha de autom\u00f3veis internos e de partilha de autom\u00f3veis entre funcion\u00e1rios. Estes servi\u00e7os ser\u00e3o comercializados sob a marca Drive&amp;City. Durante o concurso, o cliente ficou aparentemente impressionado com a diversidade do cat\u00e1logo\", afirma a Optimum Automotive.<\/p>\n\n\n\n<p>(&#8230;) <a href=\"http:\/\/journalauto.com\/lja\/article.view\/29669\/optimum-automotive-retenu-par-la-haute-savoie\/15\/connectivite\">Ler mais em http:\/\/journalauto.com<\/a><\/p>","protected":false},"excerpt":{"rendered":"<p>O fornecedor de solu\u00e7\u00f5es de gest\u00e3o de frotas acaba de assinar um importante contrato com o Conselho Departamental da Haute-Savoie. A primeira vaga envolver\u00e1 1.000 ve\u00edculos. As colectividades locais s\u00e3o um dos grupos-alvo da Optimum Automotive, como o demonstra um dos \u00faltimos contratos assinados. Segundo o Journal de l'Automobile, o fornecedor de solu\u00e7\u00f5es de gest\u00e3o de ve\u00edculos [...]<\/p>","protected":false},"author":1,"featured_media":1790,"comment_status":"closed","ping_status":"open","sticky":false,"template":"","format":"standard","meta":{"_coblocks_attr":"","_coblocks_dimensions":"","_coblocks_responsive_height":"","_coblocks_accordion_ie_support":"","_uag_custom_page_level_css":"","footnotes":""},"categories":[4],"tags":[],"class_list":["post-424","post","type-post","status-publish","format-standard","has-post-thumbnail","hentry","category-actualites"],"uagb_featured_image_src":{"full":["https:\/\/bu.optimum-automotive.com\/wp-content\/uploads\/2019\/04\/01.jpg",476,275,false],"thumbnail":["https:\/\/bu.optimum-automotive.com\/wp-content\/uploads\/2019\/04\/01-150x150.jpg",150,150,true],"medium":["https:\/\/bu.optimum-automotive.com\/wp-content\/uploads\/2019\/04\/01-300x173.jpg",300,173,true],"medium_large":["https:\/\/bu.optimum-automotive.com\/wp-content\/uploads\/2019\/04\/01.jpg",476,275,false],"large":["https:\/\/bu.optimum-automotive.com\/wp-content\/uploads\/2019\/04\/01.jpg",476,275,false],"1536x1536":["https:\/\/bu.optimum-automotive.com\/wp-content\/uploads\/2019\/04\/01.jpg",476,275,false],"2048x2048":["https:\/\/bu.optimum-automotive.com\/wp-content\/uploads\/2019\/04\/01.jpg",476,275,false],"trp-custom-language-flag":["https:\/\/bu.optimum-automotive.com\/wp-content\/uploads\/2019\/04\/01.jpg",18,10,false]},"uagb_author_info":{"display_name":"camaleon","author_link":"https:\/\/bu.optimum-automotive.com\/pt\/author\/camaleon\/"},"uagb_comment_info":0,"uagb_excerpt":"Le fournisseur de solutions de gestion de flotte vient de signer un contrat d\u2019envergure avec le Conseil g\u00e9n\u00e9ral de Haute-Savoie. La premi\u00e8re vague concerne 1 000 v\u00e9hicules. Les collectivit\u00e9s font parties des cibles d\u2019Optimum Automotive et l\u2019un des tous derniers contrats sign\u00e9s en atteste. Selon les informations du Journal de l\u2019Automobile, le fournisseur de solutions&hellip;","_links":{"self":[{"href":"https:\/\/bu.optimum-automotive.com\/pt\/wp-json\/wp\/v2\/posts\/424","targetHints":{"allow":["GET"]}}],"collection":[{"href":"https:\/\/bu.optimum-automotive.com\/pt\/wp-json\/wp\/v2\/posts"}],"about":[{"href":"https:\/\/bu.optimum-automotive.com\/pt\/wp-json\/wp\/v2\/types\/post"}],"author":[{"embeddable":true,"href":"https:\/\/bu.optimum-automotive.com\/pt\/wp-json\/wp\/v2\/users\/1"}],"replies":[{"embeddable":true,"href":"https:\/\/bu.optimum-automotive.com\/pt\/wp-json\/wp\/v2\/comments?post=424"}],"version-history":[{"count":1,"href":"https:\/\/bu.optimum-automotive.com\/pt\/wp-json\/wp\/v2\/posts\/424\/revisions"}],"predecessor-version":[{"id":1791,"href":"https:\/\/bu.optimum-automotive.com\/pt\/wp-json\/wp\/v2\/posts\/424\/revisions\/1791"}],"wp:featuredmedia":[{"embeddable":true,"href":"https:\/\/bu.optimum-automotive.com\/pt\/wp-json\/wp\/v2\/media\/1790"}],"wp:attachment":[{"href":"https:\/\/bu.optimum-automotive.com\/pt\/wp-json\/wp\/v2\/media?parent=424"}],"wp:term":[{"taxonomy":"category","embeddable":true,"href":"https:\/\/bu.optimum-automotive.com\/pt\/wp-json\/wp\/v2\/categories?post=424"},{"taxonomy":"post_tag","embeddable":true,"href":"https:\/\/bu.optimum-automotive.com\/pt\/wp-json\/wp\/v2\/tags?post=424"}],"curies":[{"name":"wp","href":"https:\/\/api.w.org\/{rel}","templated":true}]}}