{"id":4903,"date":"2021-11-19T16:16:47","date_gmt":"2021-11-19T15:16:47","guid":{"rendered":"https:\/\/blog.optimum-automotive.com\/?p=1735"},"modified":"2025-01-21T15:44:29","modified_gmt":"2025-01-21T14:44:29","slug":"reduction-de-lempreinte-carbone-de-levidence-a-lexigence","status":"publish","type":"post","link":"https:\/\/bu.optimum-automotive.com\/pt\/reduzir-a-pegada-de-carbono-da-exigencia-da-levidence\/","title":{"rendered":"Quais s\u00e3o as alternativas aos ve\u00edculos da empresa e aos subs\u00eddios de quilometragem?"},"content":{"rendered":"<h2 class=\"wp-block-heading\"><strong>Reduzir a nossa pegada de carbono: de \u00f3bvio a essencial!<\/strong><\/h2>\n\n\n\n<p>Todos os dias nos apercebemos disso: as altera\u00e7\u00f5es clim\u00e1ticas est\u00e3o a acontecer. Esta tomada de consci\u00eancia n\u00e3o \u00e9 nova: h\u00e1 d\u00e9cadas que todos n\u00f3s temos consci\u00eancia individual da necessidade urgente de reduzir a nossa produ\u00e7\u00e3o de emiss\u00f5es poluentes. O que \u00e9 novo nos \u00faltimos anos \u00e9 que este facto \u00f3bvio est\u00e1 gradualmente a tornar-se uma exig\u00eancia.<\/p>\n\n\n<div class=\"wp-block-image\">\n<figure class=\"alignleft size-full is-resized\"><img decoding=\"async\" src=\"https:\/\/blog.optimum-automotive.com\/wp-content\/uploads\/2021\/11\/01-2.jpg\" alt=\"\" class=\"wp-image-1747\" style=\"width:260px;height:114px\"\/><\/figure><\/div>\n\n\n<p>A LOM (Loi d'Orientation des Mobilit\u00e9s - Lei de Orienta\u00e7\u00e3o da Mobilidade) introduzir\u00e1 progressivamente (a partir de 1 de janeiro de 2010) uma s\u00e9rie de novas medidas.<sup>er<\/sup> janeiro de 2022), obrigando as empresas e as autoridades p\u00fablicas a desempenharem um papel ativo na redu\u00e7\u00e3o da nossa pegada de carbono. As \u00e1reas priorit\u00e1rias incluem, naturalmente, a transi\u00e7\u00e3o energ\u00e9tica das frotas de autom\u00f3veis, com uma utiliza\u00e7\u00e3o crescente de ve\u00edculos el\u00e9ctricos e h\u00edbridos, sempre que poss\u00edvel partilhados com outros.<\/p>\n\n\n\n<p>Mas quando se trata de mobilidade dos trabalhadores, n\u00e3o podemos perder de vista o facto de o ve\u00edculo n\u00e3o ser a \u00fanica op\u00e7\u00e3o. Embora seja indispens\u00e1vel em determinadas situa\u00e7\u00f5es, o ve\u00edculo pode ceder o seu lugar ou ser combinado com outros meios de desloca\u00e7\u00e3o mais ecol\u00f3gicos.<\/p>\n\n\n\n<p>Como \u00e9 que as empresas podem promover a mobilidade sustent\u00e1vel e, ao mesmo tempo, reduzir o custo global da mobilidade? Felizmente, existem solu\u00e7\u00f5es de mobilidade profissional 2.0!<\/p>\n\n\n\n<h2 class=\"wp-block-heading\"><strong>Foco na mobilidade multimodal e sustent\u00e1vel<\/strong><\/h2>\n\n\n\n<p>O reflexo \"carro\" j\u00e1 n\u00e3o existe... ou deveria existir! Sim, estamos a falar de uma verdadeira mudan\u00e7a de mentalidade que precisa de ser continuada e intensificada.<br>Para ajudar os gestores de mobilidade a enfrentar este novo desafio, os especialistas em mobilidade empresarial est\u00e3o constantemente a inovar para oferecer solu\u00e7\u00f5es eficientes e amigas do ambiente.<\/p>\n\n\n<div class=\"wp-block-image\">\n<figure class=\"alignleft size-large\"><a class=\"cta\" href=\"https:\/\/mobility-pack.com\/\" target=\"_blank\" rel=\"autopartage devis noopener\"><img decoding=\"async\" src=\"https:\/\/bu.optimum-automotive.com\/wp-content\/uploads\/2021\/07\/audit_gratuit.jpg\" alt=\"\" class=\"wp-image-1194\"\/><\/a><\/figure><\/div>\n\n\n<p>A Optimum Automotive, especialista europeia em ve\u00edculos conectados, concebeu uma solu\u00e7\u00e3o de mobilidade inovadora denominada \"Optimum Mobility\".<\/p>\n\n\n\n<p>A Optimum Mobility baseia-se numa abordagem \u00fanica de tr\u00eas vertentes \u00e0 mobilidade dos trabalhadores:<\/p>\n\n\n\n<p><strong>#1. Uma plataforma de gest\u00e3o :<\/strong><br>Enquanto centro nevr\u00e1lgico da mobilidade profissional, a plataforma de gest\u00e3o permite aos gestores acompanhar, analisar e otimizar a mobilidade dos trabalhadores.<\/p>\n\n\n\n<ul class=\"wp-block-list\">\n<li>Gest\u00e3o dos operadores de mobilidade<\/li>\n\n\n\n<li>Gest\u00e3o e controlo das despesas<\/li>\n\n\n\n<li>Ferramentas de an\u00e1lise e comunica\u00e7\u00e3o (TCM\u00b3, CSR\u2074, pegada de carbono, pacote de mobilidade sustent\u00e1vel, cr\u00e9dito de mobilidade)<\/li>\n\n\n\n<li>Ferramentas de desafio e motiva\u00e7\u00e3o para ajudar a reduzir a pegada de carbono e os custos<\/li>\n<\/ul>\n\n\n<div class=\"wp-block-image\">\n<figure class=\"alignright size-full\"><img decoding=\"async\" src=\"https:\/\/blog.optimum-automotive.com\/wp-content\/uploads\/2022\/05\/11.jpg\" alt=\"\" class=\"wp-image-1994\"\/><\/figure><\/div>\n\n\n<p><strong>#2. Uma aplica\u00e7\u00e3o m\u00f3vel<br><\/strong>A aplica\u00e7\u00e3o m\u00f3vel est\u00e1 dispon\u00edvel para os empregados, permitindo-lhes selecionar os servi\u00e7os de transporte mais pr\u00f3ximos: comboio, autocarro, t\u00e1xi, VTC, aluguer de autom\u00f3veis, aluguer de scooters, aluguer de bicicletas, etc.<br>A aplica\u00e7\u00e3o m\u00f3vel tamb\u00e9m d\u00e1 aos funcion\u00e1rios acesso ao seu pr\u00f3prio painel de controlo: resumo das despesas e viagens, categoriza\u00e7\u00e3o das despesas, pegada de carbono individual, etc.<br><br><strong>#3. Um cart\u00e3o de pagamento<br>F\u00edsico e sem papel, o cart\u00e3o de pagamento pode ser utilizado para pagar as viagens. <\/strong>profissionais. Todas as transac\u00e7\u00f5es com cart\u00f5es de pagamento s\u00e3o automaticamente armazenadas na plataforma de gest\u00e3o.<\/p>\n\n\n\n<h2 class=\"wp-block-heading\"><strong>Apoio financeiro para promover a mobilidade sustent\u00e1vel<\/strong>s<strong>&nbsp;!<\/strong><\/h2>\n\n\n\n<p>Foram criados v\u00e1rios programas para incentivar as pessoas a adoptarem uma mobilidade sustent\u00e1vel:<\/p>\n\n\n<div class=\"wp-block-image\">\n<figure class=\"alignright size-large is-resized\"><img decoding=\"async\" src=\"https:\/\/bu.optimum-automotive.com\/wp-content\/uploads\/2021\/11\/Fotolia_84440389_M-1024x683.jpg\" alt=\"\" class=\"wp-image-1750\" style=\"width:388px;height:259px\"\/><\/figure><\/div>\n\n\n<p><strong>#1. Pacote de mobilidade sustent\u00e1vel :<\/strong><br>O Pacote de Mobilidade Sustent\u00e1vel d\u00e1 \u00e0s empresas a op\u00e7\u00e3o de oferecer aos trabalhadores um <strong>or\u00e7amento isento de impostos de 500 euros\/ano\/trabalhador<\/strong> (ou 600 euros, incluindo o subs\u00eddio de transporte) para as desloca\u00e7\u00f5es de e para o local de trabalho.<\/p>\n\n\n\n<p>O pacote de mobilidade sustent\u00e1vel aplica-se aos seguintes modos de transporte:<\/p>\n\n\n\n<ul class=\"wp-block-list\">\n<li>\u00a0Bicicletas e bicicletas el\u00e9ctricas (compra de bicicletas e acess\u00f3rios, manuten\u00e7\u00e3o, IKV)<\/li>\n\n\n\n<li>\u00a0Carpooling<\/li>\n\n\n\n<li>\u00a0Aluguer partilhado de bicicletas, trotinetas e trotinetas el\u00e9ctricas<\/li>\n\n\n\n<li>\u00a0Car-sharing com ve\u00edculos el\u00e9ctricos, h\u00edbridos plug-in ou movidos a hidrog\u00e9nio<\/li>\n\n\n\n<li>\u00a0Transportes p\u00fablicos (bilhetes, os bilhetes de \u00e9poca s\u00e3o financiados pelo subs\u00eddio de transporte)<\/li>\n<\/ul>\n\n\n\n<div class=\"wp-block-image\"><figure class=\"alignright size-large\"><a class=\"cta\" href=\"https:\/\/mobility-pack.com\/contact\/\" target=\"_blank\" rel=\"\u00e9co-conduite noopener\"><img decoding=\"async\" src=\"https:\/\/bu.optimum-automotive.com\/wp-content\/uploads\/2021\/07\/eco_conduite.jpg\" alt=\"\" class=\"wp-image-1157\"><\/a><\/figure><\/div>\n\n\n\n<p><strong>#2. Cr\u00e9dito de mobilidade :<\/strong><br>O cr\u00e9dito de mobilidade \u00e9 uma presta\u00e7\u00e3o em esp\u00e9cie para os trabalhadores que <strong>substitui a totalidade ou parte do ve\u00edculo da empresa<\/strong>. Uma quantia em dinheiro (entre 1 200 e 10 200 euros) compensa o trabalhador pelo facto de ter renunciado ao carro da empresa (ou de ter adotado um carro da empresa mais pequeno e el\u00e9trico) e permite-lhe financiar viagens pessoais.<\/p>\n\n\n\n<h2 class=\"wp-block-heading\"><strong>\u00c9 hora de agir!<\/strong><\/h2>\n\n\n\n<p>Depois de um longo, longo per\u00edodo de reflex\u00e3o, \u00e9 tempo de passar \u00e0 a\u00e7\u00e3o!<\/p>\n\n\n\n<p>Para apoiar as empresas nesta profunda evolu\u00e7\u00e3o da mobilidade profissional, os poderes p\u00fablicos criaram uma s\u00e9rie de incentivos. Por seu lado, as empresas especializadas na mobilidade profissional, tais como<a href=\"https:\/\/bu.optimum-automotive.com\/pt\/?optimum-mobility\" target=\"_blank\" rel=\"noreferrer noopener\">Optimum Mobility<\/a>conceberam solu\u00e7\u00f5es inovadoras destinadas a introduzir e a promover uma mobilidade sustent\u00e1vel e eco-respons\u00e1vel.<\/p>\n\n\n\n<h2 class=\"wp-block-heading\"><br><strong>Agora \u00e9 hora de come\u00e7ar a a\u00e7\u00e3o!<\/strong><br><br><\/h2>\n\n\n\n<p><\/p>","protected":false},"excerpt":{"rendered":"<h4>Mobilidade dos trabalhadores : <\/h4>\n<p> Foco na mobilidade multimodal e sustent\u00e1vel<\/p>","protected":false},"author":1,"featured_media":5210,"comment_status":"closed","ping_status":"closed","sticky":false,"template":"","format":"standard","meta":{"_coblocks_attr":"","_coblocks_dimensions":"","_coblocks_responsive_height":"","_coblocks_accordion_ie_support":"","_uag_custom_page_level_css":"","footnotes":""},"categories":[23],"tags":[22],"class_list":["post-4903","post","type-post","status-publish","format-standard","has-post-thumbnail","hentry","category-mobilite-des-collaborateurs","tag-empreinte-carbone"],"uagb_featured_image_src":{"full":["https:\/\/bu.optimum-automotive.com\/wp-content\/uploads\/2021\/11\/alternatives-aux-vehicules-de-fonction-1.jpg",900,421,false],"thumbnail":["https:\/\/bu.optimum-automotive.com\/wp-content\/uploads\/2021\/11\/alternatives-aux-vehicules-de-fonction-1-150x150.jpg",150,150,true],"medium":["https:\/\/bu.optimum-automotive.com\/wp-content\/uploads\/2021\/11\/alternatives-aux-vehicules-de-fonction-1-300x140.jpg",300,140,true],"medium_large":["https:\/\/bu.optimum-automotive.com\/wp-content\/uploads\/2021\/11\/alternatives-aux-vehicules-de-fonction-1-768x359.jpg",768,359,true],"large":["https:\/\/bu.optimum-automotive.com\/wp-content\/uploads\/2021\/11\/alternatives-aux-vehicules-de-fonction-1.jpg",900,421,false],"1536x1536":["https:\/\/bu.optimum-automotive.com\/wp-content\/uploads\/2021\/11\/alternatives-aux-vehicules-de-fonction-1.jpg",900,421,false],"2048x2048":["https:\/\/bu.optimum-automotive.com\/wp-content\/uploads\/2021\/11\/alternatives-aux-vehicules-de-fonction-1.jpg",900,421,false],"trp-custom-language-flag":["https:\/\/bu.optimum-automotive.com\/wp-content\/uploads\/2021\/11\/alternatives-aux-vehicules-de-fonction-1-18x8.jpg",18,8,true]},"uagb_author_info":{"display_name":"camaleon","author_link":"https:\/\/bu.optimum-automotive.com\/pt\/author\/camaleon\/"},"uagb_comment_info":0,"uagb_excerpt":"Mobilit\u00e9 des collaborateurs : Cap sur la mobilit\u00e9 multimodale et durable","_links":{"self":[{"href":"https:\/\/bu.optimum-automotive.com\/pt\/wp-json\/wp\/v2\/posts\/4903","targetHints":{"allow":["GET"]}}],"collection":[{"href":"https:\/\/bu.optimum-automotive.com\/pt\/wp-json\/wp\/v2\/posts"}],"about":[{"href":"https:\/\/bu.optimum-automotive.com\/pt\/wp-json\/wp\/v2\/types\/post"}],"author":[{"embeddable":true,"href":"https:\/\/bu.optimum-automotive.com\/pt\/wp-json\/wp\/v2\/users\/1"}],"replies":[{"embeddable":true,"href":"https:\/\/bu.optimum-automotive.com\/pt\/wp-json\/wp\/v2\/comments?post=4903"}],"version-history":[{"count":5,"href":"https:\/\/bu.optimum-automotive.com\/pt\/wp-json\/wp\/v2\/posts\/4903\/revisions"}],"predecessor-version":[{"id":5391,"href":"https:\/\/bu.optimum-automotive.com\/pt\/wp-json\/wp\/v2\/posts\/4903\/revisions\/5391"}],"wp:featuredmedia":[{"embeddable":true,"href":"https:\/\/bu.optimum-automotive.com\/pt\/wp-json\/wp\/v2\/media\/5210"}],"wp:attachment":[{"href":"https:\/\/bu.optimum-automotive.com\/pt\/wp-json\/wp\/v2\/media?parent=4903"}],"wp:term":[{"taxonomy":"category","embeddable":true,"href":"https:\/\/bu.optimum-automotive.com\/pt\/wp-json\/wp\/v2\/categories?post=4903"},{"taxonomy":"post_tag","embeddable":true,"href":"https:\/\/bu.optimum-automotive.com\/pt\/wp-json\/wp\/v2\/tags?post=4903"}],"curies":[{"name":"wp","href":"https:\/\/api.w.org\/{rel}","templated":true}]}}