{"id":4906,"date":"2022-06-22T16:11:57","date_gmt":"2022-06-22T14:11:57","guid":{"rendered":"https:\/\/blog.optimum-automotive.com\/?p=2001"},"modified":"2025-01-21T15:43:41","modified_gmt":"2025-01-21T14:43:41","slug":"quest-ce-que-le-forfait-mobilite-durable","status":"publish","type":"post","link":"https:\/\/bu.optimum-automotive.com\/pt\/o-que-e-o-pacote-de-mobilidade-sustentavel\/","title":{"rendered":"O que \u00e9 o Pacote de Mobilidade Sustent\u00e1vel?"},"content":{"rendered":"<p>O Forfait Mobilit\u00e9s Durables (Pacote de Mobilidade Sustent\u00e1vel) \u00e9 uma medida introduzida pelo governo franc\u00eas gra\u00e7as \u00e0 Loi d'Orientation des Mobilit\u00e9s (LOM) (Lei de Orienta\u00e7\u00e3o da Mobilidade) de 24 de dezembro de 2019, que permite aos empregadores cobrir a totalidade ou parte das despesas de desloca\u00e7\u00e3o dos seus empregados entre o domic\u00edlio e o trabalho.<br>O subs\u00eddio concedido pelo Forfait Mobilit\u00e9s Durables \u00e9 totalmente isento de impostos para o trabalhador e de contribui\u00e7\u00f5es para a seguran\u00e7a social para a entidade patronal, permitindo \u00e0s empresas ajudar os seus trabalhadores, mantendo a neutralidade fiscal sobre o montante concedido.<\/p>\n\n\n\n<h2 class=\"wp-block-heading\"><strong>Que modos de transporte s\u00e3o eleg\u00edveis para o Pacote de Mobilidade Sustent\u00e1vel (FMD)?<\/strong><\/h2>\n\n\n<div class=\"wp-block-image is-style-default\">\n<figure class=\"alignright size-full\"><img decoding=\"async\" src=\"https:\/\/blog.optimum-automotive.com\/wp-content\/uploads\/2022\/06\/01-1.jpg\" alt=\"\" class=\"wp-image-2008\"\/><\/figure><\/div>\n\n\n<p>Existem muitos modos de transporte eleg\u00edveis para a febre aftosa, o que permite \u00e0s empresas do sector privado cobrir uma vasta gama de meios de transporte.<br>Os modos de transporte s\u00e3o os seguintes:<\/p>\n\n\n\n<ul class=\"wp-block-list\"><li>Transportes p\u00fablicos, com exce\u00e7\u00e3o dos abrangidos pela subven\u00e7\u00e3o 50% para os t\u00edtulos de transporte sazonais<\/li><li>Servi\u00e7os de partilha de autom\u00f3veis para ve\u00edculos a motor com baixas emiss\u00f5es (ve\u00edculos h\u00edbridos, el\u00e9ctricos, recarreg\u00e1veis ou movidos a hidrog\u00e9nio).<\/li><li>Aluguer de trotinetas, trotinetas el\u00e9ctricas e bicicletas, el\u00e9ctricas ou n\u00e3o<\/li><li>A bicicleta pessoal do trabalhador (el\u00e9ctrica ou mec\u00e2nica)<\/li><\/ul>\n\n\n<div class=\"wp-block-image\">\n<figure class=\"alignleft size-large\"><a class=\"cta\" href=\"https:\/\/mobility-pack.com\/\" target=\"_blank\" rel=\"autopartage devis noopener\"><img decoding=\"async\" src=\"https:\/\/bu.optimum-automotive.com\/wp-content\/uploads\/2021\/07\/audit_gratuit.jpg\" alt=\"\" class=\"wp-image-1194\"\/><\/a><\/figure><\/div>\n\n\n<p>O Mobility Pack permite-lhe gerir estes procedimentos. Evite que os seus empregados tenham de adiantar despesas e que os seus gestores tenham de processar pedidos de reembolso de despesas.<\/p>\n\n\n\n<p>Para que possam pagar as suas desloca\u00e7\u00f5es de e para o trabalho. Esta solu\u00e7\u00e3o permite-lhe implementar facilmente o FDM na sua empresa. Trata-se de uma ferramenta interessante do ponto de vista ambiental, social (nomeadamente para os jovens) e fiscal.<\/p>\n\n\n\n<p>.<\/p>\n\n\n\n<p><\/p>\n\n\n\n<h2 class=\"wp-block-heading\"><strong>Exemplos de como os seus empregados podem utilizar o MDF<\/strong><\/h2>\n\n\n\n<div class=\"wp-block-columns is-layout-flex wp-container-core-columns-is-layout-1 wp-block-columns-is-layout-flex\">\n<div class=\"wp-block-column is-layout-flow wp-block-column-is-layout-flow\"><div class=\"wp-block-image\">\n<figure class=\"aligncenter size-full\"><img decoding=\"async\" src=\"https:\/\/blog.optimum-automotive.com\/wp-content\/uploads\/2022\/06\/01.png\" alt=\"\" class=\"wp-image-2013\"\/><\/figure><\/div>\n\n\n<p><strong>Nathalie,<\/strong> Passageiros que v\u00e3o de carro para o trabalho<\/p>\n\n\n\n<p>Assinar o seu certificado em sua honra<\/p>\n\n\n\n<p>\ud83d\udce9 Deve enviar documentos comprovativos<br> o seu empregador<\/p>\n\n\n\n<p>\ud83d\udcb0 Subven\u00e7\u00e3o de 800 euros da FMD &nbsp;&nbsp;<\/p>\n<\/div>\n\n\n\n<div class=\"wp-block-column is-layout-flow wp-block-column-is-layout-flow\"><div class=\"wp-block-image\">\n<figure class=\"aligncenter size-full\"><img decoding=\"async\" src=\"https:\/\/blog.optimum-automotive.com\/wp-content\/uploads\/2022\/06\/02.png\" alt=\"\" class=\"wp-image-2014\"\/><\/figure><\/div>\n\n\n<p><strong>J\u00e9r\u00f4me<\/strong>vai para o trabalho com uma bicicleta alugada por 40 euros\/m\u00eas<\/p>\n\n\n\n<p>Assinar o seu certificado em sua honra<\/p>\n\n\n\n<p>\ud83d\udce9 Deve enviar documentos comprovativos<br> o seu empregador<\/p>\n\n\n\n<p>Concess\u00e3o da febre aftosa pelo montante de 40\u00d76= \u20ac240 em 2021 e \u20ac800 em 2024 at\u00e9 ao final do prazo.<\/p>\n<\/div>\n\n\n\n<div class=\"wp-block-column is-layout-flow wp-block-column-is-layout-flow\"><div class=\"wp-block-image\">\n<figure class=\"aligncenter size-full\"><img decoding=\"async\" src=\"https:\/\/blog.optimum-automotive.com\/wp-content\/uploads\/2022\/06\/03.png\" alt=\"\" class=\"wp-image-2015\"\/><\/figure><\/div>\n\n\n<p><strong>Sarah, <\/strong>tem a sua pr\u00f3pria scooter, que utiliza para ir para o trabalho<\/p>\n\n\n\n<p>Assinar o seu certificado em sua honra<\/p>\n\n\n\n<p>\ud83d\udce9 Deve enviar documentos comprovativos<br> o seu empregador<\/p>\n\n\n\n<p>\ud83d\udcb0 Subven\u00e7\u00e3o de 800 euros da FMD<\/p>\n<\/div>\n<\/div>\n\n\n\n<h2 class=\"wp-block-heading\"><strong><strong>As vantagens do Pacote de Mobilidade Sustent\u00e1vel para os gestores de frotas<\/strong><\/strong><\/h2>\n\n\n\n<p>Uma das principais vantagens do Pacote de Mobilidade Sustent\u00e1vel \u00e9 o seu aspeto de incentivo financeiro, uma vez que permite a isen\u00e7\u00e3o fiscal de encargos e contribui\u00e7\u00f5es para a seguran\u00e7a social quando o montante atribu\u00eddo a cada trabalhador n\u00e3o excede 800 euros por ano para muitas utiliza\u00e7\u00f5es. Al\u00e9m disso, o Pacote de Mobilidade Sustent\u00e1vel permite que as empresas acompanhem as despesas dos trabalhadores, para que, no final do ano, possam saber de perto o que o trabalhador gastou efetivamente.<\/p>\n\n\n\n<p>No entanto, para al\u00e9m do aspeto econ\u00f3mico, o Pacote de Mobilidade Sustent\u00e1vel ajuda a estabelecer uma forte pol\u00edtica de RSE, porque mostra que a empresa faz parte de uma din\u00e2mica ambiental respons\u00e1vel, preocupada com o impacto ecol\u00f3gico que os seus empregados podem ter durante as suas v\u00e1rias desloca\u00e7\u00f5es.<\/p>\n\n\n\n<h2 class=\"wp-block-heading\"><strong><strong>As formas que o Pacote de Mobilidade Sustent\u00e1vel pode assumir<\/strong><\/strong><\/h2>\n\n\n\n<p>O Pacote de Mobilidade Sustent\u00e1vel pode ser representado de v\u00e1rias formas, por exemplo, atrav\u00e9s de vales de mobilidade. A vantagem destes vales de mobilidade \u00e9 que os trabalhadores podem utilizar o seu saldo para uma s\u00e9rie de fins, como a partilha de autom\u00f3veis, o car-pooling ou mesmo os custos de combust\u00edvel para o carro da empresa.<\/p>\n\n\n\n<p>A t\u00edtulo de exemplo, a solu\u00e7\u00e3o Ticket Mobilit\u00e9 destina-se a pagar os custos de combust\u00edvel dentro de um or\u00e7amento atribu\u00eddo (por exemplo, 200 euros por ano) para ve\u00edculos de combust\u00e3o interna ou el\u00e9ctricos, bem como para as desloca\u00e7\u00f5es entre casa e o trabalho.<\/p>\n\n\n\n<figure class=\"wp-block-image size-full\"><img decoding=\"async\" src=\"https:\/\/blog.optimum-automotive.com\/wp-content\/uploads\/2022\/06\/01-2.jpg\" alt=\"\" class=\"wp-image-2011\"\/><\/figure>","protected":false},"excerpt":{"rendered":"<h4>Pacote de mobilidade sustent\u00e1vel : <\/h4>\n<p> Que modos de transporte s\u00e3o eleg\u00edveis?<\/p>","protected":false},"author":1,"featured_media":5194,"comment_status":"closed","ping_status":"closed","sticky":false,"template":"","format":"standard","meta":{"_coblocks_attr":"","_coblocks_dimensions":"","_coblocks_responsive_height":"","_coblocks_accordion_ie_support":"","_uag_custom_page_level_css":"","footnotes":""},"categories":[23],"tags":[25],"class_list":["post-4906","post","type-post","status-publish","format-standard","has-post-thumbnail","hentry","category-mobilite-des-collaborateurs","tag-forfait-mobilites-durables"],"uagb_featured_image_src":{"full":["https:\/\/bu.optimum-automotive.com\/wp-content\/uploads\/2022\/06\/Forfait-Mobilites-durables.jpg",900,421,false],"thumbnail":["https:\/\/bu.optimum-automotive.com\/wp-content\/uploads\/2022\/06\/Forfait-Mobilites-durables-150x150.jpg",150,150,true],"medium":["https:\/\/bu.optimum-automotive.com\/wp-content\/uploads\/2022\/06\/Forfait-Mobilites-durables-300x140.jpg",300,140,true],"medium_large":["https:\/\/bu.optimum-automotive.com\/wp-content\/uploads\/2022\/06\/Forfait-Mobilites-durables-768x359.jpg",768,359,true],"large":["https:\/\/bu.optimum-automotive.com\/wp-content\/uploads\/2022\/06\/Forfait-Mobilites-durables.jpg",900,421,false],"1536x1536":["https:\/\/bu.optimum-automotive.com\/wp-content\/uploads\/2022\/06\/Forfait-Mobilites-durables.jpg",900,421,false],"2048x2048":["https:\/\/bu.optimum-automotive.com\/wp-content\/uploads\/2022\/06\/Forfait-Mobilites-durables.jpg",900,421,false],"trp-custom-language-flag":["https:\/\/bu.optimum-automotive.com\/wp-content\/uploads\/2022\/06\/Forfait-Mobilites-durables-18x8.jpg",18,8,true]},"uagb_author_info":{"display_name":"camaleon","author_link":"https:\/\/bu.optimum-automotive.com\/pt\/author\/camaleon\/"},"uagb_comment_info":0,"uagb_excerpt":"Forfait mobilit\u00e9 durable : Quels modes de transports peuvent-\u00eatre \u00e9ligibles ?","_links":{"self":[{"href":"https:\/\/bu.optimum-automotive.com\/pt\/wp-json\/wp\/v2\/posts\/4906","targetHints":{"allow":["GET"]}}],"collection":[{"href":"https:\/\/bu.optimum-automotive.com\/pt\/wp-json\/wp\/v2\/posts"}],"about":[{"href":"https:\/\/bu.optimum-automotive.com\/pt\/wp-json\/wp\/v2\/types\/post"}],"author":[{"embeddable":true,"href":"https:\/\/bu.optimum-automotive.com\/pt\/wp-json\/wp\/v2\/users\/1"}],"replies":[{"embeddable":true,"href":"https:\/\/bu.optimum-automotive.com\/pt\/wp-json\/wp\/v2\/comments?post=4906"}],"version-history":[{"count":2,"href":"https:\/\/bu.optimum-automotive.com\/pt\/wp-json\/wp\/v2\/posts\/4906\/revisions"}],"predecessor-version":[{"id":5389,"href":"https:\/\/bu.optimum-automotive.com\/pt\/wp-json\/wp\/v2\/posts\/4906\/revisions\/5389"}],"wp:featuredmedia":[{"embeddable":true,"href":"https:\/\/bu.optimum-automotive.com\/pt\/wp-json\/wp\/v2\/media\/5194"}],"wp:attachment":[{"href":"https:\/\/bu.optimum-automotive.com\/pt\/wp-json\/wp\/v2\/media?parent=4906"}],"wp:term":[{"taxonomy":"category","embeddable":true,"href":"https:\/\/bu.optimum-automotive.com\/pt\/wp-json\/wp\/v2\/categories?post=4906"},{"taxonomy":"post_tag","embeddable":true,"href":"https:\/\/bu.optimum-automotive.com\/pt\/wp-json\/wp\/v2\/tags?post=4906"}],"curies":[{"name":"wp","href":"https:\/\/api.w.org\/{rel}","templated":true}]}}