{"id":4907,"date":"2022-06-22T16:53:58","date_gmt":"2022-06-22T14:53:58","guid":{"rendered":"https:\/\/blog.optimum-automotive.com\/?p=2020"},"modified":"2025-01-21T15:43:13","modified_gmt":"2025-01-21T14:43:13","slug":"reduire-sa-flotte-automobile-avec-le-credit-mobilite","status":"publish","type":"post","link":"https:\/\/bu.optimum-automotive.com\/pt\/reduza-o-seu-parque-automovel-com-o-credito-de-mobilidade\/","title":{"rendered":"Reduzir o seu parque autom\u00f3vel com o Cr\u00e9dit Mobilit\u00e9"},"content":{"rendered":"<h2 class=\"wp-block-heading\"><\/h2>\n\n\n<div class=\"wp-block-image\">\n<figure class=\"alignright size-full\"><img decoding=\"async\" src=\"https:\/\/blog.optimum-automotive.com\/wp-content\/uploads\/2022\/06\/01-5.jpg\" alt=\"\" class=\"wp-image-2023\"\/><\/figure><\/div>\n\n\n<p>Para responder aos desafios econ\u00f3micos e ambientais, muitas empresas procuram tornar as suas frotas autom\u00f3veis mais ecol\u00f3gicas e at\u00e9 mais pequenas.<\/p>\n\n\n\n<p>O Cr\u00e9dit Mobilit\u00e9 \u00e9 um instrumento interessante para realizar esta transi\u00e7\u00e3o sustent\u00e1vel. <\/p>\n\n\n\n<p>Este regime oferece a possibilidade de substituir (total ou parcialmente) um autom\u00f3vel da empresa. Por exemplo, por um modelo mais pequeno, como um ve\u00edculo urbano el\u00e9trico. Al\u00e9m disso, o trabalhador pode receber um montante em dinheiro para financiar as suas desloca\u00e7\u00f5es (viagens casa-trabalho, actividades de lazer). Se o assalariado renunciar completamente ao autom\u00f3vel da empresa, o montante do Cr\u00e9dit Mobilit\u00e9 ser\u00e1 mais elevado.<\/p>\n\n\n\n<h2 class=\"wp-block-heading\"><strong>Como funciona o Cr\u00e9dit Mobilit\u00e9?<\/strong><\/h2>\n\n\n\n<p>O Cr\u00e9dit Mobilit\u00e9 destina-se \u00e0s empresas cujos trabalhadores utilizam autom\u00f3veis da empresa. Este dispositivo prev\u00ea um or\u00e7amento espec\u00edfico para a mobilidade dos trabalhadores. Deste modo, incentiva cada trabalhador a abandonar o seu ve\u00edculo a favor de uma alternativa mais ecol\u00f3gica. Por exemplo, uma solu\u00e7\u00e3o mais ecol\u00f3gica e econ\u00f3mica. Desta forma, a iniciativa incentiva a transi\u00e7\u00e3o para op\u00e7\u00f5es de transporte sustent\u00e1veis.<\/p>\n\n\n\n<p>Esta ideia de cr\u00e9dito \u00e0 mobilidade assenta em 3 pilares:<\/p>\n\n\n\n<ul class=\"wp-block-list\">\n<li>A possibilidade de colocar \u00e0 disposi\u00e7\u00e3o dos trabalhadores um ve\u00edculo menos poluente (el\u00e9trico ou h\u00edbrido) e que emita menos CO2<\/li>\n\n\n\n<li>Optar por utilizar o saldo do Cr\u00e9dit Mobilit\u00e9 em alternativas de transporte mais respeitadoras do ambiente (partilha de autom\u00f3vel, transportes p\u00fablicos, etc.)<\/li>\n\n\n\n<li>Atribui\u00e7\u00e3o do Cr\u00e9dito de Mobilidade ao trabalhador em cada ano<\/li>\n<\/ul>\n\n\n\n<h2 class=\"wp-block-heading\"><strong>Qual \u00e9 o papel da fiscalidade no Cr\u00e9dit Mobilit\u00e9?<\/strong><\/h2>\n\n\n\n<p>O Cr\u00e9dit Mobilit\u00e9 \u00e9 regido pelo direito comum. Isto significa que est\u00e1 sujeito a contribui\u00e7\u00f5es para a seguran\u00e7a social, ao contr\u00e1rio do Forfait Mobilit\u00e9s Durables. Por outras palavras, o Cr\u00e9dito Mobilidade \u00e9 considerado como uma \"presta\u00e7\u00e3o em esp\u00e9cie\" (AEN), tal como o ve\u00edculo de empresa que substitui.<\/p>\n\n\n<div class=\"wp-block-image\">\n<figure class=\"alignleft size-large\"><a class=\"cta\" href=\"https:\/\/mobility-pack.com\/\" target=\"_blank\" rel=\"eco-conduite noopener\"><img decoding=\"async\" src=\"https:\/\/bu.optimum-automotive.com\/wp-content\/uploads\/2021\/07\/audit_gratuit.jpg\" alt=\"\" class=\"wp-image-1194\"\/><\/a><\/figure><\/div>\n\n\n<p>Se a empresa possuir um ve\u00edculo de empresa que tenha circulado durante 5 anos ou menos, a presta\u00e7\u00e3o em esp\u00e9cie \u00e9 calculada de forma diferente. Neste caso, o montante fixo corresponde a 9 % do pre\u00e7o l\u00edquido de aquisi\u00e7\u00e3o do ve\u00edculo.<\/p>\n\n\n\n<p>Se o ve\u00edculo tiver 5 anos ou mais, a presta\u00e7\u00e3o em esp\u00e9cie \u00e9 fixada em 6 %. Esta medida incentiva as empresas a renovar as suas frotas de autom\u00f3veis, a fim de reduzir as emiss\u00f5es poluentes. Os ve\u00edculos mais recentes est\u00e3o mais bem adaptados \u00e0s normas ambientais actuais. Al\u00e9m disso, t\u00eam custos de manuten\u00e7\u00e3o e de repara\u00e7\u00e3o imprevistos mais baixos. Ao investir em modelos mais recentes, as empresas podem poupar dinheiro a longo prazo.<\/p>\n\n\n\n<p><br>O trabalhador ter\u00e1 igualmente de pagar o imposto sobre o rendimento das presta\u00e7\u00f5es em esp\u00e9cie.<\/p>\n\n\n\n<h2 class=\"wp-block-heading\"><strong>Definir a elegibilidade dos trabalhadores<\/strong><\/h2>\n\n\n<div class=\"wp-block-image\">\n<figure class=\"alignleft size-full\"><img decoding=\"async\" src=\"https:\/\/blog.optimum-automotive.com\/wp-content\/uploads\/2022\/06\/01-6.jpg\" alt=\"\" class=\"wp-image-2029\"\/><\/figure><\/div>\n\n\n<p>A elegibilidade dos trabalhadores para o Cr\u00e9dit Mobilit\u00e9 n\u00e3o pode ser determinada de forma aleat\u00f3ria. \u00c9 necess\u00e1rio efetuar uma auditoria aprofundada da utiliza\u00e7\u00e3o, com base em crit\u00e9rios essenciais. Esta auditoria permite-nos avaliar a pertin\u00eancia da utiliza\u00e7\u00e3o deste regime para cada assalariado.<\/p>\n\n\n\n<p>Por exemplo, um trabalhador que viva numa zona urbana e trabalhe a partir de casa n\u00e3o ter\u00e1 as mesmas necessidades de mobilidade que um trabalhador que viva numa zona rural. O cr\u00e9dito de mobilidade n\u00e3o se destina ao trabalhador rural que utiliza o seu autom\u00f3vel todos os dias, mas sim ao trabalhador urbano, oferecendo-lhe uma gama de op\u00e7\u00f5es de desloca\u00e7\u00e3o alternativas.<\/p>\n\n\n\n<p>O Cr\u00e9dit Mobilit\u00e9 dirige-se assim prioritariamente a este tipo de assalariado, que se desloca diariamente e beneficia de meios de transporte alternativos.<\/p>\n\n\n\n<h2 class=\"wp-block-heading\"><strong>Os defeitos do Cr\u00e9dit Mobilit\u00e9<\/strong><\/h2>\n\n\n\n<p>O Cr\u00e9dit Mobilit\u00e9 \u00e9 um regime atrativo para as empresas e para os trabalhadores em muitos aspectos. No entanto, a sua gest\u00e3o pode ser complicada se a empresa n\u00e3o dispuser dos instrumentos adequados para gerir, acompanhar e analisar estas mudan\u00e7as. Por conseguinte, \u00e9 prefer\u00edvel dispor de uma solu\u00e7\u00e3o de gest\u00e3o dedicada ao Cr\u00e9dit Mobilit\u00e9 e, mais amplamente, \u00e0 mobilidade dos trabalhadores (cf. Forfait Mobilit\u00e9s Durables...).<\/p>\n\n\n\n<p>\u00c9 por isso que a solu\u00e7\u00e3o Mobility Pack permite-lhe implementar facilmente o Cr\u00e9dit Mobilit\u00e9 na sua empresa. Permite-lhe controlar o custo total da mobilidade (CTM) e o impacto ambiental dos seus empregados. Pode utilizar a plataforma para : <\/p>\n\n\n\n<ul class=\"wp-block-list\">\n<li>afetar fundos a cada membro do pessoal<\/li>\n\n\n\n<li>acompanhamento das despesas (com documentos comprovativos desmaterializados)<\/li>\n\n\n\n<li>analisar o impacto das MTC no carbono, tanto a n\u00edvel individual como coletivo...<\/li>\n<\/ul>\n\n\n\n<p>Para mais informa\u00e7\u00f5es: mobility-pack.com<\/p>\n\n\n\n<p><\/p>","protected":false},"excerpt":{"rendered":"<h4>Cr\u00e9dito de mobilidade : <\/h4>\n<p> Como funciona o cr\u00e9dito de mobilidade?<\/p>","protected":false},"author":1,"featured_media":5170,"comment_status":"closed","ping_status":"closed","sticky":false,"template":"","format":"standard","meta":{"_coblocks_attr":"","_coblocks_dimensions":"","_coblocks_responsive_height":"","_coblocks_accordion_ie_support":"","_uag_custom_page_level_css":"","footnotes":""},"categories":[23],"tags":[26],"class_list":["post-4907","post","type-post","status-publish","format-standard","has-post-thumbnail","hentry","category-mobilite-des-collaborateurs","tag-credit-mobilite"],"uagb_featured_image_src":{"full":["https:\/\/bu.optimum-automotive.com\/wp-content\/uploads\/2022\/06\/Reduire-sa-flotte-automobile-grace-au-Credit-Mobilite.jpg",900,421,false],"thumbnail":["https:\/\/bu.optimum-automotive.com\/wp-content\/uploads\/2022\/06\/Reduire-sa-flotte-automobile-grace-au-Credit-Mobilite-150x150.jpg",150,150,true],"medium":["https:\/\/bu.optimum-automotive.com\/wp-content\/uploads\/2022\/06\/Reduire-sa-flotte-automobile-grace-au-Credit-Mobilite-300x140.jpg",300,140,true],"medium_large":["https:\/\/bu.optimum-automotive.com\/wp-content\/uploads\/2022\/06\/Reduire-sa-flotte-automobile-grace-au-Credit-Mobilite-768x359.jpg",768,359,true],"large":["https:\/\/bu.optimum-automotive.com\/wp-content\/uploads\/2022\/06\/Reduire-sa-flotte-automobile-grace-au-Credit-Mobilite.jpg",900,421,false],"1536x1536":["https:\/\/bu.optimum-automotive.com\/wp-content\/uploads\/2022\/06\/Reduire-sa-flotte-automobile-grace-au-Credit-Mobilite.jpg",900,421,false],"2048x2048":["https:\/\/bu.optimum-automotive.com\/wp-content\/uploads\/2022\/06\/Reduire-sa-flotte-automobile-grace-au-Credit-Mobilite.jpg",900,421,false],"trp-custom-language-flag":["https:\/\/bu.optimum-automotive.com\/wp-content\/uploads\/2022\/06\/Reduire-sa-flotte-automobile-grace-au-Credit-Mobilite-18x8.jpg",18,8,true]},"uagb_author_info":{"display_name":"camaleon","author_link":"https:\/\/bu.optimum-automotive.com\/pt\/author\/camaleon\/"},"uagb_comment_info":0,"uagb_excerpt":"Cr\u00e9dit mobilit\u00e9 : Comment fonctionne le cr\u00e9dit mobilit\u00e9\u00a0?","_links":{"self":[{"href":"https:\/\/bu.optimum-automotive.com\/pt\/wp-json\/wp\/v2\/posts\/4907","targetHints":{"allow":["GET"]}}],"collection":[{"href":"https:\/\/bu.optimum-automotive.com\/pt\/wp-json\/wp\/v2\/posts"}],"about":[{"href":"https:\/\/bu.optimum-automotive.com\/pt\/wp-json\/wp\/v2\/types\/post"}],"author":[{"embeddable":true,"href":"https:\/\/bu.optimum-automotive.com\/pt\/wp-json\/wp\/v2\/users\/1"}],"replies":[{"embeddable":true,"href":"https:\/\/bu.optimum-automotive.com\/pt\/wp-json\/wp\/v2\/comments?post=4907"}],"version-history":[{"count":3,"href":"https:\/\/bu.optimum-automotive.com\/pt\/wp-json\/wp\/v2\/posts\/4907\/revisions"}],"predecessor-version":[{"id":5388,"href":"https:\/\/bu.optimum-automotive.com\/pt\/wp-json\/wp\/v2\/posts\/4907\/revisions\/5388"}],"wp:featuredmedia":[{"embeddable":true,"href":"https:\/\/bu.optimum-automotive.com\/pt\/wp-json\/wp\/v2\/media\/5170"}],"wp:attachment":[{"href":"https:\/\/bu.optimum-automotive.com\/pt\/wp-json\/wp\/v2\/media?parent=4907"}],"wp:term":[{"taxonomy":"category","embeddable":true,"href":"https:\/\/bu.optimum-automotive.com\/pt\/wp-json\/wp\/v2\/categories?post=4907"},{"taxonomy":"post_tag","embeddable":true,"href":"https:\/\/bu.optimum-automotive.com\/pt\/wp-json\/wp\/v2\/tags?post=4907"}],"curies":[{"name":"wp","href":"https:\/\/api.w.org\/{rel}","templated":true}]}}