{"id":4910,"date":"2024-01-24T17:30:25","date_gmt":"2024-01-24T16:30:25","guid":{"rendered":"https:\/\/blog.optimum-automotive.com\/?p=2375"},"modified":"2025-01-17T16:19:31","modified_gmt":"2025-01-17T15:19:31","slug":"la-nouvelle-directive-europeenne-csrd-les-changements-a-venir-pour-la-gestion-de-flotte-automobile","status":"publish","type":"post","link":"https:\/\/bu.optimum-automotive.com\/pt\/a-nova-diretiva-europeia-csrd-as-mudancas-que-se-avizinham-para-a-gestao-da-frota-de-veiculos\/","title":{"rendered":"Diretiva CSRD: o que muda para a gest\u00e3o de frotas?"},"content":{"rendered":"<div class=\"wp-block-image\">\n<figure class=\"alignright size-large is-resized\"><img decoding=\"async\" src=\"https:\/\/mobility-pack.com\/wp-content\/uploads\/2021\/12\/1-1300x935.jpg\" alt=\"\" style=\"width:324px;height:233px\"\/><\/figure><\/div>\n\n\n<p><strong>A gest\u00e3o de frotas de ve\u00edculos est\u00e1 prestes a sofrer algumas altera\u00e7\u00f5es importantes. A Diretiva Europeia relativa aos relat\u00f3rios de sustentabilidade das empresas (CSRD) entrar\u00e1 em vigor a 7 de dezembro de 2023. O objetivo desta legisla\u00e7\u00e3o \u00e9 harmonizar os relat\u00f3rios de sustentabilidade,<\/strong> <strong>melhorar a responsabilidade das empresas em termos de desenvolvimento sustent\u00e1vel e de transpar\u00eancia na sua abordagem de RSE.<\/strong><\/p>\n\n\n\n<p><em><strong>Descubra neste artigo as principais altera\u00e7\u00f5es esperadas e as novas funcionalidades que ter\u00e3o impacto na gest\u00e3o da frota de ve\u00edculos.<\/strong><\/em><\/p>\n\n\n\n<h2 class=\"wp-block-heading\">1 O que \u00e9 a Lei CSRD?<\/h2>\n\n\n<div class=\"wp-block-image\">\n<figure class=\"alignleft size-large is-resized\"><img decoding=\"async\" src=\"https:\/\/mobility-pack.com\/wp-content\/uploads\/2021\/11\/img-pour-votre-entreprise.jpg\" alt=\"\" style=\"width:258px;height:170px\"\/><\/figure><\/div>\n\n\n<p>A Diretiva Europeia CSRD \u00e9 um novo conjunto de regulamentos que ser\u00e1 introduzido gradualmente com base em determinados crit\u00e9rios. Exigir\u00e1 que mais de 50 000 empresas divulguem informa\u00e7\u00f5es sobre quest\u00f5es de responsabilidade social das empresas (RSE). Estas informa\u00e7\u00f5es ter\u00e3o de ser inclu\u00eddas nos seus relat\u00f3rios financeiros a partir de janeiro de 2024.<\/p>\n\n\n\n<p>Esta diretiva substitui a NFRD (Non-Financial Reporting Directive). Por outras palavras, as empresas ter\u00e3o de incluir informa\u00e7\u00f5es mais qualitativas e precisas sobre o seu impacto social e ambiental nos seus relat\u00f3rios financeiros \"tradicionais\".<\/p>\n\n\n\n<h2 class=\"wp-block-heading\">2. A CSRD aplica-se a mim?<\/h2>\n\n\n\n<p><\/p>\n\n\n\n<h4 class=\"wp-block-heading has-text-align-center\"><strong>Empresas europeias<\/strong><\/h4>\n\n\n\n<div class=\"wp-block-group\"><div class=\"wp-block-group__inner-container is-layout-flow wp-block-group-is-layout-flow\">\n<figure class=\"wp-block-table is-style-stripes\"><table class=\"has-fixed-layout\"><tbody><tr><td>Data<\/td><td>1 de janeiro de 2024<\/td><td>1<sup>er<\/sup> janeiro de 2025<\/td><td>1<sup>er<\/sup> janeiro de 2026<\/td><\/tr><tr><td>Tipos de empresas<\/td><td>Grandes empresas cotadas :<\/td><td>Grandes empresas em causa se satisfizerem 2\/3 dos seguintes crit\u00e9rios:<\/td><td>PME cotadas em causa se satisfizerem 2\/3 dos seguintes crit\u00e9rios:<\/td><\/tr><tr><td>Tamanho<\/td><td>Mais de 500 empregados<\/td><td>250 empregados ou mais<\/td><td>10 empregados ou mais<\/td><\/tr><tr><td>N\u00fameros de vendas<\/td><td><\/td><td>Vendas anuais iguais ou superiores a 40 milh\u00f5es de euros<\/td><td>900 000 euros ou mais em vendas anuais<\/td><\/tr><tr><td>Total do balan\u00e7o<\/td><td><\/td><td>Total do balan\u00e7o igual ou superior a 20 milh\u00f5es de euros<\/td><td>Total do balan\u00e7o igual ou superior a 450 000 euros<\/td><\/tr><\/tbody><\/table><figcaption class=\"wp-element-caption\"><strong><br><\/strong><\/figcaption><\/figure>\n<\/div><\/div>\n\n\n\n<h2 class=\"wp-block-heading\">3. Altera\u00e7\u00f5es e consequ\u00eancias para a gest\u00e3o do parque autom\u00f3vel :<\/h2>\n\n\n<div class=\"wp-block-image\">\n<figure class=\"alignright size-large is-resized\"><img decoding=\"async\" src=\"https:\/\/mobility-pack.com\/wp-content\/uploads\/2021\/12\/deplacements_professionnels.jpg\" alt=\"\" style=\"width:451px;height:310px\"\/><\/figure><\/div>\n\n\n<ul class=\"wp-block-list\">\n<li>Obriga\u00e7\u00e3o de comunicar as emiss\u00f5es de CO2. As empresas ter\u00e3o de fornecer informa\u00e7\u00f5es sobre as emiss\u00f5es de CO2 da sua frota de ve\u00edculos. Ter\u00e3o tamb\u00e9m de comunicar as medidas adoptadas para reduzir essas emiss\u00f5es. A este respeito, as solu\u00e7\u00f5es de gest\u00e3o de frotas de ve\u00edculos, como o <a href=\"https:\/\/bu.optimum-automotive.com\/pt\/\">\u00d3timo<\/a>Estes podem fornecer indicadores valiosos do impacto ambiental das frotas de ve\u00edculos. Permitem igualmente a ado\u00e7\u00e3o de medidas concretas para reduzir e otimizar as emiss\u00f5es de CO2 dos ve\u00edculos. Em termos mais gerais, ajuda a otimizar a mobilidade profissional. Por exemplo, atrav\u00e9s da an\u00e1lise e otimiza\u00e7\u00e3o do comportamento de condu\u00e7\u00e3o, <a href=\"https:\/\/autopartage-entreprise.optimum-carsharing.co\/\">partilha de autom\u00f3veis\/carpooling<\/a>, <a href=\"https:\/\/nouvelles-mobilites.mobility-pack.com\/\">mobilidade alternativa<\/a>.<\/li>\n<\/ul>\n\n\n\n<div class=\"wp-block-image\"><figure class=\"alignleft size-large\"><a class=\"cta\" href=\"https:\/\/mobility-pack.com\/\" target=\"_blank\" rel=\"eco-conduite noopener\"><img decoding=\"async\" src=\"https:\/\/bu.optimum-automotive.com\/wp-content\/uploads\/2021\/07\/audit_gratuit.jpg\" alt=\"\" class=\"wp-image-1168\"><\/a><\/figure><\/div>\n\n\n\n<ul class=\"wp-block-list\">\n<li>Uma an\u00e1lise dos riscos empresariais associados \u00e0s altera\u00e7\u00f5es clim\u00e1ticas. As empresas s\u00e3o incentivadas a identificar, atenuar e comunicar os impactes negativos e os riscos das altera\u00e7\u00f5es clim\u00e1ticas na sua atividade.<\/li>\n<\/ul>\n\n\n\n<ul class=\"wp-block-list\">\n<li>Ter em conta as externalidades negativas. As empresas ter\u00e3o de ter em conta as externalidades negativas, como a polui\u00e7\u00e3o atmosf\u00e9rica e os acidentes rodovi\u00e1rios, na gest\u00e3o do seu parque autom\u00f3vel. Isto inclui a avalia\u00e7\u00e3o do impacto destas externalidades no desempenho financeiro da empresa e a aplica\u00e7\u00e3o de estrat\u00e9gias para as atenuar.<\/li>\n<\/ul>\n\n\n\n<h2 class=\"wp-block-heading\">4. Novas funcionalidades e altera\u00e7\u00f5es previs\u00edveis :<\/h2>\n\n\n\n<ul class=\"wp-block-list\">\n<li>Harmoniza\u00e7\u00e3o dos relat\u00f3rios de sustentabilidade. As empresas ter\u00e3o de utilizar um formato normalizado para os seus relat\u00f3rios de sustentabilidade, o que facilitar\u00e1 a compara\u00e7\u00e3o entre empresas e aumentar\u00e1 a transpar\u00eancia.<\/li>\n<\/ul>\n\n\n\n<ul class=\"wp-block-list\">\n<li>Verifica\u00e7\u00e3o externa dos relat\u00f3rios de sustentabilidade. Os relat\u00f3rios de sustentabilidade ter\u00e3o de ser verificados por um terceiro independente, para refor\u00e7ar a fiabilidade da informa\u00e7\u00e3o fornecida. (Revisor oficial de contas ou organiza\u00e7\u00e3o terceira independente acreditada)<\/li>\n<\/ul>\n\n\n\n<ul class=\"wp-block-list\">\n<li>Um alargamento do \u00e2mbito de aplica\u00e7\u00e3o da diretiva. A CSRD aplicar-se-\u00e1 a um maior n\u00famero de empresas do que atualmente.<\/li>\n<\/ul>\n\n\n\n<h2 class=\"wp-block-heading\">5. O calend\u00e1rio de execu\u00e7\u00e3o da CSRD<\/h2>\n\n\n<div class=\"wp-block-image\">\n<figure class=\"aligncenter size-full\"><img decoding=\"async\" src=\"https:\/\/bu.optimum-automotive.com\/wp-content\/uploads\/2024\/01\/calendrier-CSRD.jpg\" alt=\"\" class=\"wp-image-2378\"\/><figcaption class=\"wp-element-caption\"><em>Fonte : cci-paris-idf.fr<\/em><\/figcaption><\/figure><\/div>\n\n\n<h2 class=\"wp-block-heading\"><strong>Em poucas palavras<\/strong><\/h2>\n\n\n\n<div class=\"wp-block-image\"><figure class=\"alignright size-large\"><a class=\"cta\" href=\"https:\/\/mobility-pack.com\/contact\/\" target=\"_blank\" rel=\"\u00e9co-conduite noopener\"><img decoding=\"async\" src=\"https:\/\/bu.optimum-automotive.com\/wp-content\/uploads\/2021\/07\/eco_conduite.jpg\" alt=\"\" class=\"wp-image-1157\"><\/a><\/figure><\/div>\n\n\n\n<p>A emerg\u00eancia clim\u00e1tica \u00e9 agora muito real. As empresas de todas as dimens\u00f5es est\u00e3o a ser encorajadas a dar o seu contributo. H\u00e1 v\u00e1rios anos que se multiplicam os programas (LOM, ZFE, etc.) destinados a minimizar o impacto ambiental das frotas autom\u00f3veis e das desloca\u00e7\u00f5es profissionais. Para facilitar esta transi\u00e7\u00e3o para uma mobilidade mais sustent\u00e1vel, \u00e9 essencial que as empresas estejam equipadas com ferramentas para medir e reduzir a sua pegada de carbono.<\/p>\n\n\n\n<p>Especialista em ve\u00edculos conectados e mobilidade profissional desde 2006, a Optimum ajuda as empresas e as autoridades p\u00fablicas a otimizar a sua mobilidade, tanto do ponto de vista financeiro como ambiental.<\/p>\n\n\n\n<p><\/p>","protected":false},"excerpt":{"rendered":"<h4>CSRD : <\/h4>\n<p> grandes mudan\u00e7as na gest\u00e3o de frotas<\/p>","protected":false},"author":1,"featured_media":5172,"comment_status":"closed","ping_status":"closed","sticky":false,"template":"","format":"standard","meta":{"_coblocks_attr":"","_coblocks_dimensions":"","_coblocks_responsive_height":"","_coblocks_accordion_ie_support":"","_uag_custom_page_level_css":"","footnotes":""},"categories":[23],"tags":[21],"class_list":["post-4910","post","type-post","status-publish","format-standard","has-post-thumbnail","hentry","category-mobilite-des-collaborateurs","tag-transition-energetique"],"uagb_featured_image_src":{"full":["https:\/\/bu.optimum-automotive.com\/wp-content\/uploads\/2024\/01\/nouvelle-directive-europeenne-CSRD.jpg",900,421,false],"thumbnail":["https:\/\/bu.optimum-automotive.com\/wp-content\/uploads\/2024\/01\/nouvelle-directive-europeenne-CSRD-150x150.jpg",150,150,true],"medium":["https:\/\/bu.optimum-automotive.com\/wp-content\/uploads\/2024\/01\/nouvelle-directive-europeenne-CSRD-300x140.jpg",300,140,true],"medium_large":["https:\/\/bu.optimum-automotive.com\/wp-content\/uploads\/2024\/01\/nouvelle-directive-europeenne-CSRD-768x359.jpg",768,359,true],"large":["https:\/\/bu.optimum-automotive.com\/wp-content\/uploads\/2024\/01\/nouvelle-directive-europeenne-CSRD.jpg",900,421,false],"1536x1536":["https:\/\/bu.optimum-automotive.com\/wp-content\/uploads\/2024\/01\/nouvelle-directive-europeenne-CSRD.jpg",900,421,false],"2048x2048":["https:\/\/bu.optimum-automotive.com\/wp-content\/uploads\/2024\/01\/nouvelle-directive-europeenne-CSRD.jpg",900,421,false],"trp-custom-language-flag":["https:\/\/bu.optimum-automotive.com\/wp-content\/uploads\/2024\/01\/nouvelle-directive-europeenne-CSRD-18x8.jpg",18,8,true]},"uagb_author_info":{"display_name":"camaleon","author_link":"https:\/\/bu.optimum-automotive.com\/pt\/author\/camaleon\/"},"uagb_comment_info":0,"uagb_excerpt":"CSRD : de grands changements pour la gestion de flotte","_links":{"self":[{"href":"https:\/\/bu.optimum-automotive.com\/pt\/wp-json\/wp\/v2\/posts\/4910","targetHints":{"allow":["GET"]}}],"collection":[{"href":"https:\/\/bu.optimum-automotive.com\/pt\/wp-json\/wp\/v2\/posts"}],"about":[{"href":"https:\/\/bu.optimum-automotive.com\/pt\/wp-json\/wp\/v2\/types\/post"}],"author":[{"embeddable":true,"href":"https:\/\/bu.optimum-automotive.com\/pt\/wp-json\/wp\/v2\/users\/1"}],"replies":[{"embeddable":true,"href":"https:\/\/bu.optimum-automotive.com\/pt\/wp-json\/wp\/v2\/comments?post=4910"}],"version-history":[{"count":3,"href":"https:\/\/bu.optimum-automotive.com\/pt\/wp-json\/wp\/v2\/posts\/4910\/revisions"}],"predecessor-version":[{"id":5227,"href":"https:\/\/bu.optimum-automotive.com\/pt\/wp-json\/wp\/v2\/posts\/4910\/revisions\/5227"}],"wp:featuredmedia":[{"embeddable":true,"href":"https:\/\/bu.optimum-automotive.com\/pt\/wp-json\/wp\/v2\/media\/5172"}],"wp:attachment":[{"href":"https:\/\/bu.optimum-automotive.com\/pt\/wp-json\/wp\/v2\/media?parent=4910"}],"wp:term":[{"taxonomy":"category","embeddable":true,"href":"https:\/\/bu.optimum-automotive.com\/pt\/wp-json\/wp\/v2\/categories?post=4910"},{"taxonomy":"post_tag","embeddable":true,"href":"https:\/\/bu.optimum-automotive.com\/pt\/wp-json\/wp\/v2\/tags?post=4910"}],"curies":[{"name":"wp","href":"https:\/\/api.w.org\/{rel}","templated":true}]}}