{"id":5351,"date":"2025-01-20T17:19:06","date_gmt":"2025-01-20T16:19:06","guid":{"rendered":"https:\/\/www.optimum-automotive.com\/?p=5351"},"modified":"2025-01-24T10:34:57","modified_gmt":"2025-01-24T09:34:57","slug":"les-radars-intelligents-en-france-comment-bien-proteger-son-entreprise","status":"publish","type":"post","link":"https:\/\/bu.optimum-automotive.com\/pt\/radares-de-transito-inteligentes-em-franca-como-proteger-a-sua-empresa\/","title":{"rendered":"Radares de tr\u00e2nsito inteligentes em Fran\u00e7a: proteger a sua empresa"},"content":{"rendered":"<p>Em 2025, est\u00e1 em curso uma mudan\u00e7a radical na gest\u00e3o da seguran\u00e7a rodovi\u00e1ria em Fran\u00e7a, com a introdu\u00e7\u00e3o de <a href=\"https:\/\/www.caminteresse.fr\/societe\/tout-ce-que-vous-devez-savoir-sur-les-nouveaux-radars-en-2025-11199260\/\"><strong>radares inteligentes<\/strong><\/a>. Estes dispositivos, que incorporam tecnologias avan\u00e7adas como<strong>intelig\u00eancia artificial (IA)<\/strong>O objetivo \u00e9 melhorar a seguran\u00e7a rodovi\u00e1ria. Esta evolu\u00e7\u00e3o promete reduzir as infrac\u00e7\u00f5es e melhorar a seguran\u00e7a global, mas tamb\u00e9m coloca desafios \u00e0s empresas. Estas ter\u00e3o de adaptar as suas <strong>gest\u00e3o de frotas<\/strong> para cumprir as novas regras e prevenir os riscos associados \u00e0 utiliza\u00e7\u00e3o profissional de ve\u00edculos. Leia este artigo para conhecer as solu\u00e7\u00f5es dispon\u00edveis atualmente para proteger as suas equipas e a sua empresa face a esta evolu\u00e7\u00e3o.<\/p>\n\n\n\n<h2 class=\"wp-block-heading has-text-color\" style=\"color:#1223df\">Radar inteligente: um grande avan\u00e7o tecnol\u00f3gico<\/h2>\n\n\n\n<p style=\"font-size:18px\">Os radares de tr\u00e2nsito inteligentes fazem muito mais do que simplesmente detetar o excesso de velocidade. Gra\u00e7as \u00e0<strong>IA<\/strong> (intelig\u00eancia artificial), monitorizam uma vasta gama de comportamentos perigosos em tempo real:<\/p>\n\n\n\n<ul style=\"font-size:18px\" class=\"wp-block-list\">\n<li>Excesso de velocidade<\/li>\n\n\n\n<li>N\u00e3o respeitar as dist\u00e2ncias de seguran\u00e7a<\/li>\n\n\n\n<li>Utilizar o telefone ao volante<\/li>\n\n\n\n<li>N\u00e3o usar cinto de seguran\u00e7a<\/li>\n<\/ul>\n\n\n\n<p><\/p>\n\n\n\n<figure class=\"wp-block-gallery has-nested-images columns-default is-cropped wp-block-gallery-1 is-layout-flex wp-block-gallery-is-layout-flex\">\n<figure class=\"wp-block-image size-full\"><img loading=\"lazy\" decoding=\"async\" width=\"1024\" height=\"257\" data-id=\"5353\" src=\"https:\/\/bu.optimum-automotive.com\/wp-content\/uploads\/2025\/01\/pictos_infractions-1-1024x2571-1.png\" alt=\"\" class=\"wp-image-5353\" srcset=\"https:\/\/bu.optimum-automotive.com\/wp-content\/uploads\/2025\/01\/pictos_infractions-1-1024x2571-1.png 1024w, https:\/\/bu.optimum-automotive.com\/wp-content\/uploads\/2025\/01\/pictos_infractions-1-1024x2571-1-300x75.png 300w, https:\/\/bu.optimum-automotive.com\/wp-content\/uploads\/2025\/01\/pictos_infractions-1-1024x2571-1-768x193.png 768w, https:\/\/bu.optimum-automotive.com\/wp-content\/uploads\/2025\/01\/pictos_infractions-1-1024x2571-1-18x5.png 18w\" sizes=\"auto, (max-width: 1024px) 100vw, 1024px\" \/><\/figure>\n<\/figure>\n\n\n\n<p style=\"font-size:18px\">Esta vigil\u00e2ncia alargada permite visar os comportamentos de alto risco, refor\u00e7ando assim a <strong>seguran\u00e7a rodovi\u00e1ria<\/strong>. A sua capacidade de analisar v\u00e1rios aspectos da condu\u00e7\u00e3o em simult\u00e2neo permite uma melhor compreens\u00e3o dos factores que conduzem aos acidentes, tornando os radares inteligentes uma ferramenta poderosa para reduzir os comportamentos imprudentes.<\/p>\n\n\n\n<p><\/p>\n\n\n\n<p><\/p>\n\n\n\n<h2 class=\"wp-block-heading has-text-color\" style=\"color:#1223df\">Um desafio para as empresas: o impacto dos radares de tr\u00e2nsito inteligentes<\/h2>\n\n\n\n<p style=\"font-size:18px\">Desde 2017, a legisla\u00e7\u00e3o obriga as empresas a designar o condutor respons\u00e1vel em caso de infra\u00e7\u00e3o que envolva um ve\u00edculo da empresa, sob pena de san\u00e7\u00f5es. Com a chegada dos radares de velocidade inteligentes em 2025, a gest\u00e3o das frotas torna-se mais complexa, com um maior n\u00famero de comportamentos a serem monitorizados.<\/p>\n\n\n\n<p class=\"has-medium-font-size\"><strong>Por conseguinte, as empresas devem :<\/strong><\/p>\n\n\n\n<ul style=\"font-size:18px\" class=\"wp-block-list\">\n<li>Identificar os infractores, nomeadamente no caso dos ve\u00edculos partilhados<\/li>\n\n\n\n<li>Garantir o cumprimento das novas regras<\/li>\n\n\n\n<li>Otimizar a gest\u00e3o da frota para evitar riscos legais e financeiros<\/li>\n<\/ul>\n\n\n\n<p><\/p>\n\n\n\n<p><\/p>\n\n\n\n<p><\/p>\n\n\n\n<h2 class=\"wp-block-heading has-text-color\" style=\"color:#1223df\">Automatizar a gest\u00e3o das coimas: uma solu\u00e7\u00e3o eficaz<\/h2>\n\n\n\n<p class=\"has-black-color has-text-color\" style=\"font-size:18px\">O alargamento das infrac\u00e7\u00f5es sujeitas a vigil\u00e2ncia torna mais complexa a gest\u00e3o manual das coimas. Solu\u00e7\u00f5es como as propostas por <strong>\u00d3timo<\/strong> podem automatizar este processo, ligando as frotas a plataformas como a ANTAI (<a href=\"https:\/\/www.antai.gouv.fr\/\">Agence Nationale de Traitement Automatis\u00e9 des Infractions (Ag\u00eancia Nacional de Tratamento Automatizado de Infrac\u00e7\u00f5es)<\/a>). Gra\u00e7as a <a href=\"https:\/\/bu.optimum-automotive.com\/pt\/para-gestores-de-frotas\/\">este servi\u00e7o<\/a>Desta forma, o condutor infrator pode ser identificado mais rapidamente e as multas podem ser geridas de forma mais eficiente.<\/p>\n\n\n\n<p class=\"has-medium-font-size\"><strong>As vantagens da automatiza\u00e7\u00e3o :<\/strong><\/p>\n\n\n\n<ul style=\"font-size:18px\" class=\"wp-block-list\">\n<li>Redu\u00e7\u00e3o do tempo de processamento<\/li>\n\n\n\n<li>Cumprimento das obriga\u00e7\u00f5es legais<\/li>\n\n\n\n<li>Responsabilizar os condutores<\/li>\n<\/ul>\n\n\n\n<p><\/p>\n\n\n\n<p><\/p>\n\n\n\n<p><\/p>\n\n\n\n<figure class=\"wp-block-image size-full\"><img loading=\"lazy\" decoding=\"async\" width=\"1024\" height=\"366\" src=\"https:\/\/bu.optimum-automotive.com\/wp-content\/uploads\/2025\/01\/Image2-1024x3661-1.jpg\" alt=\"\" class=\"wp-image-5355\" srcset=\"https:\/\/bu.optimum-automotive.com\/wp-content\/uploads\/2025\/01\/Image2-1024x3661-1.jpg 1024w, https:\/\/bu.optimum-automotive.com\/wp-content\/uploads\/2025\/01\/Image2-1024x3661-1-300x107.jpg 300w, https:\/\/bu.optimum-automotive.com\/wp-content\/uploads\/2025\/01\/Image2-1024x3661-1-768x275.jpg 768w, https:\/\/bu.optimum-automotive.com\/wp-content\/uploads\/2025\/01\/Image2-1024x3661-1-18x6.jpg 18w\" sizes=\"auto, (max-width: 1024px) 100vw, 1024px\" \/><\/figure>\n\n\n\n<h2 class=\"wp-block-heading has-text-color\" style=\"color:#1223df\">Prevenir os comportamentos de risco: um investimento no futuro<\/h2>\n\n\n\n<p class=\"has-black-color has-text-color\" style=\"font-size:18px\">A gest\u00e3o das coimas \u00e9 apenas uma parte da equa\u00e7\u00e3o. Antes de mais, o <strong><a href=\"https:\/\/bu.optimum-automotive.com\/pt\/para-gestores-de-frotas\/\">preven\u00e7\u00e3o de comportamentos de risco<\/a><\/strong> \u00e9 essencial para a seguran\u00e7a dos trabalhadores e para a redu\u00e7\u00e3o dos custos relacionados com acidentes. As tecnologias de gest\u00e3o de frotas conectadas, como as oferecidas pela <strong>\u00d3timo<\/strong>Estes recolhem dados valiosos sobre o comportamento de condu\u00e7\u00e3o, permitindo a identifica\u00e7\u00e3o de comportamentos de risco e a atribui\u00e7\u00e3o de uma pontua\u00e7\u00e3o \"Eco-index\" a cada condutor.<\/p>\n\n\n\n<p style=\"font-size:18px\">Com base nestes dados, as empresas podem implementar medidas espec\u00edficas para sensibilizar os seus condutores, tais como cursos de forma\u00e7\u00e3o e concursos de condu\u00e7\u00e3o respons\u00e1vel. Estas medidas contribuem para a seguran\u00e7a dos trabalhadores e reduzem o n\u00famero de acidentes, diminuindo assim os custos dos seguros.<\/p>\n\n\n\n<p><\/p>\n\n\n\n<p><\/p>\n\n\n\n<p style=\"font-size:18px\">Em conclus\u00e3o, a chegada dos radares de velocidade inteligentes marca um importante passo em frente na seguran\u00e7a rodovi\u00e1ria em Fran\u00e7a. As empresas devem preparar-se desde j\u00e1, adoptando solu\u00e7\u00f5es inovadoras para cumprir a nova legisla\u00e7\u00e3o, melhorando assim a seguran\u00e7a das suas equipas e reduzindo os riscos financeiros e jur\u00eddicos.<\/p>\n\n\n\n<p><\/p>\n\n\n\n<p><\/p>\n\n\n\n<p><\/p>\n\n\n\n<h4 class=\"wp-block-heading has-text-color\" style=\"color:#1223df;font-size:18px\"><a href=\"https:\/\/bu.optimum-automotive.com\/pt\/contact\/\">&gt;&gt; <strong>Antecipe-se hoje para uma gest\u00e3o \u00f3ptima das suas frotas e uma prote\u00e7\u00e3o eficaz contra os desafios de 2025<\/strong> !<\/a><\/h4>\n\n\n\n<div class=\"wp-block-buttons is-layout-flex wp-block-buttons-is-layout-flex\">\n<div class=\"wp-block-button\"><a class=\"wp-block-button__link has-blue-background-color has-background wp-element-button\" href=\"https:\/\/bu.optimum-automotive.com\/pt\/contact\/\">Entre em contacto connosco!<\/a><\/div>\n<\/div>\n\n\n\n<p><\/p>","protected":false},"excerpt":{"rendered":"<h4>Radares de tr\u00e2nsito inteligentes :<\/h4>\n<p> um grande avan\u00e7o tecnol\u00f3gico<\/p>","protected":false},"author":1,"featured_media":5363,"comment_status":"closed","ping_status":"closed","sticky":false,"template":"","format":"standard","meta":{"_coblocks_attr":"","_coblocks_dimensions":"","_coblocks_responsive_height":"","_coblocks_accordion_ie_support":"","_uag_custom_page_level_css":"","footnotes":""},"categories":[13],"tags":[12,18],"class_list":["post-5351","post","type-post","status-publish","format-standard","has-post-thumbnail","hentry","category-gestion-de-flotte","tag-gestion-de-parc-automobile","tag-gestion-des-amendes"],"uagb_featured_image_src":{"full":["https:\/\/bu.optimum-automotive.com\/wp-content\/uploads\/2025\/01\/Les-radars-intelligents-en-France.jpg",900,421,false],"thumbnail":["https:\/\/bu.optimum-automotive.com\/wp-content\/uploads\/2025\/01\/Les-radars-intelligents-en-France-150x150.jpg",150,150,true],"medium":["https:\/\/bu.optimum-automotive.com\/wp-content\/uploads\/2025\/01\/Les-radars-intelligents-en-France-300x140.jpg",300,140,true],"medium_large":["https:\/\/bu.optimum-automotive.com\/wp-content\/uploads\/2025\/01\/Les-radars-intelligents-en-France-768x359.jpg",768,359,true],"large":["https:\/\/bu.optimum-automotive.com\/wp-content\/uploads\/2025\/01\/Les-radars-intelligents-en-France.jpg",900,421,false],"1536x1536":["https:\/\/bu.optimum-automotive.com\/wp-content\/uploads\/2025\/01\/Les-radars-intelligents-en-France.jpg",900,421,false],"2048x2048":["https:\/\/bu.optimum-automotive.com\/wp-content\/uploads\/2025\/01\/Les-radars-intelligents-en-France.jpg",900,421,false],"trp-custom-language-flag":["https:\/\/bu.optimum-automotive.com\/wp-content\/uploads\/2025\/01\/Les-radars-intelligents-en-France-18x8.jpg",18,8,true]},"uagb_author_info":{"display_name":"camaleon","author_link":"https:\/\/bu.optimum-automotive.com\/pt\/author\/camaleon\/"},"uagb_comment_info":0,"uagb_excerpt":"Radars intelligents : une avanc\u00e9e technologique majeure","_links":{"self":[{"href":"https:\/\/bu.optimum-automotive.com\/pt\/wp-json\/wp\/v2\/posts\/5351","targetHints":{"allow":["GET"]}}],"collection":[{"href":"https:\/\/bu.optimum-automotive.com\/pt\/wp-json\/wp\/v2\/posts"}],"about":[{"href":"https:\/\/bu.optimum-automotive.com\/pt\/wp-json\/wp\/v2\/types\/post"}],"author":[{"embeddable":true,"href":"https:\/\/bu.optimum-automotive.com\/pt\/wp-json\/wp\/v2\/users\/1"}],"replies":[{"embeddable":true,"href":"https:\/\/bu.optimum-automotive.com\/pt\/wp-json\/wp\/v2\/comments?post=5351"}],"version-history":[{"count":4,"href":"https:\/\/bu.optimum-automotive.com\/pt\/wp-json\/wp\/v2\/posts\/5351\/revisions"}],"predecessor-version":[{"id":5626,"href":"https:\/\/bu.optimum-automotive.com\/pt\/wp-json\/wp\/v2\/posts\/5351\/revisions\/5626"}],"wp:featuredmedia":[{"embeddable":true,"href":"https:\/\/bu.optimum-automotive.com\/pt\/wp-json\/wp\/v2\/media\/5363"}],"wp:attachment":[{"href":"https:\/\/bu.optimum-automotive.com\/pt\/wp-json\/wp\/v2\/media?parent=5351"}],"wp:term":[{"taxonomy":"category","embeddable":true,"href":"https:\/\/bu.optimum-automotive.com\/pt\/wp-json\/wp\/v2\/categories?post=5351"},{"taxonomy":"post_tag","embeddable":true,"href":"https:\/\/bu.optimum-automotive.com\/pt\/wp-json\/wp\/v2\/tags?post=5351"}],"curies":[{"name":"wp","href":"https:\/\/api.w.org\/{rel}","templated":true}]}}