{"id":5470,"date":"2025-01-22T17:35:53","date_gmt":"2025-01-22T16:35:53","guid":{"rendered":"https:\/\/www.optimum-automotive.com\/?p=5470"},"modified":"2025-01-29T16:27:34","modified_gmt":"2025-01-29T15:27:34","slug":"optimum-present-sur-flotauto-paris-2025","status":"publish","type":"post","link":"https:\/\/bu.optimum-automotive.com\/pt\/optimum-presente-na-flotauto-paris-2025\/","title":{"rendered":"A Optimum estar\u00e1 presente na FLOTAUTO 2025- PARIS"},"content":{"rendered":"<div class=\"wp-block-uagb-image uagb-block-83f0e5b8 wp-block-uagb-image--layout-default wp-block-uagb-image--effect-static wp-block-uagb-image--align-none\"><figure class=\"wp-block-uagb-image__figure\"><img decoding=\"async\" srcset=\"https:\/\/bu.optimum-automotive.com\/wp-content\/uploads\/2025\/01\/rdv-2-1024x215.png ,https:\/\/bu.optimum-automotive.com\/wp-content\/uploads\/2025\/01\/rdv-2.png 780w, https:\/\/bu.optimum-automotive.com\/wp-content\/uploads\/2025\/01\/rdv-2.png 360w\" sizes=\"auto, (max-width: 480px) 150px\" src=\"https:\/\/bu.optimum-automotive.com\/wp-content\/uploads\/2025\/01\/rdv-2-1024x215.png\" alt=\"\" class=\"uag-image-5478\" width=\"2891\" height=\"608\" title=\"nomea\u00e7\u00e3o\" loading=\"lazy\" role=\"img\"\/><\/figure><\/div>\n\n\n\n<p><strong>A Optimum participar\u00e1 no sal\u00e3o FlotAuto em Paris, a 6 de fevereiro de 2025, nos Grandes Halles de la Villette. <\/strong><\/p>\n\n\n\n<p>Este grande evento reunir\u00e1 mais de <strong>200 expositores<\/strong> e acolher\u00e1 quase <strong>4.000 visitantes<\/strong>. Os profissionais vieram debater as \u00faltimas inova\u00e7\u00f5es e solu\u00e7\u00f5es para otimizar as frotas de ve\u00edculos.<\/p>\n\n\n\n<p>Mais uma vez este ano, <strong>\u00d3timo <\/strong>estar\u00e1 presente para partilhar a sua experi\u00eancia e apresentar as suas solu\u00e7\u00f5es inovadoras. <\/p>\n\n\n\n<h2 class=\"wp-block-heading\">Porqu\u00ea visitar o stand da Optimum?<\/h2>\n\n\n\n<p>A Optimum apresentar\u00e1 as suas solu\u00e7\u00f5es para a redu\u00e7\u00e3o de custos, a transi\u00e7\u00e3o energ\u00e9tica e a mobilidade sustent\u00e1vel. Os visitantes poder\u00e3o descobrir :<\/p>\n\n\n\n<ul class=\"wp-block-list\">\n<li>Inova\u00e7\u00f5es que permitem <strong>ve\u00edculos de liga\u00e7\u00e3o<\/strong> <\/li>\n\n\n\n<li>Ferramentas para facilitar a transi\u00e7\u00e3o para <strong>ve\u00edculo el\u00e9trico<\/strong> e promover solu\u00e7\u00f5es como<strong>partilha de autom\u00f3veis<\/strong> ou o <strong>partilha de boleias<\/strong><\/li>\n\n\n\n<li>Apoio personalizado para satisfazer as necessidades espec\u00edficas dos gestores de frotas<\/li>\n<\/ul>\n\n\n\n<p><\/p>\n\n\n\n<p>O sal\u00e3o Flotauto oferece uma oportunidade \u00fanica para falar com as equipas da Optimum e conhecer melhor as tend\u00eancias do sector. Com uma presen\u00e7a consolidada em <strong>Fran\u00e7a<\/strong> e o<strong>internacional<\/strong>nomeadamente por <strong>\u00c1frica<\/strong>A Optimum est\u00e1 mais uma vez a demonstrar a sua capacidade de inovar e de responder aos desafios das empresas modernas.<\/p>\n\n\n\n<div class=\"wp-block-uagb-image uagb-block-e56a63be wp-block-uagb-image--layout-default wp-block-uagb-image--effect-static wp-block-uagb-image--align-none\"><figure class=\"wp-block-uagb-image__figure\"><img decoding=\"async\" srcset=\"https:\/\/bu.optimum-automotive.com\/wp-content\/uploads\/2025\/01\/rencontresparis-flotauto-stands-hp-1-1024x320.jpg ,https:\/\/bu.optimum-automotive.com\/wp-content\/uploads\/2025\/01\/rencontresparis-flotauto-stands-hp-1.jpg 780w, https:\/\/bu.optimum-automotive.com\/wp-content\/uploads\/2025\/01\/rencontresparis-flotauto-stands-hp-1.jpg 360w\" sizes=\"auto, (max-width: 480px) 150px\" src=\"https:\/\/bu.optimum-automotive.com\/wp-content\/uploads\/2025\/01\/rencontresparis-flotauto-stands-hp-1-1024x320.jpg\" alt=\"\" class=\"uag-image-5489\" width=\"1800\" height=\"563\" title=\"reuni\u00f5esparis-flotauto-stands-hp\" loading=\"lazy\" role=\"img\"\/><\/figure><\/div>\n\n\n\n<blockquote class=\"wp-block-quote is-layout-flow wp-block-quote-is-layout-flow\">\n<p>N\u00e3o perca esta oportunidade de conhecer os nossos especialistas e de saber como as nossas solu\u00e7\u00f5es podem transformar a sua gest\u00e3o de frotas. <strong>Vemo-nos a 6 de fevereiro de 2025 no stand C61!<\/strong> <\/p>\n<\/blockquote>\n\n\n\n<p><strong>&gt;&gt; N\u00e3o perca a confer\u00eancia sobre \"Telem\u00e1tica: como reduzir os custos\".<\/strong> que ter\u00e1 lugar durante o evento. <strong>Reunir-se na sala C das 14h15 \u00e0s 15h15,<\/strong> para uma confer\u00eancia co-organizada por Laurent Verdier, Diretor de Contas Estrat\u00e9gicas da Optimum.<\/p>\n\n\n\n<h2 class=\"wp-block-heading\"><strong>Pe\u00e7a j\u00e1 o seu cart\u00e3o de acesso:<\/strong><\/h2>\n\n\n\n<p><a href=\"https:\/\/rencontres.flotauto.com\/espace-visiteur\/connectez-vous.htm\"><strong>https:\/\/rencontres.flotauto.com\/espace-visiteur\/connectez-vous.htm<\/strong><\/a><\/p>\n\n\n\n<p><\/p>","protected":false},"excerpt":{"rendered":"<p>FLOTAUTO 2024 - PARIS<\/p>","protected":false},"author":4,"featured_media":5555,"comment_status":"closed","ping_status":"open","sticky":false,"template":"","format":"standard","meta":{"_coblocks_attr":"","_coblocks_dimensions":"","_coblocks_responsive_height":"","_coblocks_accordion_ie_support":"","_uag_custom_page_level_css":"","footnotes":""},"categories":[4],"tags":[],"class_list":["post-5470","post","type-post","status-publish","format-standard","has-post-thumbnail","hentry","category-actualites"],"uagb_featured_image_src":{"full":["https:\/\/bu.optimum-automotive.com\/wp-content\/uploads\/2025\/01\/flotauto.png",3525,1842,false],"thumbnail":["https:\/\/bu.optimum-automotive.com\/wp-content\/uploads\/2025\/01\/flotauto-150x150.png",150,150,true],"medium":["https:\/\/bu.optimum-automotive.com\/wp-content\/uploads\/2025\/01\/flotauto-300x157.png",300,157,true],"medium_large":["https:\/\/bu.optimum-automotive.com\/wp-content\/uploads\/2025\/01\/flotauto-768x401.png",768,401,true],"large":["https:\/\/bu.optimum-automotive.com\/wp-content\/uploads\/2025\/01\/flotauto-1024x535.png",1024,535,true],"1536x1536":["https:\/\/bu.optimum-automotive.com\/wp-content\/uploads\/2025\/01\/flotauto-1536x803.png",1536,803,true],"2048x2048":["https:\/\/bu.optimum-automotive.com\/wp-content\/uploads\/2025\/01\/flotauto-2048x1070.png",2048,1070,true],"trp-custom-language-flag":["https:\/\/bu.optimum-automotive.com\/wp-content\/uploads\/2025\/01\/flotauto-18x9.png",18,9,true]},"uagb_author_info":{"display_name":"m.rochard@optimum-automotive.com","author_link":"https:\/\/bu.optimum-automotive.com\/pt\/author\/m-rochardoptimum-automotive-com\/"},"uagb_comment_info":0,"uagb_excerpt":"FLOTAUTO 2024 - PARIS","_links":{"self":[{"href":"https:\/\/bu.optimum-automotive.com\/pt\/wp-json\/wp\/v2\/posts\/5470","targetHints":{"allow":["GET"]}}],"collection":[{"href":"https:\/\/bu.optimum-automotive.com\/pt\/wp-json\/wp\/v2\/posts"}],"about":[{"href":"https:\/\/bu.optimum-automotive.com\/pt\/wp-json\/wp\/v2\/types\/post"}],"author":[{"embeddable":true,"href":"https:\/\/bu.optimum-automotive.com\/pt\/wp-json\/wp\/v2\/users\/4"}],"replies":[{"embeddable":true,"href":"https:\/\/bu.optimum-automotive.com\/pt\/wp-json\/wp\/v2\/comments?post=5470"}],"version-history":[{"count":12,"href":"https:\/\/bu.optimum-automotive.com\/pt\/wp-json\/wp\/v2\/posts\/5470\/revisions"}],"predecessor-version":[{"id":5499,"href":"https:\/\/bu.optimum-automotive.com\/pt\/wp-json\/wp\/v2\/posts\/5470\/revisions\/5499"}],"wp:featuredmedia":[{"embeddable":true,"href":"https:\/\/bu.optimum-automotive.com\/pt\/wp-json\/wp\/v2\/media\/5555"}],"wp:attachment":[{"href":"https:\/\/bu.optimum-automotive.com\/pt\/wp-json\/wp\/v2\/media?parent=5470"}],"wp:term":[{"taxonomy":"category","embeddable":true,"href":"https:\/\/bu.optimum-automotive.com\/pt\/wp-json\/wp\/v2\/categories?post=5470"},{"taxonomy":"post_tag","embeddable":true,"href":"https:\/\/bu.optimum-automotive.com\/pt\/wp-json\/wp\/v2\/tags?post=5470"}],"curies":[{"name":"wp","href":"https:\/\/api.w.org\/{rel}","templated":true}]}}