{"id":5528,"date":"2025-01-29T16:01:31","date_gmt":"2025-01-29T15:01:31","guid":{"rendered":"https:\/\/www.optimum-automotive.com\/?p=5528"},"modified":"2025-02-17T15:29:18","modified_gmt":"2025-02-17T14:29:18","slug":"partenariat-optimum-relyens-sassocient","status":"publish","type":"post","link":"https:\/\/bu.optimum-automotive.com\/pt\/parceria-optimum-relyens\/","title":{"rendered":"PARCERIA - Optimum e Relyens unem for\u00e7as!"},"content":{"rendered":"<div class=\"wp-block-uagb-image uagb-block-5292a3c7 wp-block-uagb-image--layout-default wp-block-uagb-image--effect-static wp-block-uagb-image--align-none\"><figure class=\"wp-block-uagb-image__figure\"><img decoding=\"async\" srcset=\"https:\/\/bu.optimum-automotive.com\/wp-content\/uploads\/2025\/01\/vignette-site-oa-partenariat-1.png ,https:\/\/bu.optimum-automotive.com\/wp-content\/uploads\/2025\/01\/vignette-site-oa-partenariat-1.png 780w, https:\/\/bu.optimum-automotive.com\/wp-content\/uploads\/2025\/01\/vignette-site-oa-partenariat-1.png 360w\" sizes=\"auto, (max-width: 480px) 150px\" src=\"https:\/\/bu.optimum-automotive.com\/wp-content\/uploads\/2025\/01\/vignette-site-oa-partenariat-1.png\" alt=\"\" class=\"uag-image-5547\" width=\"900\" height=\"421\" title=\"vinheta-s\u00edtio-oa-partenariado\" loading=\"lazy\" role=\"img\"\/><\/figure><\/div>\n\n\n\n<p>Comunicado de imprensa | 29 de janeiro de 2025<\/p>\n\n\n\n<h2 class=\"wp-block-heading\"><strong>A RELYENS integra a solu\u00e7\u00e3o OPTIMUM para a preven\u00e7\u00e3o dos riscos autom\u00f3veis.<\/strong><\/h2>\n\n\n\n<p><strong>Os estabelecimentos de sa\u00fade p\u00fablica disp\u00f5em de frotas de ve\u00edculos indispens\u00e1veis \u00e0 continuidade dos cuidados e dos servi\u00e7os. Embora estes ve\u00edculos sejam essenciais para as equipas de cuidados, o transporte de pacientes e a log\u00edstica di\u00e1ria, tamb\u00e9m apresentam grandes desafios em termos de seguran\u00e7a, gest\u00e3o de riscos e controlo de custos. Para responder a estes desafios espec\u00edficos, a Relyens integrou a tecnologia OPTIMUM na sua oferta para fornecer uma solu\u00e7\u00e3o de seguro e preven\u00e7\u00e3o personalizada a 120 estabelecimentos de sa\u00fade p\u00fablica.<\/strong><\/p>\n\n\n\n<p>Recorrendo \u00e0 tecnologia nativa dos ve\u00edculos, esta solu\u00e7\u00e3o desenvolvida pela OPTIMUM ir\u00e1 recolher dados sobre o comportamento de condu\u00e7\u00e3o, como a acelera\u00e7\u00e3o, a travagem e a velocidade em curva. Esta informa\u00e7\u00e3o pode ser utilizada para apoiar os condutores na preven\u00e7\u00e3o dos riscos de condu\u00e7\u00e3o, na redu\u00e7\u00e3o dos acidentes e na promo\u00e7\u00e3o de uma mobilidade mais sustent\u00e1vel. Para os estabelecimentos de sa\u00fade p\u00fablica envolvidos, os benef\u00edcios s\u00e3o tang\u00edveis: maior seguran\u00e7a para os condutores, redu\u00e7\u00e3o dos sinistros e dos custos a m\u00e9dio prazo, bem como economias financeiras substanciais e uma redu\u00e7\u00e3o do impacto ambiental a longo prazo.<\/p>\n\n\n\n<h2 class=\"wp-block-heading\"><strong>Uma solu\u00e7\u00e3o conectada que incentiva uma condu\u00e7\u00e3o respons\u00e1vel e sustent\u00e1vel<\/strong><\/h2>\n\n\n\n<p>As caixas instaladas nos ve\u00edculos mais recentes da frota recolhem dados sobre o comportamento de condu\u00e7\u00e3o: acelera\u00e7\u00f5es bruscas, travagens bruscas, velocidade nas curvas, dist\u00e2ncias percorridas, <em>etc<\/em>. Estes dados fornecem informa\u00e7\u00f5es essenciais para melhorar as pr\u00e1ticas de condu\u00e7\u00e3o. Para al\u00e9m da recolha de dados, uma plataforma em linha de pontua\u00e7\u00e3o da eco-condu\u00e7\u00e3o, acess\u00edvel em cada local, permite n\u00e3o s\u00f3 avaliar o comportamento de condu\u00e7\u00e3o, mas tamb\u00e9m incentivar mudan\u00e7as positivas ao longo do tempo, contribuindo assim para a redu\u00e7\u00e3o dos acidentes, do consumo de combust\u00edvel e das emiss\u00f5es de CO2.<\/p>\n\n\n\n<h2 class=\"wp-block-heading\"><strong>Apoio personalizado para resultados duradouros<\/strong><\/h2>\n\n\n\n<p>Os dados recolhidos permitem ao Relyens oferecer um apoio personalizado aos estabelecimentos de sa\u00fade p\u00fablica: podem ser emitidas recomenda\u00e7\u00f5es espec\u00edficas para melhorar a gest\u00e3o global da sua frota, identificando as principais alavancas de a\u00e7\u00e3o e os meios para as implementar. Esta solu\u00e7\u00e3o n\u00e3o se limita \u00e0 preven\u00e7\u00e3o, mas \u00e9 acompanhada de um sistema de incentivos destinado a encorajar a melhoria cont\u00ednua. Um b\u00f3nus de fim de ano pode ser atribu\u00eddo com base numa pontua\u00e7\u00e3o elevada ou numa tend\u00eancia positiva da pontua\u00e7\u00e3o, combinada com uma taxa de acidentes controlada em toda a frota.<\/p>\n\n\n\n<p><\/p>\n\n\n\n<h2 class=\"wp-block-heading\"><mark style=\"background-color:rgba(0, 0, 0, 0)\" class=\"has-inline-color has-blue-color\">Uma palavra da Relyens e da Optimum<\/mark><\/h2>\n\n\n\n<p><\/p>\n\n\n\n<blockquote class=\"wp-block-quote is-layout-flow wp-block-quote-is-layout-flow\">\n<blockquote class=\"wp-block-quote is-layout-flow wp-block-quote-is-layout-flow\">\n<blockquote class=\"wp-block-quote is-layout-flow wp-block-quote-is-layout-flow\">\n<p>\"\u00a0<em>Esta iniciativa inscreve-se perfeitamente na nossa miss\u00e3o de acompanhar os nossos clientes dos estabelecimentos de sa\u00fade na gest\u00e3o e preven\u00e7\u00e3o dos riscos autom\u00f3veis. Ao associarmo-nos \u00e0 OPTIMUM, colocamos \u00e0 disposi\u00e7\u00e3o dos nossos clientes uma solu\u00e7\u00e3o tecnol\u00f3gica inovadora e eficaz, refor\u00e7ando o nosso compromisso com uma mobilidade mais sustent\u00e1vel. At\u00e9 \u00e0 data, 42 estabelecimentos de sa\u00fade j\u00e1 beneficiaram deste sistema, representando cerca de 500 ve\u00edculos. Esta colabora\u00e7\u00e3o, inicialmente concebida para responder \u00e0s necessidades espec\u00edficas de um contrato de grupo, abre tamb\u00e9m caminho a uma futura expans\u00e3o, estando atualmente a ser estudados casos de utiliza\u00e7\u00e3o para tornar esta solu\u00e7\u00e3o acess\u00edvel a um p\u00fablico mais vasto.<\/em>\u00a0\" - <strong>Dominique GODET, Diretor-Geral da Relyens<\/strong><\/p>\n\n\n\n<p>\"\u00a0<em>Na Optimum, a nossa atividade principal \u00e9 dar significado aos dados. Recolhemos e analisamos dados m\u00f3veis para os transformar em ferramentas pr\u00e1ticas que podem ajudar os nossos parceiros a enfrentar os desafios do seu dia a dia. Com a Relyens, coloc\u00e1mos esta experi\u00eancia ao servi\u00e7o de um modelo de seguro inovador. A an\u00e1lise detalhada do comportamento de condu\u00e7\u00e3o (como a acelera\u00e7\u00e3o ou a travagem) n\u00e3o s\u00f3 nos d\u00e1 uma melhor compreens\u00e3o dos riscos envolvidos, mas, acima de tudo, permite-nos agir sobre eles. Estes dados abrem caminho a uma preven\u00e7\u00e3o mais direcionada, a uma maior seguran\u00e7a para os condutores e a resultados tang\u00edveis: menos sinistros, economias de custos e uma mobilidade mais sustent\u00e1vel. Com este valor acrescentado, a nossa atividade adquire todo o seu significado. <\/em>&#8211; <strong>Lilia MARINER, Diretora de Gest\u00e3o de Parceiros de Canal da Optimum<\/strong><br><br><\/p>\n\n\n\n<p><\/p>\n<\/blockquote>\n<\/blockquote>\n<\/blockquote>\n\n\n\n<p><\/p>","protected":false},"excerpt":{"rendered":"<p>Comunicado de imprensa | 29 de janeiro de 2025 A RELYENS integra a solu\u00e7\u00e3o OPTIMUM para a preven\u00e7\u00e3o do risco autom\u00f3vel. Os estabelecimentos de sa\u00fade p\u00fablica disp\u00f5em de frotas de ve\u00edculos indispens\u00e1veis \u00e0 continuidade dos cuidados e dos servi\u00e7os. Se estes ve\u00edculos s\u00e3o essenciais para as equipas de cuidados, o transporte de doentes e a log\u00edstica do dia a dia, s\u00e3o tamb\u00e9m [...]<\/p>","protected":false},"author":4,"featured_media":5554,"comment_status":"closed","ping_status":"closed","sticky":false,"template":"","format":"standard","meta":{"_coblocks_attr":"","_coblocks_dimensions":"","_coblocks_responsive_height":"","_coblocks_accordion_ie_support":"","_uag_custom_page_level_css":"","footnotes":""},"categories":[4],"tags":[34],"class_list":["post-5528","post","type-post","status-publish","format-standard","has-post-thumbnail","hentry","category-actualites","tag-presse"],"uagb_featured_image_src":{"full":["https:\/\/bu.optimum-automotive.com\/wp-content\/uploads\/2025\/01\/imm.png",1024,536,false],"thumbnail":["https:\/\/bu.optimum-automotive.com\/wp-content\/uploads\/2025\/01\/imm-150x150.png",150,150,true],"medium":["https:\/\/bu.optimum-automotive.com\/wp-content\/uploads\/2025\/01\/imm-300x157.png",300,157,true],"medium_large":["https:\/\/bu.optimum-automotive.com\/wp-content\/uploads\/2025\/01\/imm-768x402.png",768,402,true],"large":["https:\/\/bu.optimum-automotive.com\/wp-content\/uploads\/2025\/01\/imm.png",1024,536,false],"1536x1536":["https:\/\/bu.optimum-automotive.com\/wp-content\/uploads\/2025\/01\/imm.png",1024,536,false],"2048x2048":["https:\/\/bu.optimum-automotive.com\/wp-content\/uploads\/2025\/01\/imm.png",1024,536,false],"trp-custom-language-flag":["https:\/\/bu.optimum-automotive.com\/wp-content\/uploads\/2025\/01\/imm-18x9.png",18,9,true]},"uagb_author_info":{"display_name":"m.rochard@optimum-automotive.com","author_link":"https:\/\/bu.optimum-automotive.com\/pt\/author\/m-rochardoptimum-automotive-com\/"},"uagb_comment_info":0,"uagb_excerpt":"Communiqu\u00e9 de presse | 29 janvier 2025 RELYENS int\u00e8gre la solution OPTIMUM pour la pr\u00e9vention des risques automobiles. Les \u00e9tablissements publics de sant\u00e9 disposent de flottes automobiles essentielles \u00e0 la continuit\u00e9 des soins et des services. Si ces v\u00e9hicules sont indispensables aux \u00e9quipes soignantes, au transport des patients ou encore \u00e0 la logistique quotidienne, ils&hellip;","_links":{"self":[{"href":"https:\/\/bu.optimum-automotive.com\/pt\/wp-json\/wp\/v2\/posts\/5528","targetHints":{"allow":["GET"]}}],"collection":[{"href":"https:\/\/bu.optimum-automotive.com\/pt\/wp-json\/wp\/v2\/posts"}],"about":[{"href":"https:\/\/bu.optimum-automotive.com\/pt\/wp-json\/wp\/v2\/types\/post"}],"author":[{"embeddable":true,"href":"https:\/\/bu.optimum-automotive.com\/pt\/wp-json\/wp\/v2\/users\/4"}],"replies":[{"embeddable":true,"href":"https:\/\/bu.optimum-automotive.com\/pt\/wp-json\/wp\/v2\/comments?post=5528"}],"version-history":[{"count":18,"href":"https:\/\/bu.optimum-automotive.com\/pt\/wp-json\/wp\/v2\/posts\/5528\/revisions"}],"predecessor-version":[{"id":5556,"href":"https:\/\/bu.optimum-automotive.com\/pt\/wp-json\/wp\/v2\/posts\/5528\/revisions\/5556"}],"wp:featuredmedia":[{"embeddable":true,"href":"https:\/\/bu.optimum-automotive.com\/pt\/wp-json\/wp\/v2\/media\/5554"}],"wp:attachment":[{"href":"https:\/\/bu.optimum-automotive.com\/pt\/wp-json\/wp\/v2\/media?parent=5528"}],"wp:term":[{"taxonomy":"category","embeddable":true,"href":"https:\/\/bu.optimum-automotive.com\/pt\/wp-json\/wp\/v2\/categories?post=5528"},{"taxonomy":"post_tag","embeddable":true,"href":"https:\/\/bu.optimum-automotive.com\/pt\/wp-json\/wp\/v2\/tags?post=5528"}],"curies":[{"name":"wp","href":"https:\/\/api.w.org\/{rel}","templated":true}]}}